{"id":36067,"date":"2025-07-15T08:54:30","date_gmt":"2025-07-15T12:54:30","guid":{"rendered":"https:\/\/noticiasveraces.com\/?p=36067"},"modified":"2025-07-15T08:54:30","modified_gmt":"2025-07-15T12:54:30","slug":"zelenskyy-golpea-a-svyrydenko-para-dirigir-el-gobierno-de-ucrania-en-medio-de-la-guerra-con-rusia","status":"publish","type":"post","link":"https:\/\/noticiasveraces.com\/?p=36067","title":{"rendered":"Zelenskyy golpea a Svyrydenko para dirigir el gobierno de Ucrania en medio de la guerra con Rusia"},"content":{"rendered":"<p> \n<\/p>\n<div>\n<div id=\"beyondwords-wrapper\" class=\"beyondwords-wrapper\">\n<p><span class=\"label-bg\">NUEVO<\/span>\u00a1Ahora puedes escuchar art\u00edculos de Fox News!\n  <\/p>\n<\/div>\n<p class=\"speakable\">El presidente ucraniano, Volodymyr Zelenskyy, reorganiza el gobierno a medida que la guerra de su pa\u00eds con Rusia se desataba m\u00e1s de tres a\u00f1os despu\u00e9s de que comenz\u00f3. <\/p>\n<p class=\"speakable\">El primer viceprimer ministro y ministra econ\u00f3mica, Yulia Svyrydenko, ha sido aprovechada para dirigir al pr\u00f3ximo gobierno como primer ministro. Mientras tanto, el actual primer ministro Denys Shmyhal se desempe\u00f1ar\u00e1 como el pr\u00f3ximo ministro de Defensa del pa\u00eds.<\/p>\n<div class=\"image-ct inline\">\n<div class=\"m\"><picture><source media=\"(max-width: 767px)\" srcset=\"https:\/\/a57.foxnews.com\/static.foxnews.com\/foxnews.com\/content\/uploads\/2025\/07\/343\/192\/zelenskyy-svyrydenko.jpg?ve=1&amp;tl=1, https:\/\/a57.foxnews.com\/static.foxnews.com\/foxnews.com\/content\/uploads\/2025\/07\/686\/384\/zelenskyy-svyrydenko.jpg?ve=1&amp;tl=1 2x\" height=\"192\" width=\"343\"><source media=\"(min-width: 768px) and (max-width: 1023px)\" srcset=\"https:\/\/a57.foxnews.com\/static.foxnews.com\/foxnews.com\/content\/uploads\/2025\/07\/672\/378\/zelenskyy-svyrydenko.jpg?ve=1&amp;tl=1, https:\/\/a57.foxnews.com\/static.foxnews.com\/foxnews.com\/content\/uploads\/2025\/07\/1344\/756\/zelenskyy-svyrydenko.jpg?ve=1&amp;tl=1 2x\" height=\"378\" width=\"672\"><source media=\"(min-width: 1024px) and (max-width: 1279px)\" srcset=\"https:\/\/a57.foxnews.com\/static.foxnews.com\/foxnews.com\/content\/uploads\/2025\/07\/931\/523\/zelenskyy-svyrydenko.jpg?ve=1&amp;tl=1, https:\/\/a57.foxnews.com\/static.foxnews.com\/foxnews.com\/content\/uploads\/2025\/07\/1862\/1046\/zelenskyy-svyrydenko.jpg?ve=1&amp;tl=1 2x\" height=\"523\" width=\"931\"><source media=\"(min-width: 1280px)\" srcset=\"https:\/\/a57.foxnews.com\/static.foxnews.com\/foxnews.com\/content\/uploads\/2025\/07\/720\/405\/zelenskyy-svyrydenko.jpg?ve=1&amp;tl=1, https:\/\/a57.foxnews.com\/static.foxnews.com\/foxnews.com\/content\/uploads\/2025\/07\/1440\/810\/zelenskyy-svyrydenko.jpg?ve=1&amp;tl=1 2x\" height=\"405\" width=\"720\"><img loading=\"lazy\" decoding=\"async\" src=\"https:\/\/a57.foxnews.com\/static.foxnews.com\/foxnews.com\/content\/uploads\/2025\/07\/1200\/675\/zelenskyy-svyrydenko.jpg?ve=1&amp;tl=1\" alt=\"Zelenskyy y Svyrydenko\" width=\"1200\" height=\"675\"\/><\/source><\/source><\/source><\/source><\/picture><\/div>\n<div class=\"info\">\n<div class=\"caption\">\n<p><span>Presidente de la Confederaci\u00f3n Suiza Viola Amherd con Beat Jans, Ministro suizo de Justicia y Volodymyr Zelenskyy, presidente ucraniano Volodymyr Zelenskiy con Yulia Svyrydenko, primer viceprimer ministro de Ucrania y sus respectivas delegaciones, mantienen conversaciones bilaterales, el lunes 15 de enero, 2024 en Kehrsatz, cerca de Bernzerland.<\/span> <span>(Keystone\/Alessandro Della Valle\/Pool a trav\u00e9s de Reuters)<\/span><\/p>\n<\/div>\n<\/div>\n<\/div>\n<p><strong>Trump pone su &#8216;pulgar en la escala&#8217; para poner fin a la guerra en Ucrania<\/strong><\/p>\n<p>Zelenskyy nombr\u00f3 a Svyrydenko como su elecci\u00f3n para el Primer Ministro en un puesto en X que dec\u00eda que los dos se reunieron para discutir objetivos para el pa\u00eds.<\/p>\n<p>\u00abTambi\u00e9n discutimos las medidas concretas para impulsar el potencial econ\u00f3mico de Ucrania, ampliar los programas de apoyo para los ucranianos y ampliar nuestra producci\u00f3n de armas nacionales. En la b\u00fasqueda de este objetivo, estamos iniciando una transformaci\u00f3n de la rama ejecutiva en Ucrania. He propuesto que Yuliia Svyrydenko lidera el gobierno de Ukraine y renov\u00e9 significativamente su trabajo. Busco la presentaci\u00f3n de la presentaci\u00f3n del plan de acci\u00f3n de New Government en el New Government. los lunes.<\/p>\n<p>Svyrydenko agradeci\u00f3 a Zelenskyy en su propia publicaci\u00f3n sobre X, y present\u00f3 las \u00abtareas prioritarias\u00bb definidas por el presidente, incluido el fortalecimiento de la econom\u00eda, el aumento de la producci\u00f3n de armas nacionales y la expansi\u00f3n de los programas de apoyo gubernamental.<\/p>\n<p>\u00abEstas tareas se pueden lograr a trav\u00e9s de la desregulaci\u00f3n tangible, la eliminaci\u00f3n de los obst\u00e1culos burocr\u00e1ticos, la reducci\u00f3n de los gastos estatales no cr\u00edticos y la duplicaci\u00f3n de funciones dentro de las instituciones estatales, la protecci\u00f3n del emprendimiento y la concentraci\u00f3n completa de recursos estatales para la defensa de Ukraine y la recuperaci\u00f3n despu\u00e9s de las hostilidades\u00bb, escribi\u00f3 Spydenko.<\/p>\n<div class=\"image-ct inline\">\n<div class=\"m\"><picture><source media=\"(max-width: 767px)\" srcset=\"https:\/\/a57.foxnews.com\/static.foxnews.com\/foxnews.com\/content\/uploads\/2025\/07\/343\/192\/yuliia-svyrydenko.jpg?ve=1&amp;tl=1, https:\/\/a57.foxnews.com\/static.foxnews.com\/foxnews.com\/content\/uploads\/2025\/07\/686\/384\/yuliia-svyrydenko.jpg?ve=1&amp;tl=1 2x\" height=\"192\" width=\"343\"><source media=\"(min-width: 768px) and (max-width: 1023px)\" srcset=\"https:\/\/a57.foxnews.com\/static.foxnews.com\/foxnews.com\/content\/uploads\/2025\/07\/672\/378\/yuliia-svyrydenko.jpg?ve=1&amp;tl=1, https:\/\/a57.foxnews.com\/static.foxnews.com\/foxnews.com\/content\/uploads\/2025\/07\/1344\/756\/yuliia-svyrydenko.jpg?ve=1&amp;tl=1 2x\" height=\"378\" width=\"672\"><source media=\"(min-width: 1024px) and (max-width: 1279px)\" srcset=\"https:\/\/a57.foxnews.com\/static.foxnews.com\/foxnews.com\/content\/uploads\/2025\/07\/931\/523\/yuliia-svyrydenko.jpg?ve=1&amp;tl=1, https:\/\/a57.foxnews.com\/static.foxnews.com\/foxnews.com\/content\/uploads\/2025\/07\/1862\/1046\/yuliia-svyrydenko.jpg?ve=1&amp;tl=1 2x\" height=\"523\" width=\"931\"><source media=\"(min-width: 1280px)\" srcset=\"https:\/\/a57.foxnews.com\/static.foxnews.com\/foxnews.com\/content\/uploads\/2025\/07\/720\/405\/yuliia-svyrydenko.jpg?ve=1&amp;tl=1, https:\/\/a57.foxnews.com\/static.foxnews.com\/foxnews.com\/content\/uploads\/2025\/07\/1440\/810\/yuliia-svyrydenko.jpg?ve=1&amp;tl=1 2x\" height=\"405\" width=\"720\"><img loading=\"lazy\" decoding=\"async\" src=\"https:\/\/a57.foxnews.com\/static.foxnews.com\/foxnews.com\/content\/uploads\/2025\/07\/1200\/675\/yuliia-svyrydenko.jpg?ve=1&amp;tl=1\" alt=\"Yulia Svyrydenko\" width=\"1200\" height=\"675\"\/><\/source><\/source><\/source><\/source><\/picture><\/div>\n<div class=\"info\">\n<div class=\"caption\">\n<p><span>Yulia Svyrydenko, ministra de desarrollo econ\u00f3mico y comercio de Ucrania, asiste a una conferencia de prensa el d\u00eda de una reuni\u00f3n de ministros de comercio de la UE en Estocolmo el 10 de marzo de 2023. <\/span> <span>(Agencia de noticias Caisa Rasmussen\/TT\/Via Reuters)<\/span><\/p>\n<\/div>\n<\/div>\n<\/div>\n<p><strong>El embajador de los Estados Unidos ucraniano, visto con la cabeza en las manos durante la reuni\u00f3n de la Oficina Oval, est\u00e1 partiendo DC<\/strong><\/p>\n<p>En Ucrania, el presidente nomina al primer ministro del pa\u00eds, pero el nombramiento debe ser aprobado por Verkhovna Rada, el parlamento del pa\u00eds, para convertirse en oficial.<\/p>\n<p>El martes, Zelenskyy dijo que celebr\u00f3 una reuni\u00f3n con Svyrydenko y el vicepresidente del primer ministro de Innovaciones, Desarrollo de Educaci\u00f3n, Ciencia y Tecnolog\u00edas Mykhailo Fedorov para discutir \u00abprioridades clave\u00bb para el pr\u00f3ximo gobierno. Estos incluyen lo que estableci\u00f3 para Svyrydenko, as\u00ed como \u00abcontraer completamente los vol\u00famenes requeridos de todo tipo de drones\u00bb las fuerzas ucranianas necesitan.<\/p>\n<div class=\"image-ct inline\">\n<div class=\"m\"><picture><source media=\"(max-width: 767px)\" srcset=\"https:\/\/a57.foxnews.com\/static.foxnews.com\/foxnews.com\/content\/uploads\/2025\/06\/343\/192\/ukraine.png?ve=1&amp;tl=1, https:\/\/a57.foxnews.com\/static.foxnews.com\/foxnews.com\/content\/uploads\/2025\/06\/686\/384\/ukraine.png?ve=1&amp;tl=1 2x\" height=\"192\" width=\"343\"><source media=\"(min-width: 768px) and (max-width: 1023px)\" srcset=\"https:\/\/a57.foxnews.com\/static.foxnews.com\/foxnews.com\/content\/uploads\/2025\/06\/672\/378\/ukraine.png?ve=1&amp;tl=1, https:\/\/a57.foxnews.com\/static.foxnews.com\/foxnews.com\/content\/uploads\/2025\/06\/1344\/756\/ukraine.png?ve=1&amp;tl=1 2x\" height=\"378\" width=\"672\"><source media=\"(min-width: 1024px) and (max-width: 1279px)\" srcset=\"https:\/\/a57.foxnews.com\/static.foxnews.com\/foxnews.com\/content\/uploads\/2025\/06\/931\/523\/ukraine.png?ve=1&amp;tl=1, https:\/\/a57.foxnews.com\/static.foxnews.com\/foxnews.com\/content\/uploads\/2025\/06\/1862\/1046\/ukraine.png?ve=1&amp;tl=1 2x\" height=\"523\" width=\"931\"><source media=\"(min-width: 1280px)\" srcset=\"https:\/\/a57.foxnews.com\/static.foxnews.com\/foxnews.com\/content\/uploads\/2025\/06\/720\/405\/ukraine.png?ve=1&amp;tl=1, https:\/\/a57.foxnews.com\/static.foxnews.com\/foxnews.com\/content\/uploads\/2025\/06\/1440\/810\/ukraine.png?ve=1&amp;tl=1 2x\" height=\"405\" width=\"720\"><img loading=\"lazy\" decoding=\"async\" src=\"https:\/\/a57.foxnews.com\/static.foxnews.com\/foxnews.com\/content\/uploads\/2025\/06\/1200\/675\/ukraine.png?ve=1&amp;tl=1\" alt=\"Ucrania\" width=\"1200\" height=\"675\"\/><\/source><\/source><\/source><\/source><\/picture><\/div>\n<div class=\"info\">\n<div class=\"caption\">\n<p><span>Los soldados del 30\u00ba Pr\u00edncipe Konstanty Ostrogski Brigada mecanizada dispararon un misil de un lanzador de cohetes m\u00faltiples graduado BM-21 en las posiciones de las tropas rusas en direcci\u00f3n Donetsk, Ucrania, el 3 de junio de 2025.<\/span> <span>(Ucrinform\/Nurphoto a trav\u00e9s de Getty Images)<\/span><\/p>\n<\/div>\n<\/div>\n<\/div>\n<p><strong><u>Haga clic aqu\u00ed para obtener la aplicaci\u00f3n Fox News<\/u><\/strong><\/p>\n<p>El primer ministro saliente, Shmyhal, quien ha servido en el papel desde 2020, reemplazar\u00e1 al actual ministro de Defensa ucraniano, Rustem Umerov, a quien Zelenskyy sugiri\u00f3 que se convertir\u00eda en el pr\u00f3ximo embajador del pa\u00eds en los Estados Unidos, seg\u00fan Reuters.<\/p>\n<p>Zelenskyy elogi\u00f3 a Shmyhal, el jefe de gobierno m\u00e1s antiguo del pa\u00eds desde que gan\u00f3 independencia en 1991, por su \u00abvasta experiencia\u00bb, seg\u00fan los informes.<\/p>\n<p>El presidente Donald Trump confirm\u00f3 el lunes que Estados Unidos acord\u00f3 vender armas a la OTAN que se \u00abdistribuir\u00eda r\u00e1pidamente\u00bb a Ucrania. El secretario general de la OTAN, Mark Rutte, dijo que Trump lo llam\u00f3 el jueves para confirmar que quer\u00eda ser parte del acuerdo.<\/p>\n<p> <!----> <\/p>\n<div class=\"article-meta\">\n<div class=\"author-bio\">\n<p>Rachel Wolf es una escritora de noticias de Fox News Digital y Fox Business.<\/p>\n<\/div>\n<\/div>\n<\/div>\n\n","protected":false},"excerpt":{"rendered":"<p>NUEVO\u00a1Ahora puedes escuchar art\u00edculos de Fox News! El presidente ucraniano, Volodymyr Zelenskyy, reorganiza el gobierno a medida que la guerra de su pa\u00eds con Rusia se desataba m\u00e1s de tres a\u00f1os despu\u00e9s de que comenz\u00f3. El primer viceprimer ministro y ministra econ\u00f3mica, Yulia Svyrydenko, ha sido aprovechada para dirigir al pr\u00f3ximo gobierno como primer ministro. &hellip;<\/p>\n","protected":false},"author":1,"featured_media":36069,"comment_status":"open","ping_status":"open","sticky":false,"template":"","format":"standard","meta":{"fifu_image_url":"https:\/\/static.foxnews.com\/foxnews.com\/content\/uploads\/2024\/05\/Zelenskyy.png","fifu_image_alt":"","footnotes":""},"categories":[13],"tags":[],"class_list":["post-36067","post","type-post","status-publish","format-standard","has-post-thumbnail","","category-mundo"],"_links":{"self":[{"href":"https:\/\/noticiasveraces.com\/index.php?rest_route=\/wp\/v2\/posts\/36067","targetHints":{"allow":["GET"]}}],"collection":[{"href":"https:\/\/noticiasveraces.com\/index.php?rest_route=\/wp\/v2\/posts"}],"about":[{"href":"https:\/\/noticiasveraces.com\/index.php?rest_route=\/wp\/v2\/types\/post"}],"author":[{"embeddable":true,"href":"https:\/\/noticiasveraces.com\/index.php?rest_route=\/wp\/v2\/users\/1"}],"replies":[{"embeddable":true,"href":"https:\/\/noticiasveraces.com\/index.php?rest_route=%2Fwp%2Fv2%2Fcomments&post=36067"}],"version-history":[{"count":0,"href":"https:\/\/noticiasveraces.com\/index.php?rest_route=\/wp\/v2\/posts\/36067\/revisions"}],"wp:featuredmedia":[{"embeddable":true,"href":"https:\/\/noticiasveraces.com\/index.php?rest_route=\/wp\/v2\/media\/36069"}],"wp:attachment":[{"href":"https:\/\/noticiasveraces.com\/index.php?rest_route=%2Fwp%2Fv2%2Fmedia&parent=36067"}],"wp:term":[{"taxonomy":"category","embeddable":true,"href":"https:\/\/noticiasveraces.com\/index.php?rest_route=%2Fwp%2Fv2%2Fcategories&post=36067"},{"taxonomy":"post_tag","embeddable":true,"href":"https:\/\/noticiasveraces.com\/index.php?rest_route=%2Fwp%2Fv2%2Ftags&post=36067"}],"curies":[{"name":"wp","href":"https:\/\/api.w.org\/{rel}","templated":true}]}}