{"id":36026,"date":"2025-07-15T04:45:15","date_gmt":"2025-07-15T08:45:15","guid":{"rendered":"https:\/\/noticiasveraces.com\/?p=36026"},"modified":"2025-07-15T04:45:15","modified_gmt":"2025-07-15T08:45:15","slug":"ue-insta-a-israel-a-implementar-acuerdo-de-ayuda-en-gaza-dw-15-07-2025","status":"publish","type":"post","link":"https:\/\/noticiasveraces.com\/?p=36026","title":{"rendered":"UE insta a Israel a implementar acuerdo de ayuda en Gaza \u2013 DW \u2013 15\/07\/2025"},"content":{"rendered":"<p> \n<\/p>\n<div>\n<p>\u00abLa situaci\u00f3n sobre el terreno en Gaza es realmente mala, catastr\u00f3fica y hasta que no veamos que mejora no ser\u00e1 suficiente\u00bb, afirm\u00f3 la alta representante de la Uni\u00f3n Europea para Asuntos Exteriores, Kaja Kallas, a su llegada al Consejo de Asuntos Exteriores de la Uni\u00f3n Europea (UE)\u00a0en el que se tratar\u00e1 la implementaci\u00f3n del acuerdo entre la UE e Israel sobre ayuda humanitaria.<\/p>\n<p>La ex primera ministra estonia reiter\u00f3 que la UE e Israel alcanzaron la semana pasada un acuerdo \u00abpara mejorar la situaci\u00f3n sobre el terreno, pero no se trata del papel, sino de su implementaci\u00f3n\u00bb, incidi\u00f3.<\/p>\n<h2>\u00abSe\u00f1ales positivas\u00bb<\/h2>\n<p>\u00abVemos se\u00f1ales positivas en la apertura de los cruces fronterizos. Vemos se\u00f1ales positivas en la reconstrucci\u00f3n de las l\u00edneas el\u00e9ctricas, el suministro de agua y la llegada de m\u00e1s camiones con ayuda humanitaria. Pero, por supuesto, necesitamos ver m\u00e1s para ver una mejora real para la poblaci\u00f3n sobre el terreno\u00bb, insisti\u00f3.<\/p>\n<p>Respecto a la posible adopci\u00f3n de sanciones contra Israel a ra\u00edz del informe que ella misma ha presentado a los Estados miembros, Kallas afirm\u00f3: \u00abNo puedo predecir c\u00f3mo ser\u00e1 el debate entre ministros, pero la \u00faltima vez el objetivo era mejorar la situaci\u00f3n de la poblaci\u00f3n de Gaza\u00bb.<\/p>\n<figure class=\"placeholder-image master_landscape right\"><img data-format=\"MASTER_LANDSCAPE\" data-id=\"73279633\" data-url=\"https:\/\/static.dw.com\/image\/73279633_${formatId}.jpg\" data-aspect-ratio=\"16\/9\" alt=\"Alta representante de la Uni\u00f3n Europea para Asuntos Exteriores, Kaja Kallas, ante micr\u00f3fonos de prensa en Bruselas, B\u00e9lgica.\" style=\"padding-bottom: 56.25%; height: 0; max-height: 0;\"\/><figcaption class=\"img-caption\">\u00abLa situaci\u00f3n sobre el terreno en Gaza es realmente mala, catastr\u00f3fica\u00bb, advierte la Alta representante de la Uni\u00f3n Europea para Asuntos Exteriores, Kaja Kallas.<small class=\"copyright\">Imagen: Geert Vanden Wijngaert\/AP Photo\/Picture Alliance<\/small><\/figcaption><\/figure>\n<p>Para la UE, \u00ablo principal ahora mismo, debido a la catastr\u00f3fica situaci\u00f3n, es mejorar la situaci\u00f3n sobre el terreno. Nos hemos centrado mucho en eso, en tener un entendimiento concreto con los israel\u00edes, y tambi\u00e9n vemos se\u00f1ales positivas del cumplimiento de ese entendimiento. Pero necesitamos ver m\u00e1s\u00bb, recalc\u00f3 Kallas.<\/p>\n<p><span data-slot-id=\"Article_InContent-1\" class=\"rich-text-ad\"\/><\/p>\n<h2>Opciones<\/h2>\n<p>\u00abHe presentado el documento de opciones a los Estados miembros, y les corresponde a ellos decidir qu\u00e9 quieren hacer\u00bb, indic\u00f3.<\/p>\n<p>Los ministros de los Veintisiete tienen previsto abordar junto a Kallas el acuerdo con Israel para que el pa\u00eds incremente la entrada de ayuda en la Franja, esencialmente abriendo m\u00e1s pasos fronterizos para que puedan ingresar m\u00e1s camiones cargados de alimentos y material.<\/p>\n<p>Los Gobiernos ven particularmente importante poder verificar que la ONU participa en la distribuci\u00f3n de la ayuda en lugar de la pol\u00e9mica Fundaci\u00f3n Humanitaria para Gaza, organizaci\u00f3n estadounidense creada con el respaldo de Israel que realiza esa tarea desde mayo, as\u00ed como la cuesti\u00f3n de las sanciones contra quienes hacen peligrar la soluci\u00f3n de dos Estados, en referencia principalmente a colonos israel\u00edes violentos y Ham\u00e1s, considerada una organizaci\u00f3n terrorista por la UE, seg\u00fan explicaron fuentes diplom\u00e1ticas.<\/p>\n<p>RML (EFE, DPA)<\/p>\n<\/p>\n<\/div>\n\n","protected":false},"excerpt":{"rendered":"<p>\u00abLa situaci\u00f3n sobre el terreno en Gaza es realmente mala, catastr\u00f3fica y hasta que no veamos que mejora no ser\u00e1 suficiente\u00bb, afirm\u00f3 la alta representante de la Uni\u00f3n Europea para Asuntos Exteriores, Kaja Kallas, a su llegada al Consejo de Asuntos Exteriores de la Uni\u00f3n Europea (UE)\u00a0en el que se tratar\u00e1 la implementaci\u00f3n del acuerdo &hellip;<\/p>\n","protected":false},"author":1,"featured_media":36027,"comment_status":"open","ping_status":"open","sticky":false,"template":"","format":"standard","meta":{"fifu_image_url":"https:\/\/static.dw.com\/image\/73136749_6.jpg","fifu_image_alt":"","footnotes":""},"categories":[13],"tags":[],"class_list":["post-36026","post","type-post","status-publish","format-standard","has-post-thumbnail","","category-mundo"],"_links":{"self":[{"href":"https:\/\/noticiasveraces.com\/index.php?rest_route=\/wp\/v2\/posts\/36026","targetHints":{"allow":["GET"]}}],"collection":[{"href":"https:\/\/noticiasveraces.com\/index.php?rest_route=\/wp\/v2\/posts"}],"about":[{"href":"https:\/\/noticiasveraces.com\/index.php?rest_route=\/wp\/v2\/types\/post"}],"author":[{"embeddable":true,"href":"https:\/\/noticiasveraces.com\/index.php?rest_route=\/wp\/v2\/users\/1"}],"replies":[{"embeddable":true,"href":"https:\/\/noticiasveraces.com\/index.php?rest_route=%2Fwp%2Fv2%2Fcomments&post=36026"}],"version-history":[{"count":0,"href":"https:\/\/noticiasveraces.com\/index.php?rest_route=\/wp\/v2\/posts\/36026\/revisions"}],"wp:featuredmedia":[{"embeddable":true,"href":"https:\/\/noticiasveraces.com\/index.php?rest_route=\/wp\/v2\/media\/36027"}],"wp:attachment":[{"href":"https:\/\/noticiasveraces.com\/index.php?rest_route=%2Fwp%2Fv2%2Fmedia&parent=36026"}],"wp:term":[{"taxonomy":"category","embeddable":true,"href":"https:\/\/noticiasveraces.com\/index.php?rest_route=%2Fwp%2Fv2%2Fcategories&post=36026"},{"taxonomy":"post_tag","embeddable":true,"href":"https:\/\/noticiasveraces.com\/index.php?rest_route=%2Fwp%2Fv2%2Ftags&post=36026"}],"curies":[{"name":"wp","href":"https:\/\/api.w.org\/{rel}","templated":true}]}}