{"id":35983,"date":"2025-07-14T20:36:25","date_gmt":"2025-07-15T00:36:25","guid":{"rendered":"https:\/\/noticiasveraces.com\/?p=35983"},"modified":"2025-07-14T20:36:25","modified_gmt":"2025-07-15T00:36:25","slug":"al-menos-48-muertos-en-ataque-de-paramilitares-en-sudan-dw-15-07-2025","status":"publish","type":"post","link":"https:\/\/noticiasveraces.com\/?p=35983","title":{"rendered":"Al menos 48 muertos en ataque de paramilitares en Sud\u00e1n \u2013 DW \u2013 15\/07\/2025"},"content":{"rendered":"<p> \n<\/p>\n<div>\n<p>Los paramilitares de las Fuerzas de Apoyo R\u00e1pido (FAR) mataron a 48 civiles durante un ataque contra un pueblo en el centro de Sud\u00e1n y dej\u00f3 al menos 37 personas heridas, anunci\u00f3 este lunes (14.07.2025) un colectivo de abogados sudaneses a favor de la democracia.<\/p>\n<p>Sud\u00e1n est\u00e1 inmerso desde abril de 2023 en una guerra que enfrenta a las fuerzas del jefe del ej\u00e9rcito, Abdel Fatah al Burhan, con las de su otrora adjunto Mohamed Hamdan Daglo, que lidera a las FAR, un grupo paramilitar.<\/p>\n<p>El conflicto ha dejado decenas de miles de muertos, obligado a 13 millones de sudaneses a abandonar sus hogares y creado una de las peores crisis de hambre del mundo.<\/p>\n<p>Combatientes paramilitares asaltaron el domingo el pueblo de Umm Garfa, en el estado de Kordof\u00e1n del Norte, donde tambi\u00e9n incendiaron viviendas y saquearon propiedades, seg\u00fan Emergency Lawyers, que documenta las violaciones de derechos humanos desde el comienzo de la guerra.<\/p>\n<p>Seg\u00fan una lista enviada a AFP por el colectivo, entre las v\u00edctimas del ataque hay varias mujeres y ni\u00f1os. Otros informes mencionan decenas de v\u00edctimas civiles en pueblos vecinos.<\/p>\n<p>La Red de M\u00e9dicos de Sud\u00e1n, por su parte, a\u00f1adi\u00f3 que \u00abesta atrocidad forma parte de un patr\u00f3n continuo de graves violaciones cometidas por las FAR contra la poblaci\u00f3n civil en todo Sud\u00e1n\u00bb, y pidi\u00f3 a la comunidad internacional intervenir para parar estas masacres. <\/p>\n<h2>Otro ataque similar<\/h2>\n<p>El ataque se produce apenas 48 horas despu\u00e9s de un incidente similar con decenas de muertos en la aldea de Shaq al Naum, a 150 kil\u00f3metros de Wad Hamid, en el estado de Kordof\u00e1n Norte, de acuerdo con un comunicado de la Coordinaci\u00f3n de los Comit\u00e9s de Resistencia en la regi\u00f3n.<\/p>\n<p>Estas acciones se producen una semana despu\u00e9s de que el Ej\u00e9rcito sudan\u00e9s asegurara que hab\u00eda retomado el control de unas zonas en la frontera meridional de Kordof\u00e1n Norte, en un momento en el que este estado se ha convertido en un punto cr\u00edtico en el conflicto entre las dos partes.<\/p>\n<p>La guerra en Sud\u00e1n comenz\u00f3 el 15 de abril de 2023 tras el fracaso de las negociaciones para integrar a las FAR en las Fuerzas Armadas, un conflicto que ha derivado en la mayor cat\u00e1strofe humanitaria del planeta, seg\u00fan la ONU.<\/p>\n<p>La Organizaci\u00f3n Internacional para las Migraciones (OIM) declar\u00f3 el domingo que la intensificaci\u00f3n de los combates en la regi\u00f3n hab\u00eda obligado a m\u00e1s de 3.000 personas a huir de sus aldeas.<\/p>\n<p>Mg (AFP, Efe)<\/p>\n<\/p>\n<\/div>\n\n","protected":false},"excerpt":{"rendered":"<p>Los paramilitares de las Fuerzas de Apoyo R\u00e1pido (FAR) mataron a 48 civiles durante un ataque contra un pueblo en el centro de Sud\u00e1n y dej\u00f3 al menos 37 personas heridas, anunci\u00f3 este lunes (14.07.2025) un colectivo de abogados sudaneses a favor de la democracia. Sud\u00e1n est\u00e1 inmerso desde abril de 2023 en una guerra &hellip;<\/p>\n","protected":false},"author":1,"featured_media":35984,"comment_status":"open","ping_status":"open","sticky":false,"template":"","format":"standard","meta":{"fifu_image_url":"https:\/\/static.dw.com\/image\/72248933_6.jpg","fifu_image_alt":"","footnotes":""},"categories":[13],"tags":[],"class_list":["post-35983","post","type-post","status-publish","format-standard","has-post-thumbnail","","category-mundo"],"_links":{"self":[{"href":"https:\/\/noticiasveraces.com\/index.php?rest_route=\/wp\/v2\/posts\/35983","targetHints":{"allow":["GET"]}}],"collection":[{"href":"https:\/\/noticiasveraces.com\/index.php?rest_route=\/wp\/v2\/posts"}],"about":[{"href":"https:\/\/noticiasveraces.com\/index.php?rest_route=\/wp\/v2\/types\/post"}],"author":[{"embeddable":true,"href":"https:\/\/noticiasveraces.com\/index.php?rest_route=\/wp\/v2\/users\/1"}],"replies":[{"embeddable":true,"href":"https:\/\/noticiasveraces.com\/index.php?rest_route=%2Fwp%2Fv2%2Fcomments&post=35983"}],"version-history":[{"count":0,"href":"https:\/\/noticiasveraces.com\/index.php?rest_route=\/wp\/v2\/posts\/35983\/revisions"}],"wp:featuredmedia":[{"embeddable":true,"href":"https:\/\/noticiasveraces.com\/index.php?rest_route=\/wp\/v2\/media\/35984"}],"wp:attachment":[{"href":"https:\/\/noticiasveraces.com\/index.php?rest_route=%2Fwp%2Fv2%2Fmedia&parent=35983"}],"wp:term":[{"taxonomy":"category","embeddable":true,"href":"https:\/\/noticiasveraces.com\/index.php?rest_route=%2Fwp%2Fv2%2Fcategories&post=35983"},{"taxonomy":"post_tag","embeddable":true,"href":"https:\/\/noticiasveraces.com\/index.php?rest_route=%2Fwp%2Fv2%2Ftags&post=35983"}],"curies":[{"name":"wp","href":"https:\/\/api.w.org\/{rel}","templated":true}]}}