{"id":35980,"date":"2025-07-14T20:01:58","date_gmt":"2025-07-15T00:01:58","guid":{"rendered":"https:\/\/noticiasveraces.com\/?p=35980"},"modified":"2025-07-14T20:01:58","modified_gmt":"2025-07-15T00:01:58","slug":"abre-el-plazo-de-solicitud-de-becas-para-formacion-profesional-de-grado-medio-y-superior-en-la-comunidad-de-madrid-educacion","status":"publish","type":"post","link":"https:\/\/noticiasveraces.com\/?p=35980","title":{"rendered":"Abre el plazo de solicitud de becas para Formaci\u00f3n Profesional de Grado Medio y Superior en la Comunidad de Madrid | Educaci\u00f3n"},"content":{"rendered":"<p> \n<br \/><img decoding=\"async\" src=\"https:\/\/imagenes.elpais.com\/resizer\/v2\/J6EZMWF7UJC4RLGH4LBHI4ZUJI.JPG?auth=be674de180f27b31e86863bc48cdb87486addced2addadb6941a0306ee43c5ab\" \/><\/p>\n<div data-dtm-region=\"articulo_cuerpo\">\n<p class=\"\">A partir de este martes y hasta el 5 de agosto podr\u00e1n solicitarse las becas de Formaci\u00f3n Profesional de Grado Superior y Grado Medio en la Comunidad de Madrid. La convocatoria se ha publicado este lunes en el Bolet\u00edn Oficial y cuenta con una inversi\u00f3n de 30,5 millones de euros. Los interesados pueden tramitar las solicitudes presentando la documentaci\u00f3n en el portal institucional. La concesi\u00f3n priorizar\u00e1 a los alumnos de familias con menos recursos econ\u00f3micos.<\/p>\n<p class=\"\">Para solicitar las becas hay que estar matriculado o tener reserva de plaza del curso completo 2025-2026. Es necesario ser residente en la Comunidad de Madrid, no ser alumno repetidor del curso para el que se solicita la beca o no superar el l\u00edmite de renta per c\u00e1pita familiar de 35.913 euros, entre otros, indica en un comunicado la Consejer\u00eda de Educaci\u00f3n, Ciencia y Universidades. Adem\u00e1s, se ha introducido como novedad la posibilidad de prorrogar la ayuda que se obtenga en la actual convocatoria para los cursos 2026\/27 y siguientes, siempre que el beneficiario mantenga las circunstancias por las que se le conceda este a\u00f1o y lo solicite.<\/p>\n<p class=\"\">En el Grado Superior, la cuant\u00eda que recibir\u00e1n los becados del primer curso oscilar\u00e1 entre los 2.500 y los 3.250 euros anuales, en funci\u00f3n de la renta por miembro familiar. Para el segundo, ser\u00e1n de entre 1.925 y 2.525 euros y, en el tercero (este \u00faltimo, para los dobles ciclos), la ayuda econ\u00f3mica estar\u00e1 entre los 1.925 y los 2.525 euros. Por su parte, los alumnos de Grado Medio podr\u00e1n optar a una ayuda para todo el a\u00f1o de entre 1.659 y 2.765 euros para el primer y segundo curso.<\/p>\n<p class=\"\">Los beneficiarios de la Renta M\u00ednima de Inserci\u00f3n e Ingreso M\u00ednimo Vital recibir\u00e1n 3.500 euros en el primer curso y 2.800 en segundo y tercero del Grado Superior. En caso de que estudien un Grado Medio, la cuant\u00eda ser\u00e1 de 3.000 euros anuales.<\/p>\n<h3 class=\"\">Funciones automatizadas <\/h3>\n<p class=\"\">La Comunidad de Madrid detalla en un comunicado que se ha reducido en un 25% el volumen total de documentaci\u00f3n que los usuarios tienen que aportar en el proceso de solicitud, gracias a que una parte de la documentaci\u00f3n ya obra en poder de la Administraci\u00f3n regional.<\/p>\n<p class=\"\">A trav\u00e9s de la Cuenta Digital, el nuevo formulario se ha adaptado para alinearse con la estructura utilizada en el resto de becas de educaci\u00f3n, con el prop\u00f3sito de ofrecer una experiencia coherente en todas las solicitudes. Esto incluye una homogeneizaci\u00f3n de la terminolog\u00eda empleada para unificar criterios y facilitar su comprensi\u00f3n, garantizando un lenguaje claro y homog\u00e9neo en todos los puntos del proceso.<\/p>\n<p class=\"\">En esta edici\u00f3n se han incorporado tres nuevas consultas automatizadas a fuentes oficiales: el certificado de defunci\u00f3n, la documentaci\u00f3n acreditativa de la condici\u00f3n de v\u00edctima de violencia de g\u00e9nero y el certificado o volante de empadronamiento hist\u00f3rico en la Comunidad de Madrid. El sistema, adem\u00e1s, permite guardar la solicitud en cualquier momento y retomarla posteriormente, facilitando que el ciudadano pueda completarla a su ritmo, indica en un comunicado la Consejer\u00eda de Digitalizaci\u00f3n.<\/p>\n<p class=\"\">Una vez finalizada, la firma se realiza de forma telem\u00e1tica a trav\u00e9s del sistema de firmas de la Cuenta Digital, que garantiza tanto la validez jur\u00eddica del proceso como la identificaci\u00f3n segura de la persona firmante.<\/p>\n<p class=\"\">En concreto, el sistema detecta autom\u00e1ticamente a todas las personas mayores de 18 a\u00f1os incluidas en la solicitud, les remite las peticiones de firma pertinentes y permite realizar un seguimiento del estado de firma de cada una de ellas.<\/p>\n<\/div>\n\n","protected":false},"excerpt":{"rendered":"<p>A partir de este martes y hasta el 5 de agosto podr\u00e1n solicitarse las becas de Formaci\u00f3n Profesional de Grado Superior y Grado Medio en la Comunidad de Madrid. La convocatoria se ha publicado este lunes en el Bolet\u00edn Oficial y cuenta con una inversi\u00f3n de 30,5 millones de euros. Los interesados pueden tramitar las &hellip;<\/p>\n","protected":false},"author":1,"featured_media":35982,"comment_status":"open","ping_status":"open","sticky":false,"template":"","format":"standard","meta":{"fifu_image_url":"https:\/\/imagenes.elpais.com\/resizer\/v2\/J6EZMWF7UJC4RLGH4LBHI4ZUJI.JPG?auth=be674de180f27b31e86863bc48cdb87486addced2addadb6941a0306ee43c5ab&width=1200","fifu_image_alt":"","footnotes":""},"categories":[11],"tags":[],"class_list":["post-35980","post","type-post","status-publish","format-standard","has-post-thumbnail","","category-viaje"],"_links":{"self":[{"href":"https:\/\/noticiasveraces.com\/index.php?rest_route=\/wp\/v2\/posts\/35980","targetHints":{"allow":["GET"]}}],"collection":[{"href":"https:\/\/noticiasveraces.com\/index.php?rest_route=\/wp\/v2\/posts"}],"about":[{"href":"https:\/\/noticiasveraces.com\/index.php?rest_route=\/wp\/v2\/types\/post"}],"author":[{"embeddable":true,"href":"https:\/\/noticiasveraces.com\/index.php?rest_route=\/wp\/v2\/users\/1"}],"replies":[{"embeddable":true,"href":"https:\/\/noticiasveraces.com\/index.php?rest_route=%2Fwp%2Fv2%2Fcomments&post=35980"}],"version-history":[{"count":0,"href":"https:\/\/noticiasveraces.com\/index.php?rest_route=\/wp\/v2\/posts\/35980\/revisions"}],"wp:featuredmedia":[{"embeddable":true,"href":"https:\/\/noticiasveraces.com\/index.php?rest_route=\/wp\/v2\/media\/35982"}],"wp:attachment":[{"href":"https:\/\/noticiasveraces.com\/index.php?rest_route=%2Fwp%2Fv2%2Fmedia&parent=35980"}],"wp:term":[{"taxonomy":"category","embeddable":true,"href":"https:\/\/noticiasveraces.com\/index.php?rest_route=%2Fwp%2Fv2%2Fcategories&post=35980"},{"taxonomy":"post_tag","embeddable":true,"href":"https:\/\/noticiasveraces.com\/index.php?rest_route=%2Fwp%2Fv2%2Ftags&post=35980"}],"curies":[{"name":"wp","href":"https:\/\/api.w.org\/{rel}","templated":true}]}}