{"id":35970,"date":"2025-07-14T17:57:31","date_gmt":"2025-07-14T21:57:31","guid":{"rendered":"https:\/\/noticiasveraces.com\/?p=35970"},"modified":"2025-07-14T17:57:31","modified_gmt":"2025-07-14T21:57:31","slug":"gyokeres-y-otros-jugadores-que-forzaron-su-salida-para-fichar-por-otro-club","status":"publish","type":"post","link":"https:\/\/noticiasveraces.com\/?p=35970","title":{"rendered":"Gy\u00f6keres y otros jugadores que forzaron su salida para fichar por otro club"},"content":{"rendered":"<p> \n<\/p>\n<div>\n<p data-mrf-recirculation=\"Links P\u00e1rrafos\" class=\"ue-c-article__ ue-c-article--first-letter-highlighted\">Viktor Gy\u00f6kers hizo alarmas en Lisboa. <strong>El delantero sueco, revelaci\u00f3n de la temporada pasada con el Sporting de Portugal, no se present\u00f3 a los entrenamientos de pretemporada del club<\/strong>en un gesto que dif\u00edcilmente puede interpretarse como una simple ausencia. El mensaje es claro: quer\u00eda fichar por el Arsenal. Seg\u00fan fuentes cercanas a la negociaci\u00f3n, el jugador ya ten\u00eda uun acuerdo cerrado con el club ingl\u00e9s a la espera de que el Sporting cumpliese una supuesta promesa de dejarle salir por una oferta cercana a los 60 millones de euros. Sin embargo, la directiva lusa exig\u00eda una cifra superior, tensando una cuerda que pudo romperse en cualquier momento. <strong>No obstante, todo hace indicar, seg\u00fan las \u00faltimas noticias, que el fichaje se acabar\u00e1 haciendo.<\/strong><\/p>\n<figure class=\"ue-c-article__media ue-c-article__media--image\">\n<div class=\"ue-c-article__media-img-container ue-l-article--expand-edge-right-until-tablet ue-l-article--expand-edge-left-until-tablet\"><picture><source type=\"image\/webp\" sizes=\"(min-width: 1010px) 660px, (min-width: 980px) calc(100vw - 350px), (min-width: 740px) calc(100vw - 320px), 100vw\" srcset=\"https:\/\/e00-xlk-ue-marca.uecdn.es\/files\/article_360_widen_webp\/uploads\/2025\/07\/09\/686e34fa9a274.webp 360w,https:\/\/e00-xlk-ue-marca.uecdn.es\/files\/article_375_widen_webp\/uploads\/2025\/07\/09\/686e34fa9a274.webp 375w,https:\/\/e00-xlk-ue-marca.uecdn.es\/files\/article_414_widen_webp\/uploads\/2025\/07\/09\/686e34fa9a274.webp 414w,https:\/\/e00-xlk-ue-marca.uecdn.es\/files\/article_660_widen_webp\/uploads\/2025\/07\/09\/686e34fa9a274.webp 660w,https:\/\/e00-xlk-ue-marca.uecdn.es\/files\/article_720_widen_webp\/uploads\/2025\/07\/09\/686e34fa9a274.webp 720w,https:\/\/e00-xlk-ue-marca.uecdn.es\/files\/article_750_widen_webp\/uploads\/2025\/07\/09\/686e34fa9a274.webp 750w,https:\/\/e00-xlk-ue-marca.uecdn.es\/files\/article_828_widen_webp\/uploads\/2025\/07\/09\/686e34fa9a274.webp 828w,https:\/\/e00-xlk-ue-marca.uecdn.es\/files\/article_1320_widen_webp\/uploads\/2025\/07\/09\/686e34fa9a274.webp 1320w\"><source type=\"image\/jpeg\" sizes=\"(min-width: 1010px) 660px, (min-width: 980px) calc(100vw - 350px), (min-width: 740px) calc(100vw - 320px), 100vw\" srcset=\"https:\/\/e00-xlk-ue-marca.uecdn.es\/files\/article_360_widen\/uploads\/2025\/07\/09\/686e34fa9a274.jpeg 360w,https:\/\/e00-xlk-ue-marca.uecdn.es\/files\/article_375_widen\/uploads\/2025\/07\/09\/686e34fa9a274.jpeg 375w,https:\/\/e00-xlk-ue-marca.uecdn.es\/files\/article_414_widen\/uploads\/2025\/07\/09\/686e34fa9a274.jpeg 414w,https:\/\/e00-xlk-ue-marca.uecdn.es\/files\/article_660_widen\/uploads\/2025\/07\/09\/686e34fa9a274.jpeg 660w,https:\/\/e00-xlk-ue-marca.uecdn.es\/files\/article_720_widen\/uploads\/2025\/07\/09\/686e34fa9a274.jpeg 720w,https:\/\/e00-xlk-ue-marca.uecdn.es\/files\/article_750_widen\/uploads\/2025\/07\/09\/686e34fa9a274.jpeg 750w,https:\/\/e00-xlk-ue-marca.uecdn.es\/files\/article_828_widen\/uploads\/2025\/07\/09\/686e34fa9a274.jpeg 828w,https:\/\/e00-xlk-ue-marca.uecdn.es\/files\/article_1320_widen\/uploads\/2025\/07\/09\/686e34fa9a274.jpeg 1320w\"><img decoding=\"async\" width=\"1980\" height=\"1320\" class=\"ue-c-article__image lazyload\" alt=\"Viktor Gy\u00f6keres en un partido de Champions League con el Sporting.\" loading=\"lazy\" src=\"https:\/\/e00-xlk-ue-marca.uecdn.es\/uploads\/2025\/07\/09\/686e34fa9a274.jpeg\"\/><\/source><\/source><\/picture><\/div><figcaption class=\"ue-c-article__media-caption\">\n<p><span class=\"ue-c-article__media-description\">Viktor Gy\u00f6keres en un partido de Champions League con el Sporting.<\/span><span class=\"ue-c-article__media-source\"><span class=\"ue-c-article__media-author\">Efusi\u00f3n<\/span><\/span><\/p>\n<\/figcaption><\/figure>\n<p data-mrf-recirculation=\"Links P\u00e1rrafos\" class=\"ue-c-article__\"><strong>La estrategia de Gy\u00f6keres no es nueva. En la historia reciente del f\u00fatbol, son varios los nombres que han optado por medidas de presi\u00f3n para acelerar su salida.<\/strong> Lo que para unos es una falta de profesionalismo, para otros es simplemente una forma leg\u00edtima de hacer valer sus intereses cuando sienten que los clubes no cumplen su palabra.<\/p>\n<h2 class=\"ue-c-article__subheadline\">Luka Modric y el viaje que nunca hizo<\/h2>\n<p data-mrf-recirculation=\"Links P\u00e1rrafos\" class=\"ue-c-article__\">En 2012, Luka Modric ya era el motor del Tottenham y uno de los mediocampistas m\u00e1s codiciados de Europa.<strong> El Real Madrid hab\u00eda llamado a su puerta, pero el club ingl\u00e9s se resist\u00eda a dejarle marchar. <\/strong>En un movimiento tan calculado como pol\u00e9mico,<strong> Modric se neg\u00f3 a viajar con el equipo a la gira de pretemporada en Estados Unidos<\/strong>. El gesto fue interpretado como una se\u00f1al de rebeld\u00eda y acab\u00f3 acelerando las negociaciones. El croata acab\u00f3 vistiendo de blanco por unos 35 millones de euros, iniciando una de las etapas m\u00e1s exitosas de su carrera.<\/p>\n<figure class=\"ue-c-article__media ue-c-article__media--image\">\n<div class=\"ue-c-article__media-img-container ue-l-article--expand-edge-right-until-tablet ue-l-article--expand-edge-left-until-tablet\"><picture><source type=\"image\/webp\" sizes=\"(min-width: 1010px) 660px, (min-width: 980px) calc(100vw - 350px), (min-width: 740px) calc(100vw - 320px), 100vw\" srcset=\"https:\/\/e00-xlk-ue-marca.uecdn.es\/files\/article_360_widen_webp\/uploads\/2025\/07\/14\/6874b8f62b3ba.webp 360w,https:\/\/e00-xlk-ue-marca.uecdn.es\/files\/article_375_widen_webp\/uploads\/2025\/07\/14\/6874b8f62b3ba.webp 375w,https:\/\/e00-xlk-ue-marca.uecdn.es\/files\/article_414_widen_webp\/uploads\/2025\/07\/14\/6874b8f62b3ba.webp 414w,https:\/\/e00-xlk-ue-marca.uecdn.es\/files\/article_660_widen_webp\/uploads\/2025\/07\/14\/6874b8f62b3ba.webp 660w,https:\/\/e00-xlk-ue-marca.uecdn.es\/files\/article_720_widen_webp\/uploads\/2025\/07\/14\/6874b8f62b3ba.webp 720w,https:\/\/e00-xlk-ue-marca.uecdn.es\/files\/article_750_widen_webp\/uploads\/2025\/07\/14\/6874b8f62b3ba.webp 750w,https:\/\/e00-xlk-ue-marca.uecdn.es\/files\/article_828_widen_webp\/uploads\/2025\/07\/14\/6874b8f62b3ba.webp 828w,https:\/\/e00-xlk-ue-marca.uecdn.es\/files\/article_1320_widen_webp\/uploads\/2025\/07\/14\/6874b8f62b3ba.webp 1320w\"><source type=\"image\/jpeg\" sizes=\"(min-width: 1010px) 660px, (min-width: 980px) calc(100vw - 350px), (min-width: 740px) calc(100vw - 320px), 100vw\" srcset=\"https:\/\/e00-xlk-ue-marca.uecdn.es\/files\/article_360_widen\/uploads\/2025\/07\/14\/6874b8f62b3ba.jpeg 360w,https:\/\/e00-xlk-ue-marca.uecdn.es\/files\/article_375_widen\/uploads\/2025\/07\/14\/6874b8f62b3ba.jpeg 375w,https:\/\/e00-xlk-ue-marca.uecdn.es\/files\/article_414_widen\/uploads\/2025\/07\/14\/6874b8f62b3ba.jpeg 414w,https:\/\/e00-xlk-ue-marca.uecdn.es\/files\/article_660_widen\/uploads\/2025\/07\/14\/6874b8f62b3ba.jpeg 660w,https:\/\/e00-xlk-ue-marca.uecdn.es\/files\/article_720_widen\/uploads\/2025\/07\/14\/6874b8f62b3ba.jpeg 720w,https:\/\/e00-xlk-ue-marca.uecdn.es\/files\/article_750_widen\/uploads\/2025\/07\/14\/6874b8f62b3ba.jpeg 750w,https:\/\/e00-xlk-ue-marca.uecdn.es\/files\/article_828_widen\/uploads\/2025\/07\/14\/6874b8f62b3ba.jpeg 828w,https:\/\/e00-xlk-ue-marca.uecdn.es\/files\/article_1320_widen\/uploads\/2025\/07\/14\/6874b8f62b3ba.jpeg 1320w\"><img decoding=\"async\" width=\"1980\" height=\"1320\" class=\"ue-c-article__image lazyload\" alt=\"Modric, durante su despedida del Bernab\u00e9u.\" loading=\"lazy\" src=\"https:\/\/e00-xlk-ue-marca.uecdn.es\/uploads\/2025\/07\/14\/6874b8f62b3ba.jpeg\"\/><\/source><\/source><\/picture><\/div><figcaption class=\"ue-c-article__media-caption\">\n<p><span class=\"ue-c-article__media-description\">Modric, durante su despedida del Bernab\u00e9u.<\/span><span class=\"ue-c-article__media-source\"><span class=\"ue-c-article__media-author\">LA<\/span><\/span><\/p>\n<\/figcaption><\/figure>\n<h2 class=\"ue-c-article__subheadline\">Dani Alves, tensi\u00f3n en el Pizju\u00e1n<\/h2>\n<p data-mrf-recirculation=\"Links P\u00e1rrafos\" class=\"ue-c-article__\">En 2007, Dani Alves protagoniz\u00f3 uno de los enfrentamientos m\u00e1s sonados con una directiva. <strong>El brasile\u00f1o, pieza clave del Sevilla de Juande Ramos, se neg\u00f3 a disputar la previa de Champions League<\/strong>. Las ofertas de Chelsea y Real Madrid estaban sobre la mesa, pero Jos\u00e9 Mar\u00eda del Nido, entonces presidente del club, se mantuvo firme. El conflicto fue p\u00fablico y tenso. <strong>Finalmente, Alves permaneci\u00f3 un a\u00f1o m\u00e1s, pero con la relaci\u00f3n completamente rota.<\/strong> En 2008, firm\u00f3 por el Barcelona por 35 millones de euros, siendo el traspaso m\u00e1s caro de un defensa hasta ese momento.<\/p>\n<figure class=\"ue-c-article__media ue-c-article__media--image\">\n<div class=\"ue-c-article__media-img-container ue-l-article--expand-edge-right-until-tablet ue-l-article--expand-edge-left-until-tablet\"><picture><source type=\"image\/webp\" sizes=\"(min-width: 1010px) 660px, (min-width: 980px) calc(100vw - 350px), (min-width: 740px) calc(100vw - 320px), 100vw\" srcset=\"https:\/\/e00-xlk-ue-marca.uecdn.es\/files\/article_360_widen_webp\/uploads\/2024\/09\/05\/15866877396141.webp 360w,https:\/\/e00-xlk-ue-marca.uecdn.es\/files\/article_375_widen_webp\/uploads\/2024\/09\/05\/15866877396141.webp 375w,https:\/\/e00-xlk-ue-marca.uecdn.es\/files\/article_414_widen_webp\/uploads\/2024\/09\/05\/15866877396141.webp 414w,https:\/\/e00-xlk-ue-marca.uecdn.es\/files\/article_660_widen_webp\/uploads\/2024\/09\/05\/15866877396141.webp 660w,https:\/\/e00-xlk-ue-marca.uecdn.es\/files\/article_720_widen_webp\/uploads\/2024\/09\/05\/15866877396141.webp 720w,https:\/\/e00-xlk-ue-marca.uecdn.es\/files\/article_750_widen_webp\/uploads\/2024\/09\/05\/15866877396141.webp 750w,https:\/\/e00-xlk-ue-marca.uecdn.es\/files\/article_828_widen_webp\/uploads\/2024\/09\/05\/15866877396141.webp 828w,https:\/\/e00-xlk-ue-marca.uecdn.es\/files\/article_1320_widen_webp\/uploads\/2024\/09\/05\/15866877396141.webp 1320w\"><source type=\"image\/jpeg\" sizes=\"(min-width: 1010px) 660px, (min-width: 980px) calc(100vw - 350px), (min-width: 740px) calc(100vw - 320px), 100vw\" srcset=\"https:\/\/e00-xlk-ue-marca.uecdn.es\/files\/article_360_widen\/uploads\/2024\/09\/05\/15866877396141.jpeg 360w,https:\/\/e00-xlk-ue-marca.uecdn.es\/files\/article_375_widen\/uploads\/2024\/09\/05\/15866877396141.jpeg 375w,https:\/\/e00-xlk-ue-marca.uecdn.es\/files\/article_414_widen\/uploads\/2024\/09\/05\/15866877396141.jpeg 414w,https:\/\/e00-xlk-ue-marca.uecdn.es\/files\/article_660_widen\/uploads\/2024\/09\/05\/15866877396141.jpeg 660w,https:\/\/e00-xlk-ue-marca.uecdn.es\/files\/article_720_widen\/uploads\/2024\/09\/05\/15866877396141.jpeg 720w,https:\/\/e00-xlk-ue-marca.uecdn.es\/files\/article_750_widen\/uploads\/2024\/09\/05\/15866877396141.jpeg 750w,https:\/\/e00-xlk-ue-marca.uecdn.es\/files\/article_828_widen\/uploads\/2024\/09\/05\/15866877396141.jpeg 828w,https:\/\/e00-xlk-ue-marca.uecdn.es\/files\/article_1320_widen\/uploads\/2024\/09\/05\/15866877396141.jpeg 1320w\"><img decoding=\"async\" width=\"640\" height=\"479\" class=\"ue-c-article__image lazyload\" alt=\"Dani Alves y Sergio Ramos (Sevilla, 2003-2006)\" loading=\"lazy\" src=\"https:\/\/e00-xlk-ue-marca.uecdn.es\/uploads\/2024\/09\/05\/15866877396141.jpeg\"\/><\/source><\/source><\/picture><\/div><figcaption class=\"ue-c-article__media-caption\"\/><\/figure>\n<h2 class=\"ue-c-article__subheadline\">Cesc F\u00e0bregas y el eterno deseo de volver<\/h2>\n<p data-mrf-recirculation=\"Links P\u00e1rrafos\" class=\"ue-c-article__\"><strong>Otro caso emblem\u00e1tico fue el de Cesc F\u00e0bregas, canterano del FC Barcelona y capit\u00e1n del Arsenal. <\/strong>Durante a\u00f1os, el jugador manifest\u00f3 su deseo de regresar al Camp Nou. <strong>En 2011, despu\u00e9s de m\u00faltiples gui\u00f1os y declaraciones p\u00fablicas, Cesc se ausent\u00f3 en el inicio de la pretemporada de los \u2018gunners\u2019.<\/strong> Ars\u00e8ne Wenger intent\u00f3 retenerlo, pero la presi\u00f3n del jugador fue clave. Finalmente, el Bar\u00e7a pag\u00f3 34 millones de euros y logr\u00f3 el regreso del hijo pr\u00f3digo.<\/p>\n<figure class=\"ue-c-article__media ue-c-article__media--image\">\n<div class=\"ue-c-article__media-img-container ue-l-article--expand-edge-right-until-tablet ue-l-article--expand-edge-left-until-tablet\"><picture><source type=\"image\/webp\" sizes=\"(min-width: 1010px) 660px, (min-width: 980px) calc(100vw - 350px), (min-width: 740px) calc(100vw - 320px), 100vw\" srcset=\"https:\/\/e00-xlk-ue-marca.uecdn.es\/files\/article_360_widen_webp\/uploads\/2024\/09\/06\/17232012433001.webp 360w,https:\/\/e00-xlk-ue-marca.uecdn.es\/files\/article_375_widen_webp\/uploads\/2024\/09\/06\/17232012433001.webp 375w,https:\/\/e00-xlk-ue-marca.uecdn.es\/files\/article_414_widen_webp\/uploads\/2024\/09\/06\/17232012433001.webp 414w,https:\/\/e00-xlk-ue-marca.uecdn.es\/files\/article_660_widen_webp\/uploads\/2024\/09\/06\/17232012433001.webp 660w,https:\/\/e00-xlk-ue-marca.uecdn.es\/files\/article_720_widen_webp\/uploads\/2024\/09\/06\/17232012433001.webp 720w,https:\/\/e00-xlk-ue-marca.uecdn.es\/files\/article_750_widen_webp\/uploads\/2024\/09\/06\/17232012433001.webp 750w,https:\/\/e00-xlk-ue-marca.uecdn.es\/files\/article_828_widen_webp\/uploads\/2024\/09\/06\/17232012433001.webp 828w,https:\/\/e00-xlk-ue-marca.uecdn.es\/files\/article_1320_widen_webp\/uploads\/2024\/09\/06\/17232012433001.webp 1320w\"><source type=\"image\/jpeg\" sizes=\"(min-width: 1010px) 660px, (min-width: 980px) calc(100vw - 350px), (min-width: 740px) calc(100vw - 320px), 100vw\" srcset=\"https:\/\/e00-xlk-ue-marca.uecdn.es\/files\/article_360_widen\/uploads\/2024\/09\/06\/17232012433001.jpeg 360w,https:\/\/e00-xlk-ue-marca.uecdn.es\/files\/article_375_widen\/uploads\/2024\/09\/06\/17232012433001.jpeg 375w,https:\/\/e00-xlk-ue-marca.uecdn.es\/files\/article_414_widen\/uploads\/2024\/09\/06\/17232012433001.jpeg 414w,https:\/\/e00-xlk-ue-marca.uecdn.es\/files\/article_660_widen\/uploads\/2024\/09\/06\/17232012433001.jpeg 660w,https:\/\/e00-xlk-ue-marca.uecdn.es\/files\/article_720_widen\/uploads\/2024\/09\/06\/17232012433001.jpeg 720w,https:\/\/e00-xlk-ue-marca.uecdn.es\/files\/article_750_widen\/uploads\/2024\/09\/06\/17232012433001.jpeg 750w,https:\/\/e00-xlk-ue-marca.uecdn.es\/files\/article_828_widen\/uploads\/2024\/09\/06\/17232012433001.jpeg 828w,https:\/\/e00-xlk-ue-marca.uecdn.es\/files\/article_1320_widen\/uploads\/2024\/09\/06\/17232012433001.jpeg 1320w\"><img decoding=\"async\" width=\"2048\" height=\"1362\" class=\"ue-c-article__image lazyload\" alt=\"Cesc F\u00e1bregas se march\u00f3 jovenc\u00edsimo al Arsenal, donde debut\u00f3 en 2003. En el equipo londinense lleg\u00f3 a ser capit\u00e1n y regre\" loading=\"lazy\" src=\"https:\/\/e00-xlk-ue-marca.uecdn.es\/uploads\/2024\/09\/06\/17232012433001.jpeg\"\/><\/source><\/source><\/picture><\/div><figcaption class=\"ue-c-article__media-caption\"\/><\/figure>\n<h2 class=\"ue-c-article__subheadline\">Gareth Bale y su dif\u00edcil salida<\/h2>\n<p data-mrf-recirculation=\"Links P\u00e1rrafos\" class=\"ue-c-article__\">La operaci\u00f3n Bale en 2013 fue un aut\u00e9ntico pulso entre el Real Madrid y el Tottenham. El gal\u00e9s, que hab\u00eda brillado con los \u2018spurs\u2019, ya ten\u00eda su mente en el Santiago Bernab\u00e9u. <strong>Se neg\u00f3 a jugar algunos partidos de pretemporada<\/strong>. El Tottenham, como en el caso de Modric, resisti\u00f3 hasta el l\u00edmite. Pero la insistencia del jugador y la cifra r\u00e9cord de 101 millones de euros acabaron por desbloquear la operaci\u00f3n a \u00faltima hora. <\/p>\n<\/div>\n\n","protected":false},"excerpt":{"rendered":"<p>Viktor Gy\u00f6kers hizo alarmas en Lisboa. El delantero sueco, revelaci\u00f3n de la temporada pasada con el Sporting de Portugal, no se present\u00f3 a los entrenamientos de pretemporada del cluben un gesto que dif\u00edcilmente puede interpretarse como una simple ausencia. El mensaje es claro: quer\u00eda fichar por el Arsenal. Seg\u00fan fuentes cercanas a la negociaci\u00f3n, el &hellip;<\/p>\n","protected":false},"author":1,"featured_media":35972,"comment_status":"open","ping_status":"open","sticky":false,"template":"","format":"standard","meta":{"fifu_image_url":"https:\/\/e00-xlk-ue-marca.uecdn.es\/files\/phantom_desktop_1200w\/uploads\/2025\/07\/13\/6874122d6961b.jpeg","fifu_image_alt":"","footnotes":""},"categories":[6],"tags":[],"class_list":["post-35970","post","type-post","status-publish","format-standard","has-post-thumbnail","","category-deportes"],"_links":{"self":[{"href":"https:\/\/noticiasveraces.com\/index.php?rest_route=\/wp\/v2\/posts\/35970","targetHints":{"allow":["GET"]}}],"collection":[{"href":"https:\/\/noticiasveraces.com\/index.php?rest_route=\/wp\/v2\/posts"}],"about":[{"href":"https:\/\/noticiasveraces.com\/index.php?rest_route=\/wp\/v2\/types\/post"}],"author":[{"embeddable":true,"href":"https:\/\/noticiasveraces.com\/index.php?rest_route=\/wp\/v2\/users\/1"}],"replies":[{"embeddable":true,"href":"https:\/\/noticiasveraces.com\/index.php?rest_route=%2Fwp%2Fv2%2Fcomments&post=35970"}],"version-history":[{"count":0,"href":"https:\/\/noticiasveraces.com\/index.php?rest_route=\/wp\/v2\/posts\/35970\/revisions"}],"wp:featuredmedia":[{"embeddable":true,"href":"https:\/\/noticiasveraces.com\/index.php?rest_route=\/wp\/v2\/media\/35972"}],"wp:attachment":[{"href":"https:\/\/noticiasveraces.com\/index.php?rest_route=%2Fwp%2Fv2%2Fmedia&parent=35970"}],"wp:term":[{"taxonomy":"category","embeddable":true,"href":"https:\/\/noticiasveraces.com\/index.php?rest_route=%2Fwp%2Fv2%2Fcategories&post=35970"},{"taxonomy":"post_tag","embeddable":true,"href":"https:\/\/noticiasveraces.com\/index.php?rest_route=%2Fwp%2Fv2%2Ftags&post=35970"}],"curies":[{"name":"wp","href":"https:\/\/api.w.org\/{rel}","templated":true}]}}