{"id":35963,"date":"2025-07-14T16:29:57","date_gmt":"2025-07-14T20:29:57","guid":{"rendered":"https:\/\/noticiasveraces.com\/?p=35963"},"modified":"2025-07-14T16:29:57","modified_gmt":"2025-07-14T20:29:57","slug":"mi-lucha-hitler-y-el-peligroso-regreso-de-una-ideologia-dw-14-07-2025","status":"publish","type":"post","link":"https:\/\/noticiasveraces.com\/?p=35963","title":{"rendered":"\u00abMi lucha\u00bb, Hitler y el peligroso regreso de una ideolog\u00eda \u2013 DW \u2013 14\/07\/2025"},"content":{"rendered":"<p> \n<\/p>\n<div>\n<p>En Internet se puede encontrar todo tipo de material sobre Adolf Hitler y tambi\u00e9n personas antisemitas, racistas, conspiranoicas, antidem\u00f3cratas, quienes difunden su veneno ideol\u00f3gico por todas partes. En Alemania, Europa, Estados Unidos, Latinoam\u00e9rica, Oriente Medio e India.<\/p>\n<p>El dictador alem\u00e1n\u00a0nacido en Austria muri\u00f3 hace 80 a\u00f1os, pero el asesino en masa sigue originando mucho dinero. Librer\u00edas antiguas de todo el mundo se lucran con ejemplares antiguos de \u00abMi Lucha\u00bb. Una versi\u00f3n en espa\u00f1ol cuesta m\u00e1s de 300 euros y en ingl\u00e9s, unos 600 d\u00f3lares en portales en l\u00ednea.<\/p>\n<p>Ocho a\u00f1os antes de su llegada al poder en 1933, Adolf Hitler expuso su visi\u00f3n fan\u00e1tica del mundo, su brutal antisemitismo y su desprecio por la democracia y la diversidad social.<\/p>\n<p>\u00abEl tema de la lucha ya est\u00e1 arraigado en el t\u00edtulo; de hecho, tambi\u00e9n abarca el racismo\u00bb, explica el historiador austriaco Othmar Pl\u00f6ckinger en entrevista con DW.<\/p>\n<p>Pl\u00f6ckinger es uno de los expertos m\u00e1s destacados en el tema. Coedit\u00f3 una de las pocas ediciones verdaderamente esclarecedoras, una versi\u00f3n editada de \u00abMi Lucha\u00bb. Historiadores alemanes y austriacos analizaron y clasificaron en 2.000 p\u00e1ginas los pensamientos y el lenguaje de Hitler.<\/p>\n<p>Cuando se public\u00f3 \u00abMein Kampf\u00bb\u00a0el 18 de julio de 1925, no caus\u00f3 sensaci\u00f3n. Hitler era un golpista fracasado que acababa de pasar m\u00e1s de un a\u00f1o en prisi\u00f3n por alta traici\u00f3n. Su movimiento nacionalsocialista era peque\u00f1o y carec\u00eda de influencia pol\u00edtica significativa en Alemania y Austria. Hitler se enfrentaba a la extinci\u00f3n pol\u00edtica. Su obra\u00a0no era muy original:\u00a0el\u00a0contenido decepcion\u00f3 incluso a muchos de sus seguidores, explica Othmar Pl\u00f6ckinger.<\/p>\n<h2>Anuncio de una cat\u00e1strofe<\/h2>\n<p>La obra de Hitler, a diferencia de otros dictadores, revela sus intenciones. No oculta sus fantas\u00edas violentas. En la versi\u00f3n editada, los editores reconocieron que\u00a0\u00abanuncia decididamente la guerra: una guerra futura ser\u00e1 una lucha por la supervivencia, en la que deber\u00edan derrumbarse todas las consideraciones de humanidad y est\u00e9tica \u00ab. La tiran\u00eda de Adolf Hitler fue un r\u00e9gimen anunciado.<\/p>\n<p>Y no alcanz\u00f3 el poder solo: en las elecciones al Reichstag de 1933, 17.277.180 alemanes votaron por Adolf Hitler y su Partido Nacional Socialista Obrero Alem\u00e1n (NSDAP), allanando su camino y el ascenso al poder.<\/p>\n<p>Lo que sigui\u00f3 fue una guerra desatada en Europa y el Holocausto, el asesinato masivo sistem\u00e1tico de jud\u00edos europeos, sin precedentes en la historia de la humanidad. El Estado nazi y sus partidarios combatieron a todos aquellos a quienes declararon enemigos del pueblo alem\u00e1n con una brutalidad espantosa. Hitler se suicid\u00f3 el 30 de abril de 1945, y la Segunda Guerra Mundial acab\u00f3 ocho d\u00edas despu\u00e9s. Su sistema de gobierno se derrumb\u00f3. Desde entonces, los alemanes han jurado: \u00ab\u00a1Nunca m\u00e1s!\u00bb.<\/p>\n<h2>\u00bfSigue vigente hoy el \u00abNunca m\u00e1s\u00bb?<\/h2>\n<p>\u00abA pesar de las afirmaciones de &#8216;Nunca m\u00e1s&#8217; despu\u00e9s de 1945, el antisemitismo vuelve a asomar su espantoso rostro\u00bb, afirma la historiadora brit\u00e1nica Lisa Pine en entrevista con DW. Pine, profesora del Instituto de Investigaci\u00f3n Hist\u00f3rica de la Universidad de Londres, afirma que \u00absu lenguaje venenoso recuerda, triste y vergonzosamente, a los escritos de Hitler de hace un siglo\u00bb.<\/p>\n<p>La historiadora observa que no solo ha sobrevivido el antisemitismo de Hitler, sino tambi\u00e9n su hostilidad hacia la democracia. Por lo tanto, sigue siendo importante analizar los escritos de Hitler hoy en d\u00eda. \u00abMis alumnos siempre se sorprend\u00edan mucho, incluso se escandalizaban, cuando analiz\u00e1bamos fragmentos de \u00abMi Lucha\u00bb. S\u00f3lo cuando ve\u00edan las palabras escritas en blanco y negro empezaban a comprender a qu\u00e9 se enfrentaban con Hitler. Fue esclarecedor e instructivo\u00bb.<\/p>\n<figure class=\"placeholder-image master_landscape big\"><img data-format=\"MASTER_LANDSCAPE\" data-id=\"56317757\" data-url=\"https:\/\/static.dw.com\/image\/56317757_${formatId}.jpg\" data-aspect-ratio=\"16\/9\" alt=\"Ediciones de &quot;Mi pelea&quot;.\" style=\"padding-bottom: 56.25%; height: 0; max-height: 0;\"\/><figcaption class=\"img-caption\">Edici\u00f3n polaca de \u00abMein Kampf\u00bb junto a otra de 1942.<small class=\"copyright\">Imagen: Wojtek Radwanski\/AFP<\/small><\/figcaption><\/figure>\n<h2>\u00abEl distanciamiento se est\u00e1 desmoronando\u00bb<\/h2>\n<p>Nikolas Lelle, de la Fundaci\u00f3n Amadeu Antonio contra el Extremismo de Derecha y el Antisemitismo, con sede en Berl\u00edn, tambi\u00e9n observa un peligroso regreso de la ideolog\u00eda de ultraderecha. \u00abEl distanciamiento se est\u00e1 desmoronando\u00bb, describe en una entrevista con DW. Esto se puede observar en los lugares conmemorativos que recuerdan los cr\u00edmenes nazis. \u00abSabemos por los lugares conmemorativos que las clases de las escuelas de las zonas rurales casi siempre van acompa\u00f1adas de personas, que visten marcas de ropa o con lemas de ultraderecha en sus camisetas\u00bb. Los grafitis con esv\u00e1sticas tambi\u00e9n vuelven a ser usuales en Alemania.<\/p>\n<p>Tambi\u00e9n es alarmante el hecho de que los j\u00f3venes de ultraderecha, en particular, se han vuelto m\u00e1s violentos en los \u00faltimos a\u00f1os. La violencia ha progresado hasta el punto de que organizaciones, como la Fundaci\u00f3n Amadeu Antonio, deben tomar medidas de protecci\u00f3n concretas, afirma Lelle. \u00abEs necesario tener una c\u00e1mara, una puerta blindada, alguien que pueda protegerte por\u00a0la fuerza si es necesario. Por lo tanto, tambi\u00e9n hablamos de protecci\u00f3n personal por parte de la Polic\u00eda y, a veces, de seguridad. Como Fundaci\u00f3n Amadeu Antonio, experimentamos un clima de brutalidad en nuestros eventos. Ya casi no organizamos eventos sobre antisemitismo sin un sistema de seguridad\u201d.<\/p>\n<p><span data-slot-id=\"Article_InContent-1\" class=\"rich-text-ad\"\/><\/p>\n<h2>Redes sociales como caldo de cultivo<\/h2>\n<p>Aproximadamente 100 a\u00f1os despu\u00e9s de que Adolf Hitler public\u00f3 su incendiario \u00abMi lucha\u00bb, muchos tab\u00faes han desaparecido. El historiador Matthew Feldmann, de la Universidad de Tesside (Gran Breta\u00f1a), lo corrobora. En un ensayo, describe la supresi\u00f3n de tab\u00faes sociales y culturales de la ultraderecha como \u00abcambio dr\u00e1stico\u00bb. Las redes sociales tambi\u00e9n son en parte responsables de ello.<\/p>\n<p>Las redes sociales se adaptan perfectamente a la doble estrategia de la ultraderecha, similar a la empleada por Adolf Hitler y su movimiento fascista: romper repetidamente los tab\u00faes sociales con mensajes radicales, para luego presentarse como civilizados y conciliadores en otras situaciones.<\/p>\n<p>Nicolas Lelle, de la Fundaci\u00f3n Amadeu Antonio, cree que la historia nos ense\u00f1a una lecci\u00f3n crucial: \u00abLa ultraderecha, el antisemitismo y el racismo necesitan posturas claras, l\u00edmites claros. Estos contenidos deben ser socialmente marginados, y quienes los representan tambi\u00e9n deben sentirlo\u201d.<\/p>\n<p>(RMR\/EL)<\/p>\n<\/p>\n<\/div>\n\n","protected":false},"excerpt":{"rendered":"<p>En Internet se puede encontrar todo tipo de material sobre Adolf Hitler y tambi\u00e9n personas antisemitas, racistas, conspiranoicas, antidem\u00f3cratas, quienes difunden su veneno ideol\u00f3gico por todas partes. En Alemania, Europa, Estados Unidos, Latinoam\u00e9rica, Oriente Medio e India. El dictador alem\u00e1n\u00a0nacido en Austria muri\u00f3 hace 80 a\u00f1os, pero el asesino en masa sigue originando mucho dinero. &hellip;<\/p>\n","protected":false},"author":1,"featured_media":0,"comment_status":"open","ping_status":"open","sticky":false,"template":"","format":"standard","meta":{"fifu_image_url":"","fifu_image_alt":"","footnotes":""},"categories":[13],"tags":[],"class_list":["post-35963","post","type-post","status-publish","format-standard","","category-mundo"],"_links":{"self":[{"href":"https:\/\/noticiasveraces.com\/index.php?rest_route=\/wp\/v2\/posts\/35963","targetHints":{"allow":["GET"]}}],"collection":[{"href":"https:\/\/noticiasveraces.com\/index.php?rest_route=\/wp\/v2\/posts"}],"about":[{"href":"https:\/\/noticiasveraces.com\/index.php?rest_route=\/wp\/v2\/types\/post"}],"author":[{"embeddable":true,"href":"https:\/\/noticiasveraces.com\/index.php?rest_route=\/wp\/v2\/users\/1"}],"replies":[{"embeddable":true,"href":"https:\/\/noticiasveraces.com\/index.php?rest_route=%2Fwp%2Fv2%2Fcomments&post=35963"}],"version-history":[{"count":0,"href":"https:\/\/noticiasveraces.com\/index.php?rest_route=\/wp\/v2\/posts\/35963\/revisions"}],"wp:attachment":[{"href":"https:\/\/noticiasveraces.com\/index.php?rest_route=%2Fwp%2Fv2%2Fmedia&parent=35963"}],"wp:term":[{"taxonomy":"category","embeddable":true,"href":"https:\/\/noticiasveraces.com\/index.php?rest_route=%2Fwp%2Fv2%2Fcategories&post=35963"},{"taxonomy":"post_tag","embeddable":true,"href":"https:\/\/noticiasveraces.com\/index.php?rest_route=%2Fwp%2Fv2%2Ftags&post=35963"}],"curies":[{"name":"wp","href":"https:\/\/api.w.org\/{rel}","templated":true}]}}