{"id":35940,"date":"2025-07-14T13:23:33","date_gmt":"2025-07-14T17:23:33","guid":{"rendered":"https:\/\/noticiasveraces.com\/?p=35940"},"modified":"2025-07-14T13:23:33","modified_gmt":"2025-07-14T17:23:33","slug":"trump-anuncia-la-venta-de-armas-a-los-aliados-de-la-otan-mientras-advierte-a-putin-de-100-de-tarifas-sin-trato-de-paz-2","status":"publish","type":"post","link":"https:\/\/noticiasveraces.com\/?p=35940","title":{"rendered":"Trump anuncia la venta de armas a los aliados de la OTAN mientras advierte a Putin de 100% de tarifas sin trato de paz"},"content":{"rendered":"<p> \n<\/p>\n<div>\n<div id=\"beyondwords-wrapper\" class=\"beyondwords-wrapper\">\n<p><span class=\"label-bg\">NUEVO<\/span>\u00a1Ahora puedes escuchar art\u00edculos de Fox News!\n  <\/p>\n<\/div>\n<p class=\"speakable\">El presidente Donald Trump confirm\u00f3 el lunes que Estados Unidos acord\u00f3 vender armas a la OTAN momentos despu\u00e9s de que dijo que el presidente ruso Vladimir Putin tiene 50 d\u00edas para asegurar un acuerdo de paz con Ucrania o enfrentar aranceles \u00ab100%\u00bb. <\/p>\n<p class=\"speakable\">El secretario general de la OTAN, Mark Rutte, dijo que Trump lo llam\u00f3 el jueves para confirmar que quer\u00eda llegar a un acuerdo con los aliados de la OTAN para venderles armas por ayuda a Ucrania. <\/p>\n<p>Trump dijo que miles de millones de d\u00f3lares por valor de los Estados Unidos se comprar\u00edan a aliados como Alemania, Finlandia y Dinamarca que se \u00abdistribuir\u00e1n r\u00e1pidamente\u00bb a Ucrania. <\/p>\n<div class=\"image-ct inline\">\n<div class=\"m\"><picture><source media=\"(max-width: 767px)\" srcset=\"https:\/\/a57.foxnews.com\/static.foxnews.com\/foxnews.com\/content\/uploads\/2025\/07\/343\/192\/rutte-meets-with-trump.jpg?ve=1&amp;tl=1, https:\/\/a57.foxnews.com\/static.foxnews.com\/foxnews.com\/content\/uploads\/2025\/07\/686\/384\/rutte-meets-with-trump.jpg?ve=1&amp;tl=1 2x\" height=\"192\" width=\"343\"><source media=\"(min-width: 768px) and (max-width: 1023px)\" srcset=\"https:\/\/a57.foxnews.com\/static.foxnews.com\/foxnews.com\/content\/uploads\/2025\/07\/672\/378\/rutte-meets-with-trump.jpg?ve=1&amp;tl=1, https:\/\/a57.foxnews.com\/static.foxnews.com\/foxnews.com\/content\/uploads\/2025\/07\/1344\/756\/rutte-meets-with-trump.jpg?ve=1&amp;tl=1 2x\" height=\"378\" width=\"672\"><source media=\"(min-width: 1024px) and (max-width: 1279px)\" srcset=\"https:\/\/a57.foxnews.com\/static.foxnews.com\/foxnews.com\/content\/uploads\/2025\/07\/931\/523\/rutte-meets-with-trump.jpg?ve=1&amp;tl=1, https:\/\/a57.foxnews.com\/static.foxnews.com\/foxnews.com\/content\/uploads\/2025\/07\/1862\/1046\/rutte-meets-with-trump.jpg?ve=1&amp;tl=1 2x\" height=\"523\" width=\"931\"><source media=\"(min-width: 1280px)\" srcset=\"https:\/\/a57.foxnews.com\/static.foxnews.com\/foxnews.com\/content\/uploads\/2025\/07\/720\/405\/rutte-meets-with-trump.jpg?ve=1&amp;tl=1, https:\/\/a57.foxnews.com\/static.foxnews.com\/foxnews.com\/content\/uploads\/2025\/07\/1440\/810\/rutte-meets-with-trump.jpg?ve=1&amp;tl=1 2x\" height=\"405\" width=\"720\"><img loading=\"lazy\" decoding=\"async\" src=\"https:\/\/a57.foxnews.com\/static.foxnews.com\/foxnews.com\/content\/uploads\/2025\/07\/1200\/675\/rutte-meets-with-trump.jpg?ve=1&amp;tl=1\" alt=\"Trump y Rutte entran en un nuevo acuerdo de la OTAN.\" width=\"1200\" height=\"675\"\/><\/source><\/source><\/source><\/source><\/picture><\/div>\n<div class=\"info\">\n<div class=\"caption\">\n<p><span>El presidente de los Estados Unidos, Donald Trump, a la derecha, y Mark Rutte, Secretario General de la Organizaci\u00f3n del Tratado del Atl\u00e1ntico Norte (OTAN), se dieron la mano durante una reuni\u00f3n en la Oficina Oval de la Casa Blanca en Washington, DC, EE. UU., El lunes 14 de julio de 2025. <\/span> <span>(Yuri Gripas\/Abaca\/Bloomberg a trav\u00e9s de Getty Images)<\/span><\/p>\n<\/div>\n<\/div>\n<\/div>\n<p><strong>Trump dice que nos enviar\u00e1 misiles patriotas a Ucrania, agrega que Putin &#8216;habla bien y luego bombea a todos&#8217;<\/strong><\/p>\n<p>\u00abEsto es realmente grande\u00bb, dijo Rutte a periodistas de la Oficina Oval sentada junto a Trump. <\/p>\n<p>Rutte, quien dijo que la decisi\u00f3n se bas\u00f3 en el \u00abtremendo \u00e9xito\u00bb de la cumbre de la OTAN del mes pasado cuando casi todas las naciones en la alianza acordaron aumentar su gasto de defensa para alcanzar el 5% del PIB de su naci\u00f3n, llamado el movimiento \u00abl\u00f3gico\u00bb.<\/p>\n<p>\u00abEsta es nuevamente las naciones europeas de pie\u00bb, agreg\u00f3 Rutte. \u00abHe estado en contacto con muchos pa\u00edses, puedo decirte en este momento Alemania, masivamente, pero tambi\u00e9n Finlandia, Dinamarca y Suecia y Noruega, tenemos el Reino de los Pa\u00edses Bajos, Canad\u00e1, todos quieren ser parte de esto. <\/p>\n<p>\u00abY esta es solo la primera ola. Habr\u00e1 m\u00e1s\u00bb, confirm\u00f3 Rutte. \u00abEntonces, lo que haremos es trabajar a trav\u00e9s de los sistemas de la OTAN para asegurarnos de saber lo que necesitan los ucranianos\u00bb.<\/p>\n<div class=\"image-ct inline\">\n<div class=\"m\"><picture><source media=\"(max-width: 767px)\" srcset=\"https:\/\/a57.foxnews.com\/static.foxnews.com\/foxnews.com\/content\/uploads\/2025\/06\/343\/192\/g7-zelenskyy.jpg?ve=1&amp;tl=1, https:\/\/a57.foxnews.com\/static.foxnews.com\/foxnews.com\/content\/uploads\/2025\/06\/686\/384\/g7-zelenskyy.jpg?ve=1&amp;tl=1 2x\" height=\"192\" width=\"343\"><source media=\"(min-width: 768px) and (max-width: 1023px)\" srcset=\"https:\/\/a57.foxnews.com\/static.foxnews.com\/foxnews.com\/content\/uploads\/2025\/06\/672\/378\/g7-zelenskyy.jpg?ve=1&amp;tl=1, https:\/\/a57.foxnews.com\/static.foxnews.com\/foxnews.com\/content\/uploads\/2025\/06\/1344\/756\/g7-zelenskyy.jpg?ve=1&amp;tl=1 2x\" height=\"378\" width=\"672\"><source media=\"(min-width: 1024px) and (max-width: 1279px)\" srcset=\"https:\/\/a57.foxnews.com\/static.foxnews.com\/foxnews.com\/content\/uploads\/2025\/06\/931\/523\/g7-zelenskyy.jpg?ve=1&amp;tl=1, https:\/\/a57.foxnews.com\/static.foxnews.com\/foxnews.com\/content\/uploads\/2025\/06\/1862\/1046\/g7-zelenskyy.jpg?ve=1&amp;tl=1 2x\" height=\"523\" width=\"931\"><source media=\"(min-width: 1280px)\" srcset=\"https:\/\/a57.foxnews.com\/static.foxnews.com\/foxnews.com\/content\/uploads\/2025\/06\/720\/405\/g7-zelenskyy.jpg?ve=1&amp;tl=1, https:\/\/a57.foxnews.com\/static.foxnews.com\/foxnews.com\/content\/uploads\/2025\/06\/1440\/810\/g7-zelenskyy.jpg?ve=1&amp;tl=1 2x\" height=\"405\" width=\"720\"><img loading=\"lazy\" decoding=\"async\" src=\"https:\/\/a57.foxnews.com\/static.foxnews.com\/foxnews.com\/content\/uploads\/2025\/06\/1200\/675\/g7-zelenskyy.jpg?ve=1&amp;tl=1\" alt=\"French President Emmanuel Macron, European Commission President Ursula Von der Leyen, NATO Secretary General Mark Rutte, Japanese Prime Minister Shigeru Ishiba, German Chancellor Friedrich Merz, US Secretary of Treasury Scott Bessent, Canadian Prime Minister Mark Carney, Ukrainian President Volodymyr Zelenskyy, British Prime Minister Keir Starmer, and Italian Prime Minister Giorgia Meloni meet during the Group of Seven (G7) Cumbre\" width=\"1200\" height=\"675\"\/><\/source><\/source><\/source><\/source><\/picture><\/div>\n<div class=\"info\">\n<div class=\"caption\">\n<p><span>(L\/R, clockwise) French President Emmanuel Macron, European Commission President Ursula Von der Leyen, NATO Secretary General Mark Rutte, Japanese Prime Minister Shigeru Ishiba, German Chancellor Friedrich Merz, US Secretary of Treasury Scott Bessent, Canadian Prime Minister Mark Carney, Ukrainian President Volodymyr Zelenskyy, British Prime Minister Keir Starmer, and Italian Prime Minister Giorgia Meloni se re\u00fane durante el grupo de siete (G7) cumbre en el Pomeroy Kananaskis Mountain Lodge en Kananaskis, Alberta, Canad\u00e1, el 17 de junio de 2025<\/span> <span>(Ludovic Marin\/AFP a trav\u00e9s de Getty Images)<\/span><\/p>\n<\/div>\n<\/div>\n<\/div>\n<p><strong>Trump considerando m\u00e1s ayuda para Ucrania a medida que crece la frustraci\u00f3n con Rusia<\/strong><\/p>\n<p>Rutte dijo que ya se hab\u00eda reunido con el Secretario de Defensa Pete Hegseth para garantizar que Estados Unidos mantenga lo que necesita para sus reservas, pero tambi\u00e9n trabaja con los aliados de la OTAN para cumplir con las \u00f3rdenes de defensa de Ucrania. <\/p>\n<p>Trump dijo que estaba \u00abmuy infeliz\u00bb con Mosc\u00fa y expres\u00f3 su frustraci\u00f3n por lo que pensaba que deber\u00eda haber sido un trato hecho al menos \u00abhace dos meses\u00bb.<\/p>\n<p>Ambos l\u00edderes dijeron que pensaron que hab\u00edan asegurado un acuerdo con Putin en cuatro ocasiones diferentes, pero luego \u00ablas bombas ser\u00edan arrojadas esa noche, y usted dir\u00eda: no estamos haciendo ning\u00fan acuerdo\u00bb, dijo Trump a los periodistas. <\/p>\n<p>\u00abHablo mucho con \u00e9l sobre hacer esto, y siempre cuelgo diciendo: &#8216;Bueno, esa fue una buena llamada telef\u00f3nica&#8217;, y luego los misiles se lanzan a Kyiv o en alguna otra ciudad, y dir\u00eda &#8216;extra\u00f1o\u00bb, dijo Trump relatando sus conversaciones con Putin. \u00abY despu\u00e9s de eso sucede tres o cuatro veces, dices, la charla no significa nada\u00bb.<\/p>\n<div class=\"image-ct inline\">\n<div class=\"m\"><picture><source media=\"(max-width: 767px)\" srcset=\"https:\/\/a57.foxnews.com\/static.foxnews.com\/foxnews.com\/content\/uploads\/2025\/07\/343\/192\/rutte-and-trump-enter-new-nato-agreement-scaled.jpg?ve=1&amp;tl=1, https:\/\/a57.foxnews.com\/static.foxnews.com\/foxnews.com\/content\/uploads\/2025\/07\/686\/384\/rutte-and-trump-enter-new-nato-agreement-scaled.jpg?ve=1&amp;tl=1 2x\" height=\"192\" width=\"343\"><source media=\"(min-width: 768px) and (max-width: 1023px)\" srcset=\"https:\/\/a57.foxnews.com\/static.foxnews.com\/foxnews.com\/content\/uploads\/2025\/07\/672\/378\/rutte-and-trump-enter-new-nato-agreement-scaled.jpg?ve=1&amp;tl=1, https:\/\/a57.foxnews.com\/static.foxnews.com\/foxnews.com\/content\/uploads\/2025\/07\/1344\/756\/rutte-and-trump-enter-new-nato-agreement-scaled.jpg?ve=1&amp;tl=1 2x\" height=\"378\" width=\"672\"><source media=\"(min-width: 1024px) and (max-width: 1279px)\" srcset=\"https:\/\/a57.foxnews.com\/static.foxnews.com\/foxnews.com\/content\/uploads\/2025\/07\/931\/523\/rutte-and-trump-enter-new-nato-agreement-scaled.jpg?ve=1&amp;tl=1, https:\/\/a57.foxnews.com\/static.foxnews.com\/foxnews.com\/content\/uploads\/2025\/07\/1862\/1046\/rutte-and-trump-enter-new-nato-agreement-scaled.jpg?ve=1&amp;tl=1 2x\" height=\"523\" width=\"931\"><source media=\"(min-width: 1280px)\" srcset=\"https:\/\/a57.foxnews.com\/static.foxnews.com\/foxnews.com\/content\/uploads\/2025\/07\/720\/405\/rutte-and-trump-enter-new-nato-agreement-scaled.jpg?ve=1&amp;tl=1, https:\/\/a57.foxnews.com\/static.foxnews.com\/foxnews.com\/content\/uploads\/2025\/07\/1440\/810\/rutte-and-trump-enter-new-nato-agreement-scaled.jpg?ve=1&amp;tl=1 2x\" height=\"405\" width=\"720\"><img loading=\"lazy\" decoding=\"async\" src=\"https:\/\/a57.foxnews.com\/static.foxnews.com\/foxnews.com\/content\/uploads\/2025\/07\/1200\/675\/rutte-and-trump-enter-new-nato-agreement-scaled.jpg?ve=1&amp;tl=1\" alt=\"Trump y la rutte de la OTAN anuncian un nuevo acuerdo.\" width=\"1200\" height=\"675\"\/><\/source><\/source><\/source><\/source><\/picture><\/div>\n<div class=\"info\">\n<div class=\"caption\">\n<p><span>El presidente de los Estados Unidos, Donald Trump, a la segunda izquierda, y Mark Rutte, Secretario General de la Organizaci\u00f3n del Tratado del Atl\u00e1ntico Norte (OTAN), se fue, durante una reuni\u00f3n en la Oficina Oval de la Casa Blanca en Washington, DC, EE. UU., El lunes 14 de julio de 2025. <\/span> <span>(Yuri Gripas\/Abaca\/Bloomberg a trav\u00e9s de Getty Images)<\/span><\/p>\n<\/div>\n<\/div>\n<\/div>\n<p><strong>Haga clic aqu\u00ed para obtener la aplicaci\u00f3n Fox News<\/strong><\/p>\n<p>El presidente contrarrest\u00f3 un importante punto de conversaci\u00f3n de algunos republicanos aislacionistas que se oponen a la continuaci\u00f3n del apoyo de los Estados Unidos a Ucrania.<\/p>\n<p>\u00abEn \u00faltima instancia, tener una Europa fuerte es algo muy bueno\u00bb, agreg\u00f3 Trump. <\/p>\n<p> <!----> <\/p>\n<div class=\"article-meta\">\n<div class=\"author-bio\">\n<p>Caitlin McFall es reportero de Fox News Digital Cubting Politics, US y World News.<\/p>\n<\/div>\n<\/div>\n<\/div>\n\n","protected":false},"excerpt":{"rendered":"<p>NUEVO\u00a1Ahora puedes escuchar art\u00edculos de Fox News! El presidente Donald Trump confirm\u00f3 el lunes que Estados Unidos acord\u00f3 vender armas a la OTAN momentos despu\u00e9s de que dijo que el presidente ruso Vladimir Putin tiene 50 d\u00edas para asegurar un acuerdo de paz con Ucrania o enfrentar aranceles \u00ab100%\u00bb. El secretario general de la OTAN, &hellip;<\/p>\n","protected":false},"author":1,"featured_media":35942,"comment_status":"open","ping_status":"open","sticky":false,"template":"","format":"standard","meta":{"fifu_image_url":"https:\/\/static.foxnews.com\/foxnews.com\/content\/uploads\/2025\/07\/rutte-meets-with-trump.jpg","fifu_image_alt":"","footnotes":""},"categories":[13],"tags":[],"class_list":["post-35940","post","type-post","status-publish","format-standard","has-post-thumbnail","","category-mundo"],"_links":{"self":[{"href":"https:\/\/noticiasveraces.com\/index.php?rest_route=\/wp\/v2\/posts\/35940","targetHints":{"allow":["GET"]}}],"collection":[{"href":"https:\/\/noticiasveraces.com\/index.php?rest_route=\/wp\/v2\/posts"}],"about":[{"href":"https:\/\/noticiasveraces.com\/index.php?rest_route=\/wp\/v2\/types\/post"}],"author":[{"embeddable":true,"href":"https:\/\/noticiasveraces.com\/index.php?rest_route=\/wp\/v2\/users\/1"}],"replies":[{"embeddable":true,"href":"https:\/\/noticiasveraces.com\/index.php?rest_route=%2Fwp%2Fv2%2Fcomments&post=35940"}],"version-history":[{"count":0,"href":"https:\/\/noticiasveraces.com\/index.php?rest_route=\/wp\/v2\/posts\/35940\/revisions"}],"wp:featuredmedia":[{"embeddable":true,"href":"https:\/\/noticiasveraces.com\/index.php?rest_route=\/wp\/v2\/media\/35942"}],"wp:attachment":[{"href":"https:\/\/noticiasveraces.com\/index.php?rest_route=%2Fwp%2Fv2%2Fmedia&parent=35940"}],"wp:term":[{"taxonomy":"category","embeddable":true,"href":"https:\/\/noticiasveraces.com\/index.php?rest_route=%2Fwp%2Fv2%2Fcategories&post=35940"},{"taxonomy":"post_tag","embeddable":true,"href":"https:\/\/noticiasveraces.com\/index.php?rest_route=%2Fwp%2Fv2%2Ftags&post=35940"}],"curies":[{"name":"wp","href":"https:\/\/api.w.org\/{rel}","templated":true}]}}