{"id":35931,"date":"2025-07-14T11:56:23","date_gmt":"2025-07-14T15:56:23","guid":{"rendered":"https:\/\/noticiasveraces.com\/?p=35931"},"modified":"2025-07-14T11:56:23","modified_gmt":"2025-07-14T15:56:23","slug":"mi-madre-sacrificaba-una-comida-diaria-para-que-yo-no-pasara-hambre","status":"publish","type":"post","link":"https:\/\/noticiasveraces.com\/?p=35931","title":{"rendered":"\u00abMi madre sacrificaba una comida diaria para que yo no pasara hambre\u00bb"},"content":{"rendered":"<p> \n<\/p>\n<div>\n<p data-mrf-recirculation=\"Links P\u00e1rrafos\" class=\"ue-c-article__\"><strong>Joao Pedro ha ca\u00eddo de pie en el Chelsea<\/strong>. Llegar y besar el santo. Solo ha necesitado <strong>tres partidos para ganar el primer t\u00edtulo de su carrera<\/strong>. El brasile\u00f1o se ha adaptado a la perfecci\u00f3n, siendo una de las <strong>sensaciones del conjunto londinense y de este Mundial de Clubes<\/strong>.\u00a0Pero no es oro todo lo que reluce.\u00a0Pas\u00f3 por momentos muy dif\u00edciles durante su infancia. \u00abEn Xerem compart\u00edamos la casa con otro ni\u00f1o y su madre. <strong>Pasamos momentos econ\u00f3micos dif\u00edciles, momentos en los que hasta la comida escaseaba, y mi madre renunciaba a una comida para que yo pudiera comer mejor<\/strong>\u00ab, afirm\u00f3 el jugador formado en la cantera de Fluminense.<\/p>\n<p data-mrf-recirculation=\"Links P\u00e1rrafos\" class=\"ue-c-article__\">El delantero <strong>estaba \u2018tomando el sol\u2019 en la playa&#8230;<\/strong> hasta que, el 2 de julio, <strong>los \u2018blues\u2019 hicieron oficial su compra al Brighton por 63,7 millones de euros<\/strong>. Firm\u00f3 un <strong>contrato hasta 2033<\/strong> y vol\u00f3 desde Brasil\u00a0a Estados Unidos para incorporarse a las filas de su nuevo equipo. <strong>Tres partidos, tres goles<\/strong>erigi\u00e9ndose como el delantero titular de cara a la pr\u00f3xima temporada por delante de Liam Delap y de Nicolas Jackson. <strong>Una carta de presentaci\u00f3n casi inmejorable<\/strong>.<\/p>\n<figure class=\"ue-c-article__media ue-c-article__media--image\">\n<div class=\"ue-c-article__media-img-container ue-l-article--expand-edge-right-until-tablet ue-l-article--expand-edge-left-until-tablet\"><picture><source type=\"image\/webp\" sizes=\"(min-width: 1010px) 660px, (min-width: 980px) calc(100vw - 350px), (min-width: 740px) calc(100vw - 320px), 100vw\" srcset=\"https:\/\/e00-xlk-ue-marca.uecdn.es\/files\/article_360_widen_webp\/uploads\/2025\/07\/14\/68751779cf35b.webp 360w,https:\/\/e00-xlk-ue-marca.uecdn.es\/files\/article_375_widen_webp\/uploads\/2025\/07\/14\/68751779cf35b.webp 375w,https:\/\/e00-xlk-ue-marca.uecdn.es\/files\/article_414_widen_webp\/uploads\/2025\/07\/14\/68751779cf35b.webp 414w,https:\/\/e00-xlk-ue-marca.uecdn.es\/files\/article_660_widen_webp\/uploads\/2025\/07\/14\/68751779cf35b.webp 660w,https:\/\/e00-xlk-ue-marca.uecdn.es\/files\/article_720_widen_webp\/uploads\/2025\/07\/14\/68751779cf35b.webp 720w,https:\/\/e00-xlk-ue-marca.uecdn.es\/files\/article_750_widen_webp\/uploads\/2025\/07\/14\/68751779cf35b.webp 750w,https:\/\/e00-xlk-ue-marca.uecdn.es\/files\/article_828_widen_webp\/uploads\/2025\/07\/14\/68751779cf35b.webp 828w,https:\/\/e00-xlk-ue-marca.uecdn.es\/files\/article_1320_widen_webp\/uploads\/2025\/07\/14\/68751779cf35b.webp 1320w\"><source type=\"image\/png\" sizes=\"(min-width: 1010px) 660px, (min-width: 980px) calc(100vw - 350px), (min-width: 740px) calc(100vw - 320px), 100vw\" srcset=\"https:\/\/e00-xlk-ue-marca.uecdn.es\/files\/article_360_widen\/uploads\/2025\/07\/14\/68751779cf35b.png 360w,https:\/\/e00-xlk-ue-marca.uecdn.es\/files\/article_375_widen\/uploads\/2025\/07\/14\/68751779cf35b.png 375w,https:\/\/e00-xlk-ue-marca.uecdn.es\/files\/article_414_widen\/uploads\/2025\/07\/14\/68751779cf35b.png 414w,https:\/\/e00-xlk-ue-marca.uecdn.es\/files\/article_660_widen\/uploads\/2025\/07\/14\/68751779cf35b.png 660w,https:\/\/e00-xlk-ue-marca.uecdn.es\/files\/article_720_widen\/uploads\/2025\/07\/14\/68751779cf35b.png 720w,https:\/\/e00-xlk-ue-marca.uecdn.es\/files\/article_750_widen\/uploads\/2025\/07\/14\/68751779cf35b.png 750w,https:\/\/e00-xlk-ue-marca.uecdn.es\/files\/article_828_widen\/uploads\/2025\/07\/14\/68751779cf35b.png 828w,https:\/\/e00-xlk-ue-marca.uecdn.es\/files\/article_1320_widen\/uploads\/2025\/07\/14\/68751779cf35b.png 1320w\"><img decoding=\"async\" width=\"1500\" height=\"1500\" class=\"ue-c-article__image lazyload\" alt=\"Estad\u00edsticas de Joao Pedro en el Mundial de Clubes.\" loading=\"lazy\" src=\"https:\/\/e00-xlk-ue-marca.uecdn.es\/uploads\/2025\/07\/14\/68751779cf35b.png\"\/><\/source><\/source><\/picture><\/div><figcaption class=\"ue-c-article__media-caption\">\n<p><span class=\"ue-c-article__media-description\">Estad\u00edsticas de Joao Pedro en el Mundial de Clubes.<\/span><span class=\"ue-c-article__media-source\"><span class=\"ue-c-article__media-author\">MARCA<\/span><\/span><\/p>\n<\/figcaption><\/figure>\n<h2 class=\"ue-c-article__subheadline\">La historia de Joao Pedro: infancia dif\u00edcil, sue\u00f1o cumplido<\/h2>\n<p data-mrf-recirculation=\"Links P\u00e1rrafos\" class=\"ue-c-article__\">Nacido en Ribeirao Preto (Sao Paulo), <strong>Joao Pedro y su madre Flavia lo apostaron todo por su sue\u00f1o de ser futbolista<\/strong>. Con apenas 11 a\u00f1os, su familia recorri\u00f3 643 kil\u00f3metros hasta Xerem, en R\u00edo de Janeiro, para unirse a la cantera del Fluminense. Luiz Felipe, ojeador del sub11 de &#8216;Flu&#8217;, lo descubri\u00f3 en un torneo en Valpara\u00edso y confi\u00f3 plenamente en su talento.<\/p>\n<blockquote class=\"ue-c-article__blockquote\">\n<p>Dejamos todo atr\u00e1s para perseguir mi sue\u00f1o de ser futbolista profesional<\/p>\n<p><span class=\"ue-c-article__blockquote-author\">Joao Pedro<\/span><\/p><\/blockquote>\n<p data-mrf-recirculation=\"Links P\u00e1rrafos\" class=\"ue-c-article__\"><strong>\u201cDejamos todo atr\u00e1s para perseguir mi sue\u00f1o de ser futbolista profesional\u201d<\/strong>cont\u00f3 el brasile\u00f1o al diario Daily Mail. En Xerem, compartieron casa con otra familia y vivieron momentos econ\u00f3micos muy duros: <strong>\u00abMi madre renunciaba a una comida para que yo pudiera comer mejor\u00bb<\/strong>recuerda. El <strong>Fluminense<\/strong> no solo le ofreci\u00f3 formaci\u00f3n futbol\u00edstica, sino tambi\u00e9n <strong>apoyo econ\u00f3mico y emocional<\/strong>.<\/p>\n<p data-mrf-recirculation=\"Links P\u00e1rrafos\" class=\"ue-c-article__\">Tras triunfar en Brasil y en la Premier, Joao Pedro se incorpor\u00f3 al Chelsea en pleno Mundial de Clubes. <strong>Una charla con Enzo Maresca le dio confianza: \u00abEs uno de los mejores clubes del mundo\u00bb<\/strong>manifest\u00f3 el delantero.<\/p>\n<h2 class=\"ue-c-article__subheadline\">Campe\u00f3n del Mundial de Clubes<\/h2>\n<p data-mrf-recirculation=\"Links P\u00e1rrafos\" class=\"ue-c-article__\">Joao Pedro cerr\u00f3 una semana inolvidable al proclamarse <strong>campe\u00f3n del Mundial de Clubes con el Chelsea<\/strong>. El joven delantero debut\u00f3 en cuartos de final ante el Palmeiras, dejando buenas sensaciones en los minutos que disput\u00f3 saliendo desde el banquillo. <strong>Su gran momento en el torneo lleg\u00f3 en semifinales, contra su exequipo, Fluminense<\/strong>. All\u00ed se form\u00f3 como futbolista, pero <strong>aplic\u00f3 la famosa &#8216;ley del ex&#8217;<\/strong>, <strong>anotando dos goles decisivos en su primera titularidad que dieron la victoria a los \u2018blues\u2019 por 2-0<\/strong>.<\/p>\n<p data-mrf-recirculation=\"Links P\u00e1rrafos\" class=\"ue-c-article__\">En la <strong>final<\/strong>frente al todopoderoso <strong>Paris Saint-Germain<\/strong>, <strong>Joao Pedro volvi\u00f3 a ser protagonista<\/strong>. <strong>Marc\u00f3 el tercer tanto de su equipo<\/strong> para sellar el contundente triunfo por 3-0 y coronar al <strong>Chelsea como campe\u00f3n del Mundial de Clubes<\/strong>. Con apenas 23 a\u00f1os, Joao Pedro demostr\u00f3 estar a la altura de las grandes citas y apunta a convertirse en una pieza clave para el conjunto londinense. <strong>Su historia es un ejemplo de superaci\u00f3n y sacrificio, y ahora brilla en la \u00e9lite mundial<\/strong>.<\/p>\n<\/div>\n\n","protected":false},"excerpt":{"rendered":"<p>Joao Pedro ha ca\u00eddo de pie en el Chelsea. Llegar y besar el santo. Solo ha necesitado tres partidos para ganar el primer t\u00edtulo de su carrera. El brasile\u00f1o se ha adaptado a la perfecci\u00f3n, siendo una de las sensaciones del conjunto londinense y de este Mundial de Clubes.\u00a0Pero no es oro todo lo que &hellip;<\/p>\n","protected":false},"author":1,"featured_media":35933,"comment_status":"open","ping_status":"open","sticky":false,"template":"","format":"standard","meta":{"fifu_image_url":"https:\/\/e00-xlk-ue-marca.uecdn.es\/files\/phantom_desktop_1200w\/uploads\/2025\/07\/14\/687514c33f716.jpeg","fifu_image_alt":"","footnotes":""},"categories":[6],"tags":[],"class_list":["post-35931","post","type-post","status-publish","format-standard","has-post-thumbnail","","category-deportes"],"_links":{"self":[{"href":"https:\/\/noticiasveraces.com\/index.php?rest_route=\/wp\/v2\/posts\/35931","targetHints":{"allow":["GET"]}}],"collection":[{"href":"https:\/\/noticiasveraces.com\/index.php?rest_route=\/wp\/v2\/posts"}],"about":[{"href":"https:\/\/noticiasveraces.com\/index.php?rest_route=\/wp\/v2\/types\/post"}],"author":[{"embeddable":true,"href":"https:\/\/noticiasveraces.com\/index.php?rest_route=\/wp\/v2\/users\/1"}],"replies":[{"embeddable":true,"href":"https:\/\/noticiasveraces.com\/index.php?rest_route=%2Fwp%2Fv2%2Fcomments&post=35931"}],"version-history":[{"count":0,"href":"https:\/\/noticiasveraces.com\/index.php?rest_route=\/wp\/v2\/posts\/35931\/revisions"}],"wp:featuredmedia":[{"embeddable":true,"href":"https:\/\/noticiasveraces.com\/index.php?rest_route=\/wp\/v2\/media\/35933"}],"wp:attachment":[{"href":"https:\/\/noticiasveraces.com\/index.php?rest_route=%2Fwp%2Fv2%2Fmedia&parent=35931"}],"wp:term":[{"taxonomy":"category","embeddable":true,"href":"https:\/\/noticiasveraces.com\/index.php?rest_route=%2Fwp%2Fv2%2Fcategories&post=35931"},{"taxonomy":"post_tag","embeddable":true,"href":"https:\/\/noticiasveraces.com\/index.php?rest_route=%2Fwp%2Fv2%2Ftags&post=35931"}],"curies":[{"name":"wp","href":"https:\/\/api.w.org\/{rel}","templated":true}]}}