{"id":35915,"date":"2025-07-14T08:15:16","date_gmt":"2025-07-14T12:15:16","guid":{"rendered":"https:\/\/noticiasveraces.com\/?p=35915"},"modified":"2025-07-14T08:15:16","modified_gmt":"2025-07-14T12:15:16","slug":"espana-impulsa-ley-para-un-embargo-de-armas-a-israel-dw-14-07-2025","status":"publish","type":"post","link":"https:\/\/noticiasveraces.com\/?p=35915","title":{"rendered":"Espa\u00f1a impulsa ley para un embargo de armas a Israel \u2013 DW \u2013 14\/07\/2025"},"content":{"rendered":"<p> \n<\/p>\n<div>\n<p>El presidente del Gobierno de Espa\u00f1a, Pedro S\u00e1nchez, y la vicepresidenta segunda, Yolanda D\u00edaz, acordaron impulsar la tramitaci\u00f3n en el Congreso de la proposici\u00f3n de ley que permitir\u00e1 incorporar la figura del embargo a la legislaci\u00f3n espa\u00f1ola y habilitar as\u00ed su aplicaci\u00f3n efectiva para el comercio de armas a Israel.<\/p>\n<p>Fuentes del Gobierno informaron a los medios espa\u00f1oles del acuerdo de S\u00e1nchez y D\u00edaz para acelerar la tramitaci\u00f3n de esa proposici\u00f3n de ley\u00a0en la C\u00e1mara baja. <\/p>\n<h2>Fuerzas pol\u00edticas a favor y en contra<\/h2>\n<p>Esta iniciativa parlamentaria fue admitida a tr\u00e1mite el pasado 20 de mayo y, con este acuerdo entre el jefe del Gobierno y su vicepresidenta y representante de Sumar, la intenci\u00f3n es que sea aprobada en el mes de septiembre.<\/p>\n<p>La proposici\u00f3n fue registrada en el Congreso por Sumar, ERC y Podemos para reformar la ley de 2007 sobre el control del comercio exterior de material de defensa y de doble uso e introducir la figura del embargo para la venta, compra o intercambio de armas con pa\u00edses que vulneran gravemente el derecho internacional humanitario.<\/p>\n<p>Su admisi\u00f3n a tr\u00e1mite fue aprobada con los votos de esos grupos y los de PSOE, PNV, EH Bildu, BNG y Junts, mientras que cont\u00f3 con la oposici\u00f3n del PP y Vox.<\/p>\n<p>El Gobierno explica que esta iniciativa permitir\u00e1 incorporar la figura del embargo a la legislaci\u00f3n espa\u00f1ola, consolidar as\u00ed el embargo a la industria militar israel\u00ed y extenderlo a todos los materiales relacionados con la defensa y a la asistencia t\u00e9cnica prestada por empresas armament\u00edsticas de ese pa\u00eds.<\/p>\n<p>Las fuentes citadas han subrayado que el respeto al derecho internacional es el \u00fanico camino y el Gobierno har\u00e1 cuanto est\u00e9 en su mano para defenderlo.<\/p>\n<h2>Bloqueo comercial desde el 7 de octubre<\/h2>\n<p>En ese contexto, y ante la situaci\u00f3n que se vive en Gaza, recuerdan que en los \u00faltimos a\u00f1os Espa\u00f1a ha incrementado su apoyo financiero a la Agencia de las Naciones Unidas para los Refugiados en Palestina (UNRWA) y reconoci\u00f3 el a\u00f1o pasado el Estado palestino.<\/p>\n<p>A ello, suma que haya secundado las causas abiertas ante la Corte Penal Internacional y la Corte Internacional de Justicia contra el primer ministro israel\u00ed, Benjam\u00edn Netanyahu, y haya impulsado varias resoluciones en Naciones Unidas para exigir un alto al fuego permanente y sin condiciones. <\/p>\n<p><a href=\"https:\/\/www.youtube.com\/watch?v=whcjfss3lfi\">https:\/\/www.youtube.com\/watch?v=whcjfss3lfi<\/a><\/p>\n<p>De la misma forma, recuerda que ha puesto en marcha un bloqueo comercial por el que no se compra ni se vende armamento ni munici\u00f3n a Israel desde el 7 de octubre de 2023. Ese d\u00eda, Ham\u00e1s, considerada una organizaci\u00f3n terrorista por la Uni\u00f3n Europea, atac\u00f3 Israel, dejando m\u00e1s de 1.200 muertos y secuestrando a m\u00e1s de 250 personas. Desde entonces, Israel, que argumenta con su derecho a la defensa,\u00a0lleva a cabo una ofensiva de\u00a0represalia en la Franja de Gaza, que ya ha dejado entre cerca de 60.000 y m\u00e1s de 100.000 muertos, seg\u00fan diversas fuentes.<\/p>\n<p><span data-slot-id=\"Article_InContent-1\" class=\"rich-text-ad\"\/><\/p>\n<h2>Embargo de armas \u00ablo antes posible\u00bb, defiende Defensa<\/h2>\n<p>Tambi\u00e9n ministra espa\u00f1ola de Defensa, Margarita Robles, defendi\u00f3 este lunes las medidas que sean necesarias sobre guerra de Gaza, entre ellas, que se acuerde \u00ablo antes posible una ley en relaci\u00f3n con el embargo de armas\u00bb a Israel.<\/p>\n<p>\u00abEn el Gobierno somos los primeros y todas las medidas que sean necesarias, las que hagan falta, que se ponga por escrito, que se acuerde lo antes posible una ley en relaci\u00f3n con el embargo. Ah\u00ed nos van a encontrar siempre los primeros\u00bb, asegur\u00f3 la ministra al ser preguntada por este tema en Televisi\u00f3n Espa\u00f1ola, despu\u00e9s de que mil profesionales de la cultura espa\u00f1ola hayan pedido al presidente del Gobierno, Pedro S\u00e1nchez, un embargo de armas. <\/p>\n<blockquote class=\"tweet embed\" data-id=\"1944677955516694652\"\/>\n<p>Desde que comenz\u00f3 la invasi\u00f3n de Gaza, seg\u00fan Robles, Espa\u00f1a ha dejado de comprar y vender material a Israel y, aunque reconoci\u00f3 que existen contratos antiguos, recalc\u00f3 que la desconexi\u00f3n con Israel va a ser total.\u00a0\u00abSalen por ah\u00ed informes de vez en cuando, que yo con todo el respeto, no s\u00e9 muy bien de d\u00f3nde salen, pero el compromiso es un compromiso claro\u00bb, incidi\u00f3 Robles.<\/p>\n<p>Insisti\u00f3 en cualquier medida que sirva en contra de la guerra, de la violencia, pero de verdad:\u00a0\u00abNo vale con las declaraciones\u00bb.<\/p>\n<h2>Petici\u00f3n de profesionales de la cultura<\/h2>\n<p>La petici\u00f3n que el mundo de la cultura realiza a Pedro S\u00e1nchez, por su parte, se expresa en una carta en la que exigen que \u00abEspa\u00f1a no puede seguir exportando e importando material militar ni permitiendo el tr\u00e1nsito de armas o combustible con destino a un Estado que lleva d\u00e9cadas cometiendo cr\u00edmenes de guerra y contra la humanidad\u00bb.<\/p>\n<p>Natalie Poza, Carlos Bardem, Mar\u00eda Botto, Luis Tosar, Guillermo Solana, Javier Fesser, \u00d3liver Laxe, entre otros, expresan en la misiva que \u00abmantener los negocios armament\u00edsticos con Israel es complicidad activa con el genocidio\u00bb y piden al Gobierno de S\u00e1nchez que decrete el embargo integral de armas a Israel por v\u00eda de un Real Decreto Ley. <\/p>\n<p>Adem\u00e1s de las fuerzas de oposici\u00f3n espa\u00f1olas, otros Gobiernos europeos como el de Alemania se oponen a esta postura frente al Gobierno de Israel, pese a expresar cr\u00edticas contra su proceder en Gaza.<\/p>\n<p>rml (efe, @Defesnagob, El Pa\u00eds, El Mundo)<\/p>\n<\/div>\n\n","protected":false},"excerpt":{"rendered":"<p>El presidente del Gobierno de Espa\u00f1a, Pedro S\u00e1nchez, y la vicepresidenta segunda, Yolanda D\u00edaz, acordaron impulsar la tramitaci\u00f3n en el Congreso de la proposici\u00f3n de ley que permitir\u00e1 incorporar la figura del embargo a la legislaci\u00f3n espa\u00f1ola y habilitar as\u00ed su aplicaci\u00f3n efectiva para el comercio de armas a Israel. Fuentes del Gobierno informaron a &hellip;<\/p>\n","protected":false},"author":1,"featured_media":35916,"comment_status":"open","ping_status":"open","sticky":false,"template":"","format":"standard","meta":{"fifu_image_url":"https:\/\/static.dw.com\/image\/73257625_6.jpg","fifu_image_alt":"","footnotes":""},"categories":[13],"tags":[],"class_list":["post-35915","post","type-post","status-publish","format-standard","has-post-thumbnail","","category-mundo"],"_links":{"self":[{"href":"https:\/\/noticiasveraces.com\/index.php?rest_route=\/wp\/v2\/posts\/35915","targetHints":{"allow":["GET"]}}],"collection":[{"href":"https:\/\/noticiasveraces.com\/index.php?rest_route=\/wp\/v2\/posts"}],"about":[{"href":"https:\/\/noticiasveraces.com\/index.php?rest_route=\/wp\/v2\/types\/post"}],"author":[{"embeddable":true,"href":"https:\/\/noticiasveraces.com\/index.php?rest_route=\/wp\/v2\/users\/1"}],"replies":[{"embeddable":true,"href":"https:\/\/noticiasveraces.com\/index.php?rest_route=%2Fwp%2Fv2%2Fcomments&post=35915"}],"version-history":[{"count":0,"href":"https:\/\/noticiasveraces.com\/index.php?rest_route=\/wp\/v2\/posts\/35915\/revisions"}],"wp:featuredmedia":[{"embeddable":true,"href":"https:\/\/noticiasveraces.com\/index.php?rest_route=\/wp\/v2\/media\/35916"}],"wp:attachment":[{"href":"https:\/\/noticiasveraces.com\/index.php?rest_route=%2Fwp%2Fv2%2Fmedia&parent=35915"}],"wp:term":[{"taxonomy":"category","embeddable":true,"href":"https:\/\/noticiasveraces.com\/index.php?rest_route=%2Fwp%2Fv2%2Fcategories&post=35915"},{"taxonomy":"post_tag","embeddable":true,"href":"https:\/\/noticiasveraces.com\/index.php?rest_route=%2Fwp%2Fv2%2Ftags&post=35915"}],"curies":[{"name":"wp","href":"https:\/\/api.w.org\/{rel}","templated":true}]}}