{"id":35875,"date":"2025-07-14T02:03:41","date_gmt":"2025-07-14T06:03:41","guid":{"rendered":"https:\/\/noticiasveraces.com\/?p=35875"},"modified":"2025-07-14T02:03:41","modified_gmt":"2025-07-14T06:03:41","slug":"tokio-alerta-por-acercamiento-de-tifon-nari-dw-14-07-2025","status":"publish","type":"post","link":"https:\/\/noticiasveraces.com\/?p=35875","title":{"rendered":"Tokio alerta por acercamiento de tif\u00f3n Nari \u2013 DW \u2013 14\/07\/2025"},"content":{"rendered":"<p> \n<\/p>\n<div>\n<p>El tif\u00f3n Nari, el quinto de la temporada en el Pac\u00edfico, se aproxima a Tokio este lunes (14.07.2025), donde se espera que deje fuertes vientos, alto oleaje y posibles deslizamientos de tierra, seg\u00fan advirti\u00f3 la Agencia Meteorol\u00f3gica de Jap\u00f3n (JMA).<\/p>\n<p>Est\u00e1 previsto que el tif\u00f3n se acerque a la c\u00e9ntrica regi\u00f3n japonesa de Kanto este lunes por la tarde, en la que se encuentra Tokio, donde podr\u00eda dejar vientos de hasta 126 km\/h y fuertes precipitaciones en las pr\u00f3ximas 24 horas de hasta 120 mil\u00edmetros en el centro y norte de Jap\u00f3n.<\/p>\n<p>Hacia las 12:50 de hoy (5:50 de la madrugada CET), el tif\u00f3n se encontraba a menos de 200 kil\u00f3metros al este de la prefectura de Chiba, cercana a Tokio, y se desplazaba hacia el norte a una velocidad de unos 35 km\/h.<\/p>\n<p>La JMA pidi\u00f3 precauci\u00f3n ante fuertes vientos y oleaje, as\u00ed como ante deslizamientos de tierra, inundaciones en zonas bajas y crecidas de los r\u00edos, adem\u00e1s de rayos y r\u00e1fagas de viento.<\/p>\n<p>\u00abEsta tarde, estableceremos una oficina de enlace de informaci\u00f3n en el Centro de Gesti\u00f3n de Crisis de la Oficina del Primer Ministro y celebraremos una reuni\u00f3n de alerta de desastre con los ministerios y organismos pertinentes para garantizar que el gobierno est\u00e9 completamente preparado\u00bb, dijo hoy el subsecretario jefe del Gabinete japon\u00e9s, Keiichiro Tachibana, en una rueda de prensa.<\/p>\n<p>Tachibana pidi\u00f3 a la poblaci\u00f3n extremar precauciones ante posibles deslizamientos de tierra, inundaciones en zonas bajas y crecidas y desbordamientos de r\u00edos.<\/p>\n<p>JC (Efe, NHK)<\/p>\n<\/p>\n<\/div>\n\n","protected":false},"excerpt":{"rendered":"<p>El tif\u00f3n Nari, el quinto de la temporada en el Pac\u00edfico, se aproxima a Tokio este lunes (14.07.2025), donde se espera que deje fuertes vientos, alto oleaje y posibles deslizamientos de tierra, seg\u00fan advirti\u00f3 la Agencia Meteorol\u00f3gica de Jap\u00f3n (JMA). Est\u00e1 previsto que el tif\u00f3n se acerque a la c\u00e9ntrica regi\u00f3n japonesa de Kanto este &hellip;<\/p>\n","protected":false},"author":1,"featured_media":35876,"comment_status":"open","ping_status":"open","sticky":false,"template":"","format":"standard","meta":{"fifu_image_url":"https:\/\/static.dw.com\/image\/70405303_6.jpg","fifu_image_alt":"","footnotes":""},"categories":[13],"tags":[],"class_list":["post-35875","post","type-post","status-publish","format-standard","has-post-thumbnail","","category-mundo"],"_links":{"self":[{"href":"https:\/\/noticiasveraces.com\/index.php?rest_route=\/wp\/v2\/posts\/35875","targetHints":{"allow":["GET"]}}],"collection":[{"href":"https:\/\/noticiasveraces.com\/index.php?rest_route=\/wp\/v2\/posts"}],"about":[{"href":"https:\/\/noticiasveraces.com\/index.php?rest_route=\/wp\/v2\/types\/post"}],"author":[{"embeddable":true,"href":"https:\/\/noticiasveraces.com\/index.php?rest_route=\/wp\/v2\/users\/1"}],"replies":[{"embeddable":true,"href":"https:\/\/noticiasveraces.com\/index.php?rest_route=%2Fwp%2Fv2%2Fcomments&post=35875"}],"version-history":[{"count":0,"href":"https:\/\/noticiasveraces.com\/index.php?rest_route=\/wp\/v2\/posts\/35875\/revisions"}],"wp:featuredmedia":[{"embeddable":true,"href":"https:\/\/noticiasveraces.com\/index.php?rest_route=\/wp\/v2\/media\/35876"}],"wp:attachment":[{"href":"https:\/\/noticiasveraces.com\/index.php?rest_route=%2Fwp%2Fv2%2Fmedia&parent=35875"}],"wp:term":[{"taxonomy":"category","embeddable":true,"href":"https:\/\/noticiasveraces.com\/index.php?rest_route=%2Fwp%2Fv2%2Fcategories&post=35875"},{"taxonomy":"post_tag","embeddable":true,"href":"https:\/\/noticiasveraces.com\/index.php?rest_route=%2Fwp%2Fv2%2Ftags&post=35875"}],"curies":[{"name":"wp","href":"https:\/\/api.w.org\/{rel}","templated":true}]}}