{"id":35865,"date":"2025-07-13T23:53:21","date_gmt":"2025-07-14T03:53:21","guid":{"rendered":"https:\/\/noticiasveraces.com\/?p=35865"},"modified":"2025-07-13T23:53:21","modified_gmt":"2025-07-14T03:53:21","slug":"escandalo-por-fiesta-de-cumpleanos-de-lamine-yamal-habrian-pagado-a-personas-con-enanismo-curiosidades-de-futbol","status":"publish","type":"post","link":"https:\/\/noticiasveraces.com\/?p=35865","title":{"rendered":"Esc\u00e1ndalo por fiesta de cumplea\u00f1os de Lamine Yamal: habr\u00edan pagado a personas con enanismo | Curiosidades de f\u00fatbol"},"content":{"rendered":"<p> \n<br \/><img decoding=\"async\" src=\"https:\/\/www.futbolred.com\/files\/article_graphic\/files\/crop\/uploads\/2025\/04\/29\/6810c9a8c3b52.r_1343569.0-0-1024-512.jpeg\" \/><\/p>\n<div id=\"cuerpoArticulo\">\n<p class=\"texto intro\" id=\"pnull-m194-193-195\">Muchos lo califican como el mejor del mundo, como el sucesor de Messi, como la m\u00e1s grande promesa del f\u00fatbol mundial. <\/p>\n<p class=\"texto contenido-parrafo-articulo\" id=\"pnull-m206-2-207\">\u00a1Y apenas este fin de semana ha celebrado su mayor\u00eda de edad! Lamine Yamal se da el lujo de ser campe\u00f3n de Liga, Copa y Supercopa de\u00a0 Espa\u00f1a como gran protagonista. Y eso que, de no ser por Inter de Milan, habr\u00eda podido jugar su primera final de Champions League. Ese es su nuevo objetivo. <\/p>\n<p class=\"texto contenido-parrafo-articulo\" id=\"pnull-m292-3-293\"><b>Fiesta de 18 a\u00f1os y esc\u00e1ndalo<br \/><\/b><br \/>Y como era de esperarse, el muchacho organiz\u00f3 una fiesta por todo lo alto para festejar sus 18 a\u00f1os, una celebraci\u00f3n llena de estrellas del f\u00fatbol y la far\u00e1ndula que, infortunadamente, puede tener un pol\u00e9mico final. <\/p>\n<p>Seg\u00fan la prensa de Espa\u00f1a, la enorme fiesta, con m\u00e1s de 250 invitados, tuvo lugar en la Masia Alcazar del Garraf, un evento privado, sin c\u00e1maras y con mucha seguridad.<\/p>\n<p>La mayor\u00eda de la plantilla cul\u00e9 hizo presencia, peor muchos se fueron muy temprano ya que estaban citados este domingo a las revisiones m\u00e9dicas de la pretemporada. Se quedaron los m\u00e1s cercanos,\u00a0Gavi, Cubars\u00ed, Fort y Balde y se extra\u00f1\u00f3 a Nico Williams.<\/p>\n<p>Pero, aunque estaban prohibidas las publicaciones del evento, se filtraron im\u00e1genes que podr\u00edan generar dificultados para el joven Yamal. <br \/>\u200b<br \/>Seg\u00fan la Asociaci\u00f3n de Personas con Acondroplasia y Otras Displasias Esquel\u00e9ticas con Enanismo de Espa\u00f1a, habr\u00eda un hecho delicado en la celebraci\u00f3n.<\/p>\n<p>\u201cLa Asociaci\u00f3n de Personas con Acondroplasia y Otras Displasias Esquel\u00e9ticas con Enanismo denuncia la contrataci\u00f3n de personas con enanismo como entretenimiento en la fiesta de Lamine Yamal. Actuaremos por la v\u00eda legal y social\u00bb, denunci\u00f3 la entidad en su cuenta de X.<\/p>\n<p>Seg\u00fan el Diario de Pontevedra, \u00abla legislaci\u00f3n espa\u00f1ola contempla sanciones para quienes organicen o participen en actividades que vulneren los derechos de las personas con discapacidad, pudiendo oscilar desde multas econ\u00f3micas hasta otras medidas seg\u00fan la gravedad de los hechos y el grado de responsabilidad\u00bb.<\/p>\n<div id=\"pnull-m428-5-429\" class=\"\">\n<blockquote class=\"twitter-tweet\" data-media-max-width=\"560\">\n<p lang=\"es\" dir=\"ltr\">COMUNICADO OFICIAL | La Asociaci\u00f3n de Personas con Acondroplasia y Otras Displasias Esquel\u00e9ticas con Enanismo denuncia la contrataci\u00f3n de personas con enanismo como entretenimiento en la fiesta de Lamine Yamal.<br \/>Actuaremos por la v\u00eda legal y social.https:\/\/t.co\/cAjEH0Fm03<\/p>\n<p>\u2014 Asociaci\u00f3n ADEE (@adee_esp) <a href=\"https:\/\/twitter.com\/adee_esp\/status\/1944402236731199899?ref_src=twsrc%5Etfw\">13 de julio de 2025<\/a><\/p><\/blockquote><\/div>\n<p class=\"texto contenido-parrafo-articulo\" id=\"pnull-m419-5-420\"><b>Despu\u00e9s, del &#8216;guayabo&#8217; habr\u00eda problemas<br \/><\/b><br \/>En medio de la fiesta, Yamal pidi\u00f3 como regalo repetir\u00a0los t\u00edtulos de Liga, Copa del Rey y Supercopa pero no fallar en la Champions League n en el Mundial 2026. <\/p>\n<p>\u00abA los 18 a\u00f1os les pido todo lo que han tenido los 16 y los 17, m\u00e1s los t\u00edtulos que me faltan: la &#8216;Champions&#8217; y el Mundial\u00bb, asegur\u00f3 en la serie documental &#8216;Inside Bar\u00e7a 24\/25&#8217;.<\/p>\n<p>Ahora para \u00e9l viene, este lunes, la presentaci\u00f3n de las pruebas pendientes y el inicio oficial de la pretemporada. Sus abogados, en todo caso, tendr\u00e1n que atender el asunto de la denuncia de lo que habr\u00eda ocurrido en la parranda, que podr\u00eda generarle una muy inc\u00f3moda situaci\u00f3n.<\/p>\n<\/p><\/div>\n<p><script async src=\"https:\/\/platform.twitter.com\/widgets.js\" charset=\"utf-8\"><\/script><br \/>\n<br \/>\n","protected":false},"excerpt":{"rendered":"<p>Muchos lo califican como el mejor del mundo, como el sucesor de Messi, como la m\u00e1s grande promesa del f\u00fatbol mundial. \u00a1Y apenas este fin de semana ha celebrado su mayor\u00eda de edad! Lamine Yamal se da el lujo de ser campe\u00f3n de Liga, Copa y Supercopa de\u00a0 Espa\u00f1a como gran protagonista. Y eso que, &hellip;<\/p>\n","protected":false},"author":1,"featured_media":35867,"comment_status":"open","ping_status":"open","sticky":false,"template":"","format":"standard","meta":{"fifu_image_url":"https:\/\/www.futbolred.com\/files\/og_thumbnail\/uploads\/2025\/04\/29\/6810c9a8c3b52.jpeg","fifu_image_alt":"","footnotes":""},"categories":[6],"tags":[],"class_list":["post-35865","post","type-post","status-publish","format-standard","has-post-thumbnail","","category-deportes"],"_links":{"self":[{"href":"https:\/\/noticiasveraces.com\/index.php?rest_route=\/wp\/v2\/posts\/35865","targetHints":{"allow":["GET"]}}],"collection":[{"href":"https:\/\/noticiasveraces.com\/index.php?rest_route=\/wp\/v2\/posts"}],"about":[{"href":"https:\/\/noticiasveraces.com\/index.php?rest_route=\/wp\/v2\/types\/post"}],"author":[{"embeddable":true,"href":"https:\/\/noticiasveraces.com\/index.php?rest_route=\/wp\/v2\/users\/1"}],"replies":[{"embeddable":true,"href":"https:\/\/noticiasveraces.com\/index.php?rest_route=%2Fwp%2Fv2%2Fcomments&post=35865"}],"version-history":[{"count":0,"href":"https:\/\/noticiasveraces.com\/index.php?rest_route=\/wp\/v2\/posts\/35865\/revisions"}],"wp:featuredmedia":[{"embeddable":true,"href":"https:\/\/noticiasveraces.com\/index.php?rest_route=\/wp\/v2\/media\/35867"}],"wp:attachment":[{"href":"https:\/\/noticiasveraces.com\/index.php?rest_route=%2Fwp%2Fv2%2Fmedia&parent=35865"}],"wp:term":[{"taxonomy":"category","embeddable":true,"href":"https:\/\/noticiasveraces.com\/index.php?rest_route=%2Fwp%2Fv2%2Fcategories&post=35865"},{"taxonomy":"post_tag","embeddable":true,"href":"https:\/\/noticiasveraces.com\/index.php?rest_route=%2Fwp%2Fv2%2Ftags&post=35865"}],"curies":[{"name":"wp","href":"https:\/\/api.w.org\/{rel}","templated":true}]}}