{"id":35829,"date":"2025-07-13T18:14:17","date_gmt":"2025-07-13T22:14:17","guid":{"rendered":"https:\/\/noticiasveraces.com\/?p=35829"},"modified":"2025-07-13T18:14:17","modified_gmt":"2025-07-13T22:14:17","slug":"kristi-noem-dice-que-trump-quiere-que-fema-rehice-y-se-muestran-mas-tarifas-para-los-socios-comerciales-de-los-estados-unidos-rundown-de-fin-de-semana","status":"publish","type":"post","link":"https:\/\/noticiasveraces.com\/?p=35829","title":{"rendered":"Kristi Noem dice que Trump quiere que FEMA &#8216;rehice&#8217;, y se muestran m\u00e1s tarifas para los socios comerciales de los Estados Unidos: Rundown de fin de semana"},"content":{"rendered":"<p> \n<\/p>\n<div>\n<p id=\"anchor-84c0c7\" class=\"body-graf\">La secretaria de Seguridad Nacional, Kristi Noem, dijo el presidente Donald Trump <strong>quiere que la agencia federal de gesti\u00f3n de emergencias \u00abrehice\u00bb<\/strong> en lugar de desmantelar por completo.<\/p>\n<p id=\"anchor-4486c7\" class=\"body-graf\">\u00abCreo que el Presidente reconoce que FEMA no deber\u00eda existir de la manera que siempre ha sido. Debe ser redistribuida de una manera nueva, y eso es lo que hicimos durante esta respuesta\u00bb, dijo Noem en una entrevista sobre \u00abMeet the Press\u00bb de NBC News, refiri\u00e9ndose a la respuesta del gobierno federal a las inundaciones de Texas que Texas que TEXAS <strong>devast\u00f3 la regi\u00f3n y dej\u00f3 m\u00e1s de 120 muertos<\/strong>.<\/p>\n<p id=\"anchor-7780cd\" class=\"body-graf\">Trump ha criticado previamente a FEMA, que forma parte del Departamento de Seguridad Nacional, y reflexion\u00f3 sobre posiblemente \u00abdeshacerse\u00bb de la agencia, que administra el alivio de emergencia. Noem tambi\u00e9n ha dicho anteriormente que la administraci\u00f3n eliminar\u00eda a FEMA.<\/p>\n<p id=\"anchor-8429b9\" class=\"body-graf\">Cuando se le pregunt\u00f3 en \u00abMeet the Press\u00bb por segunda vez si Trump ya no quer\u00eda terminar con la agencia, Noem reiter\u00f3 que cre\u00eda que el presidente \u00abquiere que se rehice para que sea una agencia nueva en c\u00f3mo despliegue y apoya a los estados\u00bb.<\/p>\n<p id=\"anchor-081e3b\" class=\"body-graf\">Noem tambi\u00e9n descart\u00f3 las cr\u00edticas a la respuesta a las inundaciones de la administraci\u00f3n de algunos dem\u00f3cratas despu\u00e9s de que la senadora Elizabeth Warren, D-Mass., Pidi\u00f3 su renuncia.<\/p>\n<p id=\"anchor-4d12a4\" class=\"body-graf\">\u00abNo me importa lo que piense\u00bb, dijo Noem, y agreg\u00f3 que hab\u00eda \u00abno\u00bb posibilidades de que renunciara.<\/p>\n<h2 id=\"anchor-35338e\" class=\"body-heading\">Trump dice que golpear\u00e1 a la UE y M\u00e9xico con un arancel del 30%<\/h2>\n<p id=\"anchor-90f8d6\" class=\"body-graf\">El presidente Donald Trump el s\u00e1bado <strong>amenaz\u00f3 una caminata arancelaria significativa<\/strong> En la Uni\u00f3n Europea y M\u00e9xico, dos de los mayores socios comerciales de los Estados Unidos.<\/p>\n<p id=\"anchor-ec3f7c\" class=\"body-graf\">En cartas separadas publicadas en Truth Social, el Presidente escribi\u00f3 que cada pa\u00eds enfrentar\u00e1 una tasa tarifa general del 30% en todos los bienes exportados a los EE. UU. A partir del 1 de agosto, y amenaz\u00f3 con tarifas a\u00fan m\u00e1s altas si la UE o M\u00e9xico representa contra sus nuevos grav\u00e1menes.<\/p>\n<p id=\"anchor-b6a7c9\" class=\"body-graf\">El domingo, la UE dijo que <strong>suspender las tarifas de represalia programadas para entrar en vigencia el lunes<\/strong> con la esperanza de llegar a un acuerdo comercial para fin de mes.<\/p>\n<p id=\"anchor-32b247\" class=\"body-graf\">Trump pas\u00f3 la semana pasada llevando su guerra comercial de regreso a ebullici\u00f3n. Lo inici\u00f3 emitiendo docenas de cartas que anunciaban aranceles unilaterales, luego dijo que planeaba imponer aranceles del 50% a los bienes de cobre, enviando precios del metal crudo a los m\u00e1ximos hist\u00f3ricos. El jueves por la noche, anunci\u00f3 que aplicar\u00eda una tarifa general de hasta el 20% en todas las importaciones, as\u00ed como <strong>un arancel del 35% sobre algunas, y quiz\u00e1s todas, las importaciones canadienses<\/strong> a partir del pr\u00f3ximo mes.<\/p>\n<p id=\"anchor-352e91\" class=\"body-graf\">Las cartas se producen cuando los muchos acuerdos comerciales que hab\u00edan dicho que los funcionarios de la administraci\u00f3n de Trump habr\u00edan firmado no se han materializado, dejando al presidente con poco que mostrar durante semanas de negociaciones.<\/p>\n<h2 id=\"anchor-c05113\" class=\"body-heading\">&#8216;Conoce la prensa&#8217;<\/h2>\n<p id=\"anchor-421256\" class=\"body-graf\">El gobernador Andy Beshear, D-Ky., <strong>no descartar para postularse para presidente en 2028<\/strong>dici\u00e9ndole al moderador de \u00abMeet the Press\u00bb Kristen Welker para que pueda \u00abechar un vistazo\u00bb al lanzar una oferta.<\/p>\n<p id=\"anchor-9edc8e\" class=\"body-graf\">\u00abNunca hubiera considerado esto hace un par de a\u00f1os, pero no dejar\u00e9 un pa\u00eds roto a mis hijos o al de nadie m\u00e1s\u00bb, dijo Beshear. \u00abY as\u00ed, si soy alguien que en ese momento, creo que puedo curar el pa\u00eds, entonces lo echar\u00e9 un vistazo\u00bb.<\/p>\n<p id=\"anchor-98c72c\" class=\"body-graf\">Beshear, quien fue elegido gobernador por primera vez en 2019, gan\u00f3 la reelecci\u00f3n en 2023, convirti\u00e9ndose en un dem\u00f3crata raro para gobernar un estado rojo rub\u00ed, donde el 64.5% de los votantes votaron al presidente Donald Trump en 2024.<\/p>\n<p id=\"anchor-aefa81\" class=\"body-graf\">Cuando se le pregunt\u00f3 si se postulaba para presidente, Beshear dijo: \u00abLo que estoy haciendo en este momento es tratar de ser una voz razonable que, con suerte, no solo re\u00fane a los dem\u00f3cratas, sino a los dem\u00f3cratas, republicanos e independientes\u00bb.<\/p>\n<h2 id=\"anchor-1a3c97\" class=\"body-heading\">Pol\u00edtica en breve <\/h2>\n<ul id=\"anchor-b5e675\" class=\"break-above body-ul body-list-el\">\n<li><strong>Un a\u00f1o despu\u00e9s de Butler: <\/strong>Un nuevo informe del Senado sobre el intento de asesinato de Trump en una manifestaci\u00f3n de campa\u00f1a en Pensilvania <strong>ha revelado \u00abfallas m\u00faltiples e inaceptables\u00bb<\/strong> en la planificaci\u00f3n y respuesta del Servicio Secreto de los Estados Unidos.<\/li>\n<li><strong>Al igual que los viejos tiempos:<\/strong> Triunfo <strong>amenaz\u00f3 con llevar la ciudadan\u00eda estadounidense de la comediante Rosie O&#8217;Donnell<\/strong>algo que no puede hacer legalmente, reavivando una disputa entre d\u00e9cadas entre la pareja.<\/li>\n<\/ul>\n<ul id=\"anchor-4adcf3\" class=\"break-above body-ul body-list-el\">\n<li><strong>Trump vs. Sleep:<\/strong> Trump enfrenta un <strong>Revuelta de su base MAGA <\/strong>A medida que los archivos de Jeffrey Epstein, y los llamados a la Fiscal General Pam Bondi se dispararon, dominaron una conferencia conservadora en Tampa este fin de semana.<\/li>\n<li><strong>Georgia en la mente de Trump: <\/strong>C\u00f3mo a mitad de per\u00edodo <strong>Los votantes reaccionan en Georgia<\/strong>que ha tomado el centro del escenario en la era de Trump como un estado clave en el campo de batalla, podr\u00eda ayudar a determinar c\u00f3mo van los dos a\u00f1os finales de su presidencia.<\/li>\n<\/ul>\n<h2 id=\"anchor-49523d\" class=\"body-heading\">Wimbledon corona a sus campeones masculinos y femeninos <\/h2>\n<figure class=\"styles_inlineImage__FvnTh styles_medium__MEKii\" id=\"anchor-4492de\"><picture class=\"styles_image__i32F7\" data-testid=\"picture\"><source media=\"(min-width: 1000px)\" srcset=\"https:\/\/media-cldnry.s-nbcnews.com\/image\/upload\/t_fit-560w,f_avif,q_auto:eco,dpr_2\/rockcms\/2025-07\/250713-jannik-sinner-vl-304p-c3ffe1.jpg 2x, https:\/\/media-cldnry.s-nbcnews.com\/image\/upload\/t_fit-560w,f_auto,q_auto:best\/rockcms\/2025-07\/250713-jannik-sinner-vl-304p-c3ffe1.jpg 1x\"\/><source media=\"(min-width: 320px)\" srcset=\"https:\/\/media-cldnry.s-nbcnews.com\/image\/upload\/t_fit-760w,f_avif,q_auto:eco,dpr_2\/rockcms\/2025-07\/250713-jannik-sinner-vl-304p-c3ffe1.jpg 2x, https:\/\/media-cldnry.s-nbcnews.com\/image\/upload\/t_fit-760w,f_auto,q_auto:best\/rockcms\/2025-07\/250713-jannik-sinner-vl-304p-c3ffe1.jpg 1x\"\/><img decoding=\"async\" loading=\"lazy\" src=\"https:\/\/media-cldnry.s-nbcnews.com\/image\/upload\/t_fit-760w,f_auto,q_auto:best\/rockcms\/2025-07\/250713-jannik-sinner-vl-304p-c3ffe1.jpg\" alt=\"Jannik Sinner besa un trofeo de oro que est\u00e1 sosteniendo\" height=\"1333\" width=\"2000\"\/><\/picture><figcaption class=\"caption styles_caption__TCewG\" data-testid=\"caption\"><span class=\"caption__container\" data-testid=\"caption__container\">Jannik Sinner besa el trofeo de singles masculinos de Wimbledon el domingo despu\u00e9s de su victoria sobre Carlos Alcaraz en Londres.<\/span><span class=\"caption__source\" data-testid=\"caption__source\">Julian Finney \/ Getty Images<\/span><\/figcaption><\/figure>\n<p id=\"anchor-2027d9\" class=\"body-graf\">Jannik Sinner gan\u00f3 su primer t\u00edtulo de Wimbledon el domingo, derrotando a su rival Carlos Alcaraz en cuatro sets para <strong>capturar su cuarto trofeo de Grand Slam<\/strong>.<\/p>\n<p id=\"anchor-999da4\" class=\"body-graf\">En una revancha de la final del Abierto de Francia de June, que Alcaraz gan\u00f3 despu\u00e9s de dejar caer los dos primeros sets, esta vez fue Sinner quien vino por detr\u00e1s para la victoria. Sinner perdi\u00f3 el primer set antes de ganar 4-6, 6-4, 6-4, 6-4.<\/p>\n<p id=\"anchor-473d20\" class=\"body-graf\">\u00abEs muy especial\u00bb, dijo Sinner despu\u00e9s del partido durante una entrevista en la cancha. \u00abTuve una p\u00e9rdida muy dif\u00edcil en Par\u00eds, al final del d\u00eda no importa c\u00f3mo ganes o pierdas, tienes que entender lo que hiciste mal. Eso es lo que hicimos\u00bb.<\/p>\n<ul id=\"anchor-cafc16\" class=\"break-above body-ul body-list-el\">\n<li><strong>Pon un corcho:<\/strong> Una botella de la multitud de mal tiempo dio como resultado un <strong>aterrizaje de corcho en la cancha<\/strong>. \u00abDamas y caballeros\u00bb, dijo el \u00e1rbitro en el altavoz, \u00abcomo cortes\u00eda para ambos jugadores, por favor no exploten los corchos de champ\u00e1n al igual que los jugadores est\u00e1n a punto de servir\u00bb.<\/li>\n<\/ul>\n<figure class=\"styles_inlineImage__FvnTh styles_medium__MEKii\" id=\"anchor-2ac8bd\"><picture class=\"styles_image__i32F7\" data-testid=\"picture\"><source media=\"(min-width: 1000px)\" srcset=\"https:\/\/media-cldnry.s-nbcnews.com\/image\/upload\/t_fit-560w,f_avif,q_auto:eco,dpr_2\/rockcms\/2025-07\/Susan-MullaneSusan-Mullane-Imagn-Images-Iga-Swiatek-defeats-Amanda-Anisimova-6-0-6-0-to-win-her-first-Wimbledon-title-7933da.jpg 2x, https:\/\/media-cldnry.s-nbcnews.com\/image\/upload\/t_fit-560w,f_auto,q_auto:best\/rockcms\/2025-07\/Susan-MullaneSusan-Mullane-Imagn-Images-Iga-Swiatek-defeats-Amanda-Anisimova-6-0-6-0-to-win-her-first-Wimbledon-title-7933da.jpg 1x\"\/><source media=\"(min-width: 320px)\" srcset=\"https:\/\/media-cldnry.s-nbcnews.com\/image\/upload\/t_fit-760w,f_avif,q_auto:eco,dpr_2\/rockcms\/2025-07\/Susan-MullaneSusan-Mullane-Imagn-Images-Iga-Swiatek-defeats-Amanda-Anisimova-6-0-6-0-to-win-her-first-Wimbledon-title-7933da.jpg 2x, https:\/\/media-cldnry.s-nbcnews.com\/image\/upload\/t_fit-760w,f_auto,q_auto:best\/rockcms\/2025-07\/Susan-MullaneSusan-Mullane-Imagn-Images-Iga-Swiatek-defeats-Amanda-Anisimova-6-0-6-0-to-win-her-first-Wimbledon-title-7933da.jpg 1x\"\/><img decoding=\"async\" loading=\"lazy\" src=\"https:\/\/media-cldnry.s-nbcnews.com\/image\/upload\/t_fit-760w,f_auto,q_auto:best\/rockcms\/2025-07\/Susan-MullaneSusan-Mullane-Imagn-Images-Iga-Swiatek-defeats-Amanda-Anisimova-6-0-6-0-to-win-her-first-Wimbledon-title-7933da.jpg\" alt=\"12 de julio de 2025; Wimbledon, Reino Unido; IGA Swiatek de Polonia besa el trofeo despu\u00e9s de ganar el partido final femenino contra Amanda Anisimova de los Estados Unidos el d\u00eda 13 en All England Lawn Tenis y Croquet Club. Cr\u00e9dito obligatorio: Susan Mullane-Imagn Im\u00e1genes\" height=\"1080\" width=\"1920\"\/><\/picture><figcaption class=\"caption styles_caption__TCewG\" data-testid=\"caption\"><span class=\"caption__container\" data-testid=\"caption__container\">IGA Swiatek besa el trofeo de singles de Wimbledon Wombledon el s\u00e1bado despu\u00e9s de su victoria sobre Amanda Anisimova en Londres.<\/span><span class=\"caption__source\" data-testid=\"caption__source\">SUSAN MULLANE\/SUSAN MULLANE-IMAGN IMAGN<\/span><\/figcaption><\/figure>\n<p id=\"anchor-29e616\" class=\"body-graf\">El s\u00e1bado, la final femenina casi termin\u00f3 antes de verlo.<\/p>\n<p id=\"anchor-20c493\" class=\"body-graf\">En solo 57 minutos, el partido fue un asunto desagradable como <strong>No. 8 IGA Swiatek domin\u00f3 No. 13 Amanda Anisimova<\/strong>6-0, 6-0, para ganar su sexto t\u00edtulo de Grand Slam y primero en Wimbledon.<\/p>\n<p id=\"anchor-2f186a\" class=\"body-graf\">La pole, de 24 a\u00f1os, se convirti\u00f3 en la primera mujer desde 1911 en ganar la final de Wimbledon sin perder un solo juego. Ahora ha ganado todos los Grand Slam, excepto el Abierto de Australia.<\/p>\n<p id=\"anchor-f0d5db\" class=\"body-graf\">\u00abHonestamente, ni siquiera so\u00f1\u00e9 [of this]porque para m\u00ed, fue solo, como demasiado lejos, \u00bfsabes? Swiatek dijo.<\/p>\n<ul id=\"anchor-4113a6\" class=\"break-above body-ul body-list-el\">\n<li><strong>Un asunto repleto de estrellas: <\/strong>Mientras que la obra en la cancha obtuvo los titulares, tambi\u00e9n lo hizo la acci\u00f3n. Innumerables celebridades y atletas <strong>estuvieron asistiendo<\/strong> para el torneo.<\/li>\n<\/ul>\n<h2 id=\"anchor-a25189\" class=\"body-heading\">Cita notable <\/h2>\n<section class=\"blockquote\" id=\"anchor-aa6cfc\">\n<blockquote class=\"blockquote__quote\" cite=\"A Veteran State Department Employee\">\n<p>No s\u00e9 c\u00f3mo tratas a la gente de esta manera. Realmente no lo hago.<\/p>\n<p><small class=\"blockquote__source\"><span>Un veterano empleado del Departamento de Estado<\/span><\/small><\/p><\/blockquote>\n<\/section>\n<p id=\"anchor-4557af\" class=\"body-graf\">M\u00e1s de 1.300 empleados fueron obligados a salir del Departamento de Estado el viernes, llev\u00e1ndose consigo d\u00e9cadas de habilidades especializadas y capacitaci\u00f3n en el trabajo como parte del Cuerpo Diplom\u00e1tico de los Estados Unidos. Varios empleados de carrera que <strong>inesperadamente se encontraron con resbalones rosados<\/strong> le dijo a NBC News que estaban desconcertados por la revisi\u00f3n masiva.<\/p>\n<h2 id=\"anchor-b23a69\" class=\"body-heading\">En caso de que te lo hayas perdido <\/h2>\n<ul id=\"anchor-31b4c7\" class=\"break-above body-ul body-list-el\">\n<li>Dos personas fueron asesinadas y al menos otras tres, incluido un soldado estatal, resultaron heridos en lo que las autoridades describieron como un <strong>serie de incidentes<\/strong> En Lexington, Kentucky, despu\u00e9s de que un sospechoso dispar\u00f3 por primera vez al soldado.<\/li>\n<li>Un albergue hist\u00f3rico en el borde norte del Gran Ca\u00f1\u00f3n fue <strong>destruido por un incendio forestal de r\u00e1pido movimiento<\/strong>dijo el parque.<\/li>\n<li>Un estadounidense de 20 a\u00f1os de Florida fue <strong>golpeado hasta la muerte por colonos israel\u00edes<\/strong> Mientras visitaba a familiares en Cisjordania ocupada, seg\u00fan su familia y el Ministerio de Asuntos Exteriores de Palestino.<\/li>\n<li>La familia de un cient\u00edfico del noroeste cuestion\u00f3 los lazos de China <strong>demand\u00f3 a la universidad<\/strong>alegando que discrimin\u00f3 a ella a pesar de que estaba libre de incompararla, oblig\u00e1ndola a una instalaci\u00f3n psiqui\u00e1trica contra su voluntad y finalmente la llev\u00f3 a su suicidio.<\/li>\n<\/ul>\n<ul id=\"anchor-7631b5\" class=\"endmark break-above body-ul body-list-el\">\n<li>\u00cdcono musical Dolly Parton <strong>abri\u00f3 sobre sus luchas con la composici\u00f3n de canciones<\/strong> despu\u00e9s de la muerte de su esposo.<\/li>\n<li>El gobierno federal <strong>abandon\u00f3 los cargos contra un m\u00e9dico de Utah<\/strong> acusado de destruir $ 28,000 en vacunas covid.<\/li>\n<li>Un trabajador agr\u00edcola de California que result\u00f3 gravemente herido durante un <strong>incursi\u00f3n de inmigraci\u00f3n federal ca\u00f3tica <\/strong>ha muerto, seg\u00fan su familia.<\/li>\n<\/ul>\n<\/div>\n\n","protected":false},"excerpt":{"rendered":"<p>La secretaria de Seguridad Nacional, Kristi Noem, dijo el presidente Donald Trump quiere que la agencia federal de gesti\u00f3n de emergencias \u00abrehice\u00bb en lugar de desmantelar por completo. \u00abCreo que el Presidente reconoce que FEMA no deber\u00eda existir de la manera que siempre ha sido. Debe ser redistribuida de una manera nueva, y eso es &hellip;<\/p>\n","protected":false},"author":1,"featured_media":35831,"comment_status":"open","ping_status":"open","sticky":false,"template":"","format":"standard","meta":{"fifu_image_url":"https:\/\/media-cldnry.s-nbcnews.com\/image\/upload\/t_nbcnews-fp-1200-630,f_auto,q_auto:best\/rockcms\/2025-06\/250602-fema-hq-ac-929p-85fb66.jpg","fifu_image_alt":"","footnotes":""},"categories":[4],"tags":[],"class_list":["post-35829","post","type-post","status-publish","format-standard","has-post-thumbnail","","category-historias-destacadas"],"_links":{"self":[{"href":"https:\/\/noticiasveraces.com\/index.php?rest_route=\/wp\/v2\/posts\/35829","targetHints":{"allow":["GET"]}}],"collection":[{"href":"https:\/\/noticiasveraces.com\/index.php?rest_route=\/wp\/v2\/posts"}],"about":[{"href":"https:\/\/noticiasveraces.com\/index.php?rest_route=\/wp\/v2\/types\/post"}],"author":[{"embeddable":true,"href":"https:\/\/noticiasveraces.com\/index.php?rest_route=\/wp\/v2\/users\/1"}],"replies":[{"embeddable":true,"href":"https:\/\/noticiasveraces.com\/index.php?rest_route=%2Fwp%2Fv2%2Fcomments&post=35829"}],"version-history":[{"count":0,"href":"https:\/\/noticiasveraces.com\/index.php?rest_route=\/wp\/v2\/posts\/35829\/revisions"}],"wp:featuredmedia":[{"embeddable":true,"href":"https:\/\/noticiasveraces.com\/index.php?rest_route=\/wp\/v2\/media\/35831"}],"wp:attachment":[{"href":"https:\/\/noticiasveraces.com\/index.php?rest_route=%2Fwp%2Fv2%2Fmedia&parent=35829"}],"wp:term":[{"taxonomy":"category","embeddable":true,"href":"https:\/\/noticiasveraces.com\/index.php?rest_route=%2Fwp%2Fv2%2Fcategories&post=35829"},{"taxonomy":"post_tag","embeddable":true,"href":"https:\/\/noticiasveraces.com\/index.php?rest_route=%2Fwp%2Fv2%2Ftags&post=35829"}],"curies":[{"name":"wp","href":"https:\/\/api.w.org\/{rel}","templated":true}]}}