{"id":35824,"date":"2025-07-13T17:44:33","date_gmt":"2025-07-13T21:44:33","guid":{"rendered":"https:\/\/noticiasveraces.com\/?p=35824"},"modified":"2025-07-13T17:44:33","modified_gmt":"2025-07-13T21:44:33","slug":"merz-teme-que-aranceles-de-ee-uu-golpeen-economia-alemana-dw-13-07-2025","status":"publish","type":"post","link":"https:\/\/noticiasveraces.com\/?p=35824","title":{"rendered":"Merz teme que aranceles de EE.UU. golpeen econom\u00eda alemana \u2013 DW \u2013 13\/07\/2025"},"content":{"rendered":"<p> \n<\/p>\n<div>\n<p>El canciller de Alemania, Friedrich Merz, dijo este domingo (13.07.2025) que las consecuencias para la econom\u00eda alemana de la imposici\u00f3n de aranceles a las exportaciones de la Uni\u00f3n Europea a Estados Unidos ser\u00edan enormes, e insisti\u00f3 en la necesidad de buscar una soluci\u00f3n para evitar que se concreten las amenazas del presidente estadounidense, Donald Trump.<\/p>\n<p>\u00abEsto eclipsar\u00eda todo y afectar\u00eda directamente a la econom\u00eda exportadora alemana\u00bb, dijo Merz durante una entrevista con la emisora p\u00fablica alemana ARD. El canciller agreg\u00f3 que, al igual que el presidente de Francia, Emmanuel Macron, es partidario de imponer aranceles masivos como represalia si las negociaciones con Estados Unidos fracasan, pero \u00abno antes del 1 de agosto\u00bb.<\/p>\n<p>\u00abEstoy trabajando intensamente en eso\u00bb, apunt\u00f3 Merz, se\u00f1alando que las dos semanas y media que quedan para ese plazo, que es cuando comenzar\u00edan a regir los aranceles estadounidenses, deben ser aprovechadas para alcanzar una soluci\u00f3n. Indic\u00f3 que ha hablado con Macron, la presidenta de la Comisi\u00f3n Europea Ursula von der Leyen y Trump, y subray\u00f3 que las conversaciones para alcanzar un acuerdo \u00abest\u00e1n en una fase bastante avanzada\u201d.<\/p>\n<h2>Lo de Gaza \u00abno es aceptable\u201d<\/h2>\n<p>En otros temas, Merz dijo que no es aceptable lo que ocurre en la Franja de Gaza. \u00abLo que el Gobierno israel\u00ed est\u00e1 haciendo en la Franja de Gaza no me gusta ya desde hace muchas semanas\u00bb, afirm\u00f3. El canciller asegur\u00f3 que se lo ha comunicado al primer ministro israel\u00ed. \u00abEspero que nosotros, los europeos, junto con los estadounidenses, podamos encontrar un camino que conduzca a una soluci\u00f3n de dos Estados. Los palestinos tienen derecho a tener tambi\u00e9n un lugar donde vivir. Y lo que est\u00e1 ocurriendo actualmente en la Franja de Gaza no es aceptable\u00bb, recalc\u00f3.<\/p>\n<p>Tambi\u00e9n neg\u00f3 que exista una crisis del Gobierno de coalici\u00f3n ni de la democracia por el fracaso, el pasado viernes, de la votaci\u00f3n para cubrir vacantes en el Tribunal Constitucional (TC) por disputas en la alianza de conservadores y socialdem\u00f3cratas sobre una de las candidatas. \u00abNo fue agradable, pero tampoco es una crisis, no una crisis de la democracia, ni una crisis del Gobierno\u00bb, afirm\u00f3 Merz.<\/p>\n<p>DZC (DPA, AFP, Efe)<\/p>\n<\/div>\n\n","protected":false},"excerpt":{"rendered":"<p>El canciller de Alemania, Friedrich Merz, dijo este domingo (13.07.2025) que las consecuencias para la econom\u00eda alemana de la imposici\u00f3n de aranceles a las exportaciones de la Uni\u00f3n Europea a Estados Unidos ser\u00edan enormes, e insisti\u00f3 en la necesidad de buscar una soluci\u00f3n para evitar que se concreten las amenazas del presidente estadounidense, Donald Trump. &hellip;<\/p>\n","protected":false},"author":1,"featured_media":35825,"comment_status":"open","ping_status":"open","sticky":false,"template":"","format":"standard","meta":{"fifu_image_url":"https:\/\/static.dw.com\/image\/73262984_6.jpg","fifu_image_alt":"","footnotes":""},"categories":[13],"tags":[],"class_list":["post-35824","post","type-post","status-publish","format-standard","has-post-thumbnail","","category-mundo"],"_links":{"self":[{"href":"https:\/\/noticiasveraces.com\/index.php?rest_route=\/wp\/v2\/posts\/35824","targetHints":{"allow":["GET"]}}],"collection":[{"href":"https:\/\/noticiasveraces.com\/index.php?rest_route=\/wp\/v2\/posts"}],"about":[{"href":"https:\/\/noticiasveraces.com\/index.php?rest_route=\/wp\/v2\/types\/post"}],"author":[{"embeddable":true,"href":"https:\/\/noticiasveraces.com\/index.php?rest_route=\/wp\/v2\/users\/1"}],"replies":[{"embeddable":true,"href":"https:\/\/noticiasveraces.com\/index.php?rest_route=%2Fwp%2Fv2%2Fcomments&post=35824"}],"version-history":[{"count":0,"href":"https:\/\/noticiasveraces.com\/index.php?rest_route=\/wp\/v2\/posts\/35824\/revisions"}],"wp:featuredmedia":[{"embeddable":true,"href":"https:\/\/noticiasveraces.com\/index.php?rest_route=\/wp\/v2\/media\/35825"}],"wp:attachment":[{"href":"https:\/\/noticiasveraces.com\/index.php?rest_route=%2Fwp%2Fv2%2Fmedia&parent=35824"}],"wp:term":[{"taxonomy":"category","embeddable":true,"href":"https:\/\/noticiasveraces.com\/index.php?rest_route=%2Fwp%2Fv2%2Fcategories&post=35824"},{"taxonomy":"post_tag","embeddable":true,"href":"https:\/\/noticiasveraces.com\/index.php?rest_route=%2Fwp%2Fv2%2Ftags&post=35824"}],"curies":[{"name":"wp","href":"https:\/\/api.w.org\/{rel}","templated":true}]}}