{"id":35819,"date":"2025-07-13T16:43:56","date_gmt":"2025-07-13T20:43:56","guid":{"rendered":"https:\/\/noticiasveraces.com\/?p=35819"},"modified":"2025-07-13T16:43:56","modified_gmt":"2025-07-13T20:43:56","slug":"papa-leon-xiv-aboga-por-una-revolucion-del-amor-dw-13-07-2025","status":"publish","type":"post","link":"https:\/\/noticiasveraces.com\/?p=35819","title":{"rendered":"Papa Le\u00f3n XIV aboga por una \u00abrevoluci\u00f3n del amor\u00bb \u2013 DW \u2013 13\/07\/2025"},"content":{"rendered":"<p> \n<\/p>\n<div>\n<p>El papa Le\u00f3n XIV presidi\u00f3 este domingo (13.07.2025) su primera misa p\u00fablica en el pueblo romano de Castel Gandolfo, donde pasa unos d\u00edas de descanso veraniego, y abog\u00f3 por una \u00abrevoluci\u00f3n del amor\u00bb ante los males del mundo, como las guerras, la indiferencia y los sistemas opresores.<\/p>\n<p>\u00abVer sin pasar de largo, detener nuestras carreras ajetreadas y dejar que la vida del otro, sea quien sea, con sus necesidades y sufrimientos, me rompan el coraz\u00f3n\u00bb, recomend\u00f3.<\/p>\n<p>El pont\u00edfice retom\u00f3 la tradici\u00f3n de pasar una parte del verano en esta pintoresca localidad a las afueras de Roma, m\u00e1s fresca al estar en lo alto de un volc\u00e1n extinto y a orillas del lago Albano, y aunque ya ha interactuado con sus vecinos desde su llegada el pasado domingo hoy ofici\u00f3 la primera misa p\u00fablica en el lugar.<\/p>\n<p>Lo hizo en una peque\u00f1a iglesia barroca proyectada por Bernini y dedicada al agustino espa\u00f1ol santo Tom\u00e1s de Villanueva. Le\u00f3n XIV lleg\u00f3 al lugar a bordo de un veh\u00edculo el\u00e9ctrico y antes de empezar la misa rez\u00f3 unos instantes ante la Virgen de su altar.<\/p>\n<p>Despu\u00e9s, ante un grupo m\u00e1s bien reducido de fieles y autoridades locales, dadas las dimensiones del templo, el pont\u00edfice pronunci\u00f3 una homil\u00eda inspirada en la par\u00e1bola del &#8216;buen samaritano&#8217; y en la que abogaba por la empat\u00eda y la compasi\u00f3n en el mundo.<\/p>\n<p>\u00abHoy se necesita esta revoluci\u00f3n del amor\u00bb, reclam\u00f3.<\/p>\n<p>RR Efe\/Vatican News<\/p>\n<\/div>\n\n","protected":false},"excerpt":{"rendered":"<p>El papa Le\u00f3n XIV presidi\u00f3 este domingo (13.07.2025) su primera misa p\u00fablica en el pueblo romano de Castel Gandolfo, donde pasa unos d\u00edas de descanso veraniego, y abog\u00f3 por una \u00abrevoluci\u00f3n del amor\u00bb ante los males del mundo, como las guerras, la indiferencia y los sistemas opresores. \u00abVer sin pasar de largo, detener nuestras carreras &hellip;<\/p>\n","protected":false},"author":1,"featured_media":35820,"comment_status":"open","ping_status":"open","sticky":false,"template":"","format":"standard","meta":{"fifu_image_url":"https:\/\/static.dw.com\/image\/72994025_6.jpg","fifu_image_alt":"","footnotes":""},"categories":[13],"tags":[],"class_list":["post-35819","post","type-post","status-publish","format-standard","has-post-thumbnail","","category-mundo"],"_links":{"self":[{"href":"https:\/\/noticiasveraces.com\/index.php?rest_route=\/wp\/v2\/posts\/35819","targetHints":{"allow":["GET"]}}],"collection":[{"href":"https:\/\/noticiasveraces.com\/index.php?rest_route=\/wp\/v2\/posts"}],"about":[{"href":"https:\/\/noticiasveraces.com\/index.php?rest_route=\/wp\/v2\/types\/post"}],"author":[{"embeddable":true,"href":"https:\/\/noticiasveraces.com\/index.php?rest_route=\/wp\/v2\/users\/1"}],"replies":[{"embeddable":true,"href":"https:\/\/noticiasveraces.com\/index.php?rest_route=%2Fwp%2Fv2%2Fcomments&post=35819"}],"version-history":[{"count":0,"href":"https:\/\/noticiasveraces.com\/index.php?rest_route=\/wp\/v2\/posts\/35819\/revisions"}],"wp:featuredmedia":[{"embeddable":true,"href":"https:\/\/noticiasveraces.com\/index.php?rest_route=\/wp\/v2\/media\/35820"}],"wp:attachment":[{"href":"https:\/\/noticiasveraces.com\/index.php?rest_route=%2Fwp%2Fv2%2Fmedia&parent=35819"}],"wp:term":[{"taxonomy":"category","embeddable":true,"href":"https:\/\/noticiasveraces.com\/index.php?rest_route=%2Fwp%2Fv2%2Fcategories&post=35819"},{"taxonomy":"post_tag","embeddable":true,"href":"https:\/\/noticiasveraces.com\/index.php?rest_route=%2Fwp%2Fv2%2Ftags&post=35819"}],"curies":[{"name":"wp","href":"https:\/\/api.w.org\/{rel}","templated":true}]}}