{"id":35815,"date":"2025-07-13T15:01:15","date_gmt":"2025-07-13T19:01:15","guid":{"rendered":"https:\/\/noticiasveraces.com\/?p=35815"},"modified":"2025-07-13T15:01:15","modified_gmt":"2025-07-13T19:01:15","slug":"susanna-reid-usa-un-llamativo-vestido-rojo-y-esta-a-la-venta","status":"publish","type":"post","link":"https:\/\/noticiasveraces.com\/?p=35815","title":{"rendered":"Susanna Reid usa un llamativo vestido rojo y est\u00e1 a la venta"},"content":{"rendered":"<p> \n<\/p>\n<div>\n<p>Buenos d\u00edas, Susanna Reid, de Gran Breta\u00f1a, sorprendi\u00f3 a los espectadores con un vestido rojo de tomate brillante de Karen Millen el mi\u00e9rcoles. El Detalle de la pesta\u00f1a Compact Stretch Detalle Full Skirted Midi es uno de los dise\u00f1os b\u00e1sicos de Karen Millen excluidos de la promoci\u00f3n en el sitio web oficial, pero actualmente tiene un 30% de descuento en Debenhams, reduciendo el precio de \u00a3 259 a \u00a3 181.30.<\/p>\n<p>Susanna llevaba sombra de tomate rojo en la televisi\u00f3n, pero hay otros colores disponibles, que incluyen negro, rosa brillante, rosa polvoriento y marfil. Susanna public\u00f3 su atuendo en Instagram y comparti\u00f3: \u00ab\u00a1Boost del mi\u00e9rcoles! Una vibrante especial de naranja de Karen Millen\u00bb.<\/p>\n<p>Con un corpi\u00f1o a medida con cuello n\u00edtido y una falda de flujo completo, el vestido entiende un equilibrio entre la ropa de oficina inteligente y un atuendo femenino elegante. La cintura detallada de la pesta\u00f1a ofrece una silueta esculpida mientras defiende la forma, dejando a un fan\u00e1tico que dice: \u00abSimplemente impresionante\u00bb.<\/p>\n<\/div>\n<div>\n<p>A otro tambi\u00e9n le encant\u00f3 el atuendo y coment\u00f3: \u00abMuy bonito, muy brillante y veraniego, hermoso\u00bb. El vestido est\u00e1 hecho con una tela c\u00f3moda que se mueve con el cuerpo, lo cual es perfecto para los d\u00edas de clima c\u00e1lido.<\/p>\n<p>Susanna combin\u00f3 con el vestido con un par de tacones de la corte beige para una aparici\u00f3n en televisi\u00f3n durante el d\u00eda, pero los compradores pueden usar el vestido en varias situaciones. Estilizarlo con botas de cuero para un aspecto informal inteligente o intercambiar el calzado a los entrenadores blancos y agregar una chaqueta de mezclilla para brunches de fin de semana fr\u00edos.<\/p>\n<p>Se puede vestir con una bolsa de cuerpo cruzado y joyas m\u00ednimas para configuraciones informales, o dise\u00f1adas con aretes de declaraci\u00f3n y un elegante updo para ocasiones m\u00e1s refinadas diurnas.<\/p>\n<\/div>\n<div>\n<p>En otro lugar, el vestido maxi de collar de camisa de medios mixtos de yo+em es otra opci\u00f3n que los compradores pueden considerar. Actualmente, el 50% de descuento y marcado a \u00a3 97.50, la parte superior est\u00e1 equipada con un collar de camisa y un capatac\u00edn medio bot\u00f3n en la tela de jersey, mientras que la falda est\u00e1 hecha en la vela de algod\u00f3n crujiente.<\/p>\n<p data-mce-linkchecker-status=\"valid\">El vestido de camisa Midi de la utilidad de color naranja romano es m\u00e1s adecuado para usar en una onda de calor, la tela liviana con mangas de hombro ca\u00eddas ofrece un aspecto relajado pero elegante. Los compradores pueden tomar un 10% de descuento utilizando el c\u00f3digo de julio al momento de pagar y el precio caer\u00e1 de \u00a3 40 a \u00a3 36.<\/p>\n<p data-mce-linkchecker-status=\"valid\">Mientras que el vestido de Karen Millen de Susanna ha ganado elogios de los fan\u00e1ticos, uno se\u00f1al\u00f3: \u00abVestido encantador pero demasiado largo\u00bb. Otro mencionado; \u00abTengo este vestido y est\u00e1 bastante ajustado\u00bb. Ambas cosas a considerar antes de comprarlo.<\/p>\n<p data-mce-linkchecker-status=\"valid\">Sin embargo, la forma halagadora de una l\u00ednea A y los bolsillos laterales pr\u00e1cticos han ganado compradores, y se reduce a \u00a3 181.30 en Debenhams.<\/p>\n<p data-mce-linkchecker-status=\"valid\"><strong>Leer a continuaci\u00f3n:<\/strong><\/p>\n<\/div>\n\n","protected":false},"excerpt":{"rendered":"<p>Buenos d\u00edas, Susanna Reid, de Gran Breta\u00f1a, sorprendi\u00f3 a los espectadores con un vestido rojo de tomate brillante de Karen Millen el mi\u00e9rcoles. El Detalle de la pesta\u00f1a Compact Stretch Detalle Full Skirted Midi es uno de los dise\u00f1os b\u00e1sicos de Karen Millen excluidos de la promoci\u00f3n en el sitio web oficial, pero actualmente tiene &hellip;<\/p>\n","protected":false},"author":1,"featured_media":35816,"comment_status":"open","ping_status":"open","sticky":false,"template":"","format":"standard","meta":{"fifu_image_url":"https:\/\/cdn.images.express.co.uk\/img\/dynamic\/12\/1200x630\/6284242.jpg","fifu_image_alt":"","footnotes":""},"categories":[10],"tags":[],"class_list":["post-35815","post","type-post","status-publish","format-standard","has-post-thumbnail","","category-moda"],"_links":{"self":[{"href":"https:\/\/noticiasveraces.com\/index.php?rest_route=\/wp\/v2\/posts\/35815","targetHints":{"allow":["GET"]}}],"collection":[{"href":"https:\/\/noticiasveraces.com\/index.php?rest_route=\/wp\/v2\/posts"}],"about":[{"href":"https:\/\/noticiasveraces.com\/index.php?rest_route=\/wp\/v2\/types\/post"}],"author":[{"embeddable":true,"href":"https:\/\/noticiasveraces.com\/index.php?rest_route=\/wp\/v2\/users\/1"}],"replies":[{"embeddable":true,"href":"https:\/\/noticiasveraces.com\/index.php?rest_route=%2Fwp%2Fv2%2Fcomments&post=35815"}],"version-history":[{"count":0,"href":"https:\/\/noticiasveraces.com\/index.php?rest_route=\/wp\/v2\/posts\/35815\/revisions"}],"wp:featuredmedia":[{"embeddable":true,"href":"https:\/\/noticiasveraces.com\/index.php?rest_route=\/wp\/v2\/media\/35816"}],"wp:attachment":[{"href":"https:\/\/noticiasveraces.com\/index.php?rest_route=%2Fwp%2Fv2%2Fmedia&parent=35815"}],"wp:term":[{"taxonomy":"category","embeddable":true,"href":"https:\/\/noticiasveraces.com\/index.php?rest_route=%2Fwp%2Fv2%2Fcategories&post=35815"},{"taxonomy":"post_tag","embeddable":true,"href":"https:\/\/noticiasveraces.com\/index.php?rest_route=%2Fwp%2Fv2%2Ftags&post=35815"}],"curies":[{"name":"wp","href":"https:\/\/api.w.org\/{rel}","templated":true}]}}