{"id":35763,"date":"2025-07-13T06:49:14","date_gmt":"2025-07-13T10:49:14","guid":{"rendered":"https:\/\/noticiasveraces.com\/?p=35763"},"modified":"2025-07-13T06:49:14","modified_gmt":"2025-07-13T10:49:14","slug":"los-lakers-le-dijeron-a-luka-doncic-no-a-lebron-james-sobre-la-venta-informe","status":"publish","type":"post","link":"https:\/\/noticiasveraces.com\/?p=35763","title":{"rendered":"Los Lakers le dijeron a Luka Don\u010di\u0107, no a LeBron James, sobre la venta: Informe"},"content":{"rendered":"<p> \n<\/p>\n<div><!----> <!----> <\/p>\n<div class=\"featured featured-video video-ct\">\n<div class=\"contain\">\n<div class=\"info\">\n<div class=\"caption\">\n<p>Echa un vistazo a qu\u00e9 hace clic en FoxBusiness.com.<\/p>\n<\/div>\n<\/div>\n<\/div>\n<\/div>\n<p>Los Lakers de Los \u00c1ngeles sorprendieron al mundo del deporte el mes pasado cuando Jeanie Buss vendi\u00f3 una participaci\u00f3n mayoritaria con una valoraci\u00f3n de $ 10 mil millones.<\/p>\n<p>Mark Walter, el presidente y propietario controlador de los Dodgers de Los \u00c1ngeles, realiz\u00f3 la compra despu\u00e9s de ser una parte interesada minoritaria en la organizaci\u00f3n en 2021.<\/p>\n<p>Y aunque se supone que LeBron James ha tenido sus huellas digitales en muchos de los movimientos de los Lakers desde que se uni\u00f3 al equipo, y muchos de los Cleveland Cavaliers &#8216;durante su segundo mandato con esa franquicia, aparentemente no ten\u00eda idea de que la venta iba.<\/p>\n<p><strong>Haga clic aqu\u00ed para obtener m\u00e1s cobertura deportiva en FoxNews.com<\/strong><i><strong> <\/strong><\/i><\/p>\n<div class=\"inline image-ct\">\n<div class=\"m\"><picture><source media=\"(max-width: 767px)\" srcset=\"https:\/\/a57.foxnews.com\/static.foxbusiness.com\/foxbusiness.com\/content\/uploads\/2025\/07\/343\/192\/luka-lebron.jpg?ve=1&amp;tl=1, https:\/\/a57.foxnews.com\/static.foxbusiness.com\/foxbusiness.com\/content\/uploads\/2025\/07\/686\/384\/luka-lebron.jpg?ve=1&amp;tl=1 2x\"><source media=\"(min-width: 768px) and (max-width: 1023px)\" srcset=\"https:\/\/a57.foxnews.com\/static.foxbusiness.com\/foxbusiness.com\/content\/uploads\/2025\/07\/672\/378\/luka-lebron.jpg?ve=1&amp;tl=1, https:\/\/a57.foxnews.com\/static.foxbusiness.com\/foxbusiness.com\/content\/uploads\/2025\/07\/1344\/756\/luka-lebron.jpg?ve=1&amp;tl=1 2x\"><source media=\"(min-width: 1024px) and (max-width: 1279px)\" srcset=\"https:\/\/a57.foxnews.com\/static.foxbusiness.com\/foxbusiness.com\/content\/uploads\/2025\/07\/931\/523\/luka-lebron.jpg?ve=1&amp;tl=1, https:\/\/a57.foxnews.com\/static.foxbusiness.com\/foxbusiness.com\/content\/uploads\/2025\/07\/1862\/1046\/luka-lebron.jpg?ve=1&amp;tl=1 2x\"><source media=\"(min-width: 1280px)\" srcset=\"https:\/\/a57.foxnews.com\/static.foxbusiness.com\/foxbusiness.com\/content\/uploads\/2025\/07\/720\/405\/luka-lebron.jpg?ve=1&amp;tl=1, https:\/\/a57.foxnews.com\/static.foxbusiness.com\/foxbusiness.com\/content\/uploads\/2025\/07\/1440\/810\/luka-lebron.jpg?ve=1&amp;tl=1 2x\"><img decoding=\"async\" src=\"https:\/\/a57.foxnews.com\/static.foxbusiness.com\/foxbusiness.com\/content\/uploads\/2025\/07\/931\/523\/luka-lebron.jpg?ve=1&amp;tl=1\" alt=\"LeBron y Luka\"\/><\/source><\/source><\/source><\/source><\/picture><\/div>\n<div class=\"caption\">\n<p><span>El guardia de Los \u00c1ngeles Lakers, Luka Don\u010di\u0107 (77) y el delantero LeBron James (23) abandonan la cancha despu\u00e9s de derrotar a los Minnesota Timberwolves, 94-85, en el Juego 2 de la primera ronda de los playoffs de la NBA en 2024 en Crypto.com Arena.<\/span><span>  (Kiyoshi Mio\/Im\u00e1genes de Imagn\/Imagn)<\/span><\/p>\n<\/div>\n<\/div>\n<p>Sin embargo, la nueva estrella del equipo, Luka Don\u010di\u0107, lo hizo, seg\u00fan ESPN.<\/p>\n<p>\u00abCuando la familia de los autobuses acord\u00f3 vender una participaci\u00f3n mayoritaria en la franquicia para Mark Walter el 18 de junio, Don\u010di\u0107 recibi\u00f3 un aviso y notablemente public\u00f3 una felicitaci\u00f3n por las redes sociales despu\u00e9s. Despu\u00e9s de la publicaci\u00f3n de este art\u00edculo, las fuentes dijeron que James fue notificado de la venta a trav\u00e9s de su representaci\u00f3n. Pero no public\u00f3 ning\u00fan reconocimiento p\u00fablico\u00bb, inform\u00f3 ESPN esta semana.<\/p>\n<p>Es m\u00e1s escritura en la pared que el mandato de James con los Lakers podr\u00eda estar terminando. Por primera vez, James opt\u00f3 por la opci\u00f3n de su jugador, y hay especulaciones de que es un apalancamiento para un intercambio.<\/p>\n<div class=\"inline image-ct\">\n<div class=\"m\"><picture><source media=\"(max-width: 767px)\" srcset=\"https:\/\/a57.foxnews.com\/static.foxbusiness.com\/foxbusiness.com\/content\/uploads\/2025\/07\/343\/192\/luka-lebron-hug.jpg?ve=1&amp;tl=1, https:\/\/a57.foxnews.com\/static.foxbusiness.com\/foxbusiness.com\/content\/uploads\/2025\/07\/686\/384\/luka-lebron-hug.jpg?ve=1&amp;tl=1 2x\"><source media=\"(min-width: 768px) and (max-width: 1023px)\" srcset=\"https:\/\/a57.foxnews.com\/static.foxbusiness.com\/foxbusiness.com\/content\/uploads\/2025\/07\/672\/378\/luka-lebron-hug.jpg?ve=1&amp;tl=1, https:\/\/a57.foxnews.com\/static.foxbusiness.com\/foxbusiness.com\/content\/uploads\/2025\/07\/1344\/756\/luka-lebron-hug.jpg?ve=1&amp;tl=1 2x\"><source media=\"(min-width: 1024px) and (max-width: 1279px)\" srcset=\"https:\/\/a57.foxnews.com\/static.foxbusiness.com\/foxbusiness.com\/content\/uploads\/2025\/07\/931\/523\/luka-lebron-hug.jpg?ve=1&amp;tl=1, https:\/\/a57.foxnews.com\/static.foxbusiness.com\/foxbusiness.com\/content\/uploads\/2025\/07\/1862\/1046\/luka-lebron-hug.jpg?ve=1&amp;tl=1 2x\"><source media=\"(min-width: 1280px)\" srcset=\"https:\/\/a57.foxnews.com\/static.foxbusiness.com\/foxbusiness.com\/content\/uploads\/2025\/07\/720\/405\/luka-lebron-hug.jpg?ve=1&amp;tl=1, https:\/\/a57.foxnews.com\/static.foxbusiness.com\/foxbusiness.com\/content\/uploads\/2025\/07\/1440\/810\/luka-lebron-hug.jpg?ve=1&amp;tl=1 2x\"><img decoding=\"async\" src=\"https:\/\/a57.foxnews.com\/static.foxbusiness.com\/foxbusiness.com\/content\/uploads\/2025\/07\/931\/523\/luka-lebron-hug.jpg?ve=1&amp;tl=1\" alt=\"LeBron y Luka Hug\"\/><\/source><\/source><\/source><\/source><\/picture><\/div>\n<div class=\"caption\">\n<p><span>El guardia de Los \u00c1ngeles Lakers, Luka Don\u010di\u0107, a la derecha, celebra con el delantero LeBron James durante el cuarto trimestre contra los Dallas Mavericks en el American Airlines Center. <\/span><span>  (Kevin Jairaj \/ Im\u00e1genes de Imagn \/ Imagn)<\/span><\/p>\n<\/div>\n<\/div>\n<p><strong>Rastreador de firmas de agencia libre de la NBA: los Pacers vuelven a firmar a Isaiah Jackson en un acuerdo de 3 a\u00f1os<\/strong><\/p>\n<p>La historia de ESPN tambi\u00e9n inform\u00f3 que James y Anthony Davis intentaron decirles a los Lakers que obtuvieran un verdadero centro, lo que no hicieron hasta despu\u00e9s de que Don\u010di\u0107 lleg\u00f3, a cambio de Davis.<\/p>\n<p>James tambi\u00e9n ha tenido publicaciones cr\u00edpticas en las redes sociales, incluida una discusi\u00f3n sobre un entrenamiento en el complejo de los Cavaliers a principios de este mes. Tambi\u00e9n llevaba un sombrero que dec\u00eda \u00abbienvenido a casa\u00bb mientras jugaba al golf en Cleveland.<\/p>\n<p>El agente de James, Rich Paul, dijo recientemente, James entiende que los Lakers est\u00e1n construyendo hacia el futuro, pero James todav\u00eda est\u00e1 priorizando otra carrera por el t\u00edtulo.<\/p>\n<p>La informaci\u00f3n privilegiada de los Lakers, Jovan Buha, dijo esta semana que la relaci\u00f3n de James con la oficina principal no estaba \u00aben el mejor lugar en este momento\u00bb.<\/p>\n<div class=\"inline image-ct\">\n<div class=\"m\"><picture><source media=\"(max-width: 767px)\" srcset=\"https:\/\/a57.foxnews.com\/static.foxbusiness.com\/foxbusiness.com\/content\/uploads\/2025\/01\/343\/192\/lebron-james-2.jpg?ve=1&amp;tl=1, https:\/\/a57.foxnews.com\/static.foxbusiness.com\/foxbusiness.com\/content\/uploads\/2025\/01\/686\/384\/lebron-james-2.jpg?ve=1&amp;tl=1 2x\"><source media=\"(min-width: 768px) and (max-width: 1023px)\" srcset=\"https:\/\/a57.foxnews.com\/static.foxbusiness.com\/foxbusiness.com\/content\/uploads\/2025\/01\/672\/378\/lebron-james-2.jpg?ve=1&amp;tl=1, https:\/\/a57.foxnews.com\/static.foxbusiness.com\/foxbusiness.com\/content\/uploads\/2025\/01\/1344\/756\/lebron-james-2.jpg?ve=1&amp;tl=1 2x\"><source media=\"(min-width: 1024px) and (max-width: 1279px)\" srcset=\"https:\/\/a57.foxnews.com\/static.foxbusiness.com\/foxbusiness.com\/content\/uploads\/2025\/01\/931\/523\/lebron-james-2.jpg?ve=1&amp;tl=1, https:\/\/a57.foxnews.com\/static.foxbusiness.com\/foxbusiness.com\/content\/uploads\/2025\/01\/1862\/1046\/lebron-james-2.jpg?ve=1&amp;tl=1 2x\"><source media=\"(min-width: 1280px)\" srcset=\"https:\/\/a57.foxnews.com\/static.foxbusiness.com\/foxbusiness.com\/content\/uploads\/2025\/01\/720\/405\/lebron-james-2.jpg?ve=1&amp;tl=1, https:\/\/a57.foxnews.com\/static.foxbusiness.com\/foxbusiness.com\/content\/uploads\/2025\/01\/1440\/810\/lebron-james-2.jpg?ve=1&amp;tl=1 2x\"><img decoding=\"async\" src=\"https:\/\/a57.foxnews.com\/static.foxbusiness.com\/foxbusiness.com\/content\/uploads\/2025\/01\/931\/523\/lebron-james-2.jpg?ve=1&amp;tl=1\" alt=\"Lebron James Dribbles\"\/><\/source><\/source><\/source><\/source><\/picture><\/div>\n<div class=\"caption\">\n<p><span>El delantero de Los \u00c1ngeles Lakers LeBron James dribla durante la segunda mitad contra los Dallas Mavericks en el American Airlines Center. <\/span><span>  (Kevin Jairaj \/ Im\u00e1genes de Imagn \/ Imagn)<\/span><\/p>\n<\/div>\n<\/div>\n<p><strong>Haga clic aqu\u00ed para obtener la aplicaci\u00f3n Fox News<\/strong><\/p>\n<p>James se est\u00e1 preparando para jugar su 23a temporada de la NBA, que se convertir\u00eda en un r\u00e9cord de todos los tiempos.<\/p>\n<p><i><strong>Sigue a Fox News Digital&#8217;s <\/strong><\/i><a href=\"https:\/\/twitter.com\/FoxNewsSports_\" target=\"_blank\" rel=\"noopener\"><i><strong>cobertura deportiva en x<\/strong><\/i><\/a><i><strong>y suscribirse a <\/strong><\/i><i><strong>El bolet\u00edn de Fox News Sports Huddle<\/strong><\/i><i><strong>.<\/strong><\/i><\/p>\n<\/div>\n<p><script async src=\"https:\/\/platform.twitter.com\/widgets.js\" charset=\"utf-8\"><\/script><br \/>\n<br \/>\n","protected":false},"excerpt":{"rendered":"<p>Echa un vistazo a qu\u00e9 hace clic en FoxBusiness.com. Los Lakers de Los \u00c1ngeles sorprendieron al mundo del deporte el mes pasado cuando Jeanie Buss vendi\u00f3 una participaci\u00f3n mayoritaria con una valoraci\u00f3n de $ 10 mil millones. Mark Walter, el presidente y propietario controlador de los Dodgers de Los \u00c1ngeles, realiz\u00f3 la compra despu\u00e9s de &hellip;<\/p>\n","protected":false},"author":1,"featured_media":35765,"comment_status":"open","ping_status":"open","sticky":false,"template":"","format":"standard","meta":{"fifu_image_url":"https:\/\/a57.foxnews.com\/static.foxbusiness.com\/foxbusiness.com\/content\/uploads\/2025\/07\/0\/0\/luka-lebron.jpg?ve=1&tl=1","fifu_image_alt":"","footnotes":""},"categories":[3],"tags":[],"class_list":["post-35763","post","type-post","status-publish","format-standard","has-post-thumbnail","","category-negocio"],"_links":{"self":[{"href":"https:\/\/noticiasveraces.com\/index.php?rest_route=\/wp\/v2\/posts\/35763","targetHints":{"allow":["GET"]}}],"collection":[{"href":"https:\/\/noticiasveraces.com\/index.php?rest_route=\/wp\/v2\/posts"}],"about":[{"href":"https:\/\/noticiasveraces.com\/index.php?rest_route=\/wp\/v2\/types\/post"}],"author":[{"embeddable":true,"href":"https:\/\/noticiasveraces.com\/index.php?rest_route=\/wp\/v2\/users\/1"}],"replies":[{"embeddable":true,"href":"https:\/\/noticiasveraces.com\/index.php?rest_route=%2Fwp%2Fv2%2Fcomments&post=35763"}],"version-history":[{"count":0,"href":"https:\/\/noticiasveraces.com\/index.php?rest_route=\/wp\/v2\/posts\/35763\/revisions"}],"wp:featuredmedia":[{"embeddable":true,"href":"https:\/\/noticiasveraces.com\/index.php?rest_route=\/wp\/v2\/media\/35765"}],"wp:attachment":[{"href":"https:\/\/noticiasveraces.com\/index.php?rest_route=%2Fwp%2Fv2%2Fmedia&parent=35763"}],"wp:term":[{"taxonomy":"category","embeddable":true,"href":"https:\/\/noticiasveraces.com\/index.php?rest_route=%2Fwp%2Fv2%2Fcategories&post=35763"},{"taxonomy":"post_tag","embeddable":true,"href":"https:\/\/noticiasveraces.com\/index.php?rest_route=%2Fwp%2Fv2%2Ftags&post=35763"}],"curies":[{"name":"wp","href":"https:\/\/api.w.org\/{rel}","templated":true}]}}