{"id":35732,"date":"2025-07-13T03:20:14","date_gmt":"2025-07-13T07:20:14","guid":{"rendered":"https:\/\/noticiasveraces.com\/?p=35732"},"modified":"2025-07-13T03:20:14","modified_gmt":"2025-07-13T07:20:14","slug":"ee-uu-impone-sanciones-al-presidente-de-cuba-por-la-represion-de-las-protestas-de-julio-de-2021","status":"publish","type":"post","link":"https:\/\/noticiasveraces.com\/?p=35732","title":{"rendered":"EE. UU. impone sanciones al presidente de Cuba por la represi\u00f3n de las protestas de julio de 2021"},"content":{"rendered":"<p> \n<br \/><img decoding=\"async\" src=\"https:\/\/s.france24.com\/media\/display\/06819d3a-51b2-11f0-992c-005056bfb2b6\/w:1024\/p:16x9\/bf2c5a493c03daefaa37874ca4ad9f5fba3f4bf6.jpg\" \/><br \/>Estados Unidos endureci\u00f3 este viernes su pol\u00edtica contra Cuba con las primeras sanciones contra el presidente Miguel D\u00edaz-Canel \u00abpor su participaci\u00f3n en graves violaciones de derechos humanos\u00bb, al cumplirse cuatro a\u00f1os de hist\u00f3ricas protestas antigubernamentales.<br \/>\n<br \/>\n","protected":false},"excerpt":{"rendered":"<p>Estados Unidos endureci\u00f3 este viernes su pol\u00edtica contra Cuba con las primeras sanciones contra el presidente Miguel D\u00edaz-Canel \u00abpor su participaci\u00f3n en graves violaciones de derechos humanos\u00bb, al cumplirse cuatro a\u00f1os de hist\u00f3ricas protestas antigubernamentales.<\/p>\n","protected":false},"author":1,"featured_media":35734,"comment_status":"open","ping_status":"open","sticky":false,"template":"","format":"standard","meta":{"fifu_image_url":"https:\/\/s.france24.com\/media\/display\/06819d3a-51b2-11f0-992c-005056bfb2b6\/w:1024\/p:16x9\/bf2c5a493c03daefaa37874ca4ad9f5fba3f4bf6.jpg","fifu_image_alt":"","footnotes":""},"categories":[13],"tags":[],"class_list":["post-35732","post","type-post","status-publish","format-standard","has-post-thumbnail","","category-mundo"],"_links":{"self":[{"href":"https:\/\/noticiasveraces.com\/index.php?rest_route=\/wp\/v2\/posts\/35732","targetHints":{"allow":["GET"]}}],"collection":[{"href":"https:\/\/noticiasveraces.com\/index.php?rest_route=\/wp\/v2\/posts"}],"about":[{"href":"https:\/\/noticiasveraces.com\/index.php?rest_route=\/wp\/v2\/types\/post"}],"author":[{"embeddable":true,"href":"https:\/\/noticiasveraces.com\/index.php?rest_route=\/wp\/v2\/users\/1"}],"replies":[{"embeddable":true,"href":"https:\/\/noticiasveraces.com\/index.php?rest_route=%2Fwp%2Fv2%2Fcomments&post=35732"}],"version-history":[{"count":0,"href":"https:\/\/noticiasveraces.com\/index.php?rest_route=\/wp\/v2\/posts\/35732\/revisions"}],"wp:featuredmedia":[{"embeddable":true,"href":"https:\/\/noticiasveraces.com\/index.php?rest_route=\/wp\/v2\/media\/35734"}],"wp:attachment":[{"href":"https:\/\/noticiasveraces.com\/index.php?rest_route=%2Fwp%2Fv2%2Fmedia&parent=35732"}],"wp:term":[{"taxonomy":"category","embeddable":true,"href":"https:\/\/noticiasveraces.com\/index.php?rest_route=%2Fwp%2Fv2%2Fcategories&post=35732"},{"taxonomy":"post_tag","embeddable":true,"href":"https:\/\/noticiasveraces.com\/index.php?rest_route=%2Fwp%2Fv2%2Ftags&post=35732"}],"curies":[{"name":"wp","href":"https:\/\/api.w.org\/{rel}","templated":true}]}}