{"id":35722,"date":"2025-07-13T00:10:06","date_gmt":"2025-07-13T04:10:06","guid":{"rendered":"https:\/\/noticiasveraces.com\/?p=35722"},"modified":"2025-07-13T00:10:06","modified_gmt":"2025-07-13T04:10:06","slug":"el-trabajador-agricola-de-california-muere-despues-de-una-caotica-redada-de-inmigracion-federal-dice-la-familia","status":"publish","type":"post","link":"https:\/\/noticiasveraces.com\/?p=35722","title":{"rendered":"El trabajador agr\u00edcola de California muere despu\u00e9s de una ca\u00f3tica redada de inmigraci\u00f3n federal, dice la familia"},"content":{"rendered":"<p> \n<\/p>\n<div>\n<p id=\"anchor-88de42\" class=\"body-graf\">Un trabajador agr\u00edcola de cannabis que fue herido gravemente durante una redada de inmigraci\u00f3n ca\u00f3tica por las autoridades federales en el sur de California muri\u00f3 el s\u00e1bado, seg\u00fan su familia.<\/p>\n<p id=\"anchor-60930a\" class=\"body-graf\">La muerte de Jaime Alanis Garc\u00eda lleg\u00f3<strong> <\/strong>d\u00edas<strong> <\/strong>Despu\u00e9s de caer aproximadamente 30 pies durante una redada de autoridades federales de inmigraci\u00f3n en Glass House Farms en Camarillo, California, una ciudad a unas 50 millas al noroeste del centro de Los \u00c1ngeles.<\/p>\n<p id=\"anchor-902e41\" class=\"body-graf\">La familia de Garc\u00eda le dijo a NBC Los \u00c1ngeles que se rompi\u00f3 el cuello y el cr\u00e1neo en el oto\u00f1o y fue puesto en soporte vital poco despu\u00e9s, hasta que su esposa pudo viajar desde M\u00e9xico para estar a su lado antes de morir.<\/p>\n<p id=\"anchor-ccfcdd\" class=\"body-graf\">\u00abSu esposa y sus padres decidieron hoy dejarlo descansar. Ha fallecido\u00bb, dijo su sobrina en un comunicado el s\u00e1bado.<\/p>\n<figure class=\"styles_inlineImage__FvnTh styles_medium__MEKii styles_portrait__NEQhG\" id=\"anchor-32a1ab\"><picture class=\"styles_image__i32F7\" data-testid=\"picture\"><source media=\"(min-width: 1000px)\" srcset=\"https:\/\/media-cldnry.s-nbcnews.com\/image\/upload\/t_fit-560w,f_avif,q_auto:eco,dpr_2\/rockcms\/2025-07\/250712-Jaime-Alanis-Garcia-aa-311-a53faf.jpg 2x, https:\/\/media-cldnry.s-nbcnews.com\/image\/upload\/t_fit-560w,f_auto,q_auto:best\/rockcms\/2025-07\/250712-Jaime-Alanis-Garcia-aa-311-a53faf.jpg 1x\"\/><source media=\"(min-width: 320px)\" srcset=\"https:\/\/media-cldnry.s-nbcnews.com\/image\/upload\/t_fit-760w,f_avif,q_auto:eco,dpr_2\/rockcms\/2025-07\/250712-Jaime-Alanis-Garcia-aa-311-a53faf.jpg 2x, https:\/\/media-cldnry.s-nbcnews.com\/image\/upload\/t_fit-760w,f_auto,q_auto:best\/rockcms\/2025-07\/250712-Jaime-Alanis-Garcia-aa-311-a53faf.jpg 1x\"\/><img decoding=\"async\" loading=\"lazy\" src=\"https:\/\/media-cldnry.s-nbcnews.com\/image\/upload\/t_fit-760w,f_auto,q_auto:best\/rockcms\/2025-07\/250712-Jaime-Alanis-Garcia-aa-311-a53faf.jpg\" alt=\"Jaime Alanis Garcia.\" height=\"1000\" width=\"750\"\/><\/picture><figcaption class=\"caption styles_caption__TCewG\" data-testid=\"caption\"><span class=\"caption__container\" data-testid=\"caption__container\">Jaime Alanis Garcia.<\/span><span class=\"caption__source\" data-testid=\"caption__source\">Yesenia Duro<\/span><\/figcaption><\/figure>\n<p id=\"anchor-891104\" class=\"body-graf\">Su familia reconoci\u00f3 a NBC Los \u00c1ngeles que Garc\u00eda no habr\u00eda sobrevivido en los \u00faltimos d\u00edas si no hubiera estado conectado a una m\u00e1quina de respiraci\u00f3n de asistencia.<\/p>\n<p id=\"anchor-6107e3\" class=\"body-graf\">Teresa Romero, presidenta de United Farm Workers, el sindicato que ha representado durante mucho tiempo a las manos de campo de California de M\u00e9xico y otros puntos fuera de los Estados Unidos, en un comunicado el s\u00e1bado por la noche que la muerte de Garc\u00eda ha dejado a la organizaci\u00f3n angustiada.<\/p>\n<p id=\"anchor-6089aa\" class=\"body-graf\">\u00abNuestros corazones son pesados para la familia afligida de Jaime Alanis, quien muri\u00f3 a causa de las heridas sufridas durante una redada ca\u00f3tica el jueves\u00bb, dijo. \u00abHaremos todo lo posible para apoyarlos\u00bb.<\/p>\n<p id=\"anchor-7fed33\" class=\"body-graf\">El Departamento de Seguridad Nacional no devolvi\u00f3 de inmediato una solicitud de comentarios.<\/p>\n<p id=\"anchor-f8ec1b\" class=\"body-graf\">Funcionarios de inmigraci\u00f3n dijeron en un comunicado el viernes que Garc\u00eda no estaba bajo custodia federal cuando cay\u00f3.<\/p>\n<p id=\"anchor-0d243d\" class=\"body-graf\">\u00abAunque no estaba siendo perseguido por la polic\u00eda, este individuo subi\u00f3 al techo de una casa verde y cay\u00f3 30 pies\u00bb, dijo la secretaria asistente de seguridad de la Seguridad Nacional, Tricia McLaughlin. \u00abCBP inmediatamente llam\u00f3 a un Medivac a la escena para que le importe lo m\u00e1s r\u00e1pido posible\u00bb.<\/p>\n<p id=\"anchor-500bc5\" class=\"body-graf\">La redada atrajo a cientos de manifestantes, algunos de los cuales arrojaron rocas y ladrillos a los autos que pertenecen a los agentes federales. Los oficiales de inmigraci\u00f3n \u00abenfrentaron asaltos, violencia e incluso balas que les dispararon\u00bb, dijo el secretario de Seguridad Nacional, Kristi, en un puesto en X el s\u00e1bado.<\/p>\n<p id=\"anchor-ca36c5\" class=\"body-graf\">En respuesta, los agentes federales desplegaron armas menos letales y gases lacrim\u00f3genos en los manifestantes, mientras que los empleados fueron arrestados dentro de la casa de cultivo de cannabis.<\/p>\n<p id=\"anchor-1b6d0e\" class=\"body-graf\">El presidente Donald Trump dijo en un puesto social de verdad el viernes por la noche que vio las protestas \u00abcon incredulidad\u00bb, y agreg\u00f3 que las autoridades de inmigraci\u00f3n deber\u00edan usar \u00abcualquier medio necesario\u00bb para arrestar a las personas que no obedecen la ley.<\/p>\n<p id=\"anchor-46a52a\" class=\"body-graf\">La granja de cannabis donde trabajaba Garc\u00eda era una de las dos propiedades de Glass House, los oficiales federales allanaron el jueves.<\/p>\n<p id=\"anchor-34379f\" class=\"body-graf\">Noem dijo en el X Post del s\u00e1bado que la operaci\u00f3n condujo al arresto de 319 migrantes indocumentados. Catorce ni\u00f1os tambi\u00e9n fueron \u00abrescatados\u00bb del \u00abpotencial de trabajo forzado, explotaci\u00f3n y tr\u00e1fico\u00bb, dijo.<\/p>\n<p id=\"anchor-2fc4a3\" class=\"body-graf\">Romero, de los trabajadores agr\u00edcolas de United, dijo que esos ni\u00f1os deber\u00edan tener la oportunidad de obtener su propio asesor legal \u00abpara protegerlos de m\u00e1s da\u00f1os\u00bb.<\/p>\n<p id=\"anchor-d36b5e\" class=\"body-graf\">Ella dijo que los trabajadores agr\u00edcolas no est\u00e1n protegidos por las leyes de trabajo infantil que de otro modo podr\u00edan excluirlos de dicho trabajo. \u00abDetener y deportar a los ni\u00f1os no es una soluci\u00f3n\u00bb, dijo Romero.<\/p>\n<p id=\"anchor-ef6969\" class=\"body-graf\">Las redadas llegaron m\u00e1s de un mes despu\u00e9s de las protestas contra operaciones similares en Los \u00c1ngeles pr\u00e1cticamente cerraron partes de la ciudad y capturaron la atenci\u00f3n de la naci\u00f3n.<\/p>\n<p id=\"anchor-e7bba8\" class=\"body-graf\">En respuesta, Trump dio el raro paso de desplegar la Guardia Nacional para sofocar a los manifestantes.<\/p>\n<p id=\"anchor-fac4d7\" class=\"body-graf\">El viernes, la alcaldesa de Los \u00c1ngeles, Karen Bass, dem\u00f3crata, firm\u00f3 una directiva que exigi\u00f3 a los departamentos de la ciudad que presenten planes de preparaci\u00f3n que detallen c\u00f3mo los empleados, incluidos los contratistas, deben responder si las autoridades federales de inmigraci\u00f3n abordadas.<\/p>\n<p id=\"anchor-843b8e\" class=\"body-graf\">Romero dijo que los ciudadanos de los Estados Unidos estaban entre los redondeados durante la acci\u00f3n de aplicaci\u00f3n de la ley en Camarillo. <\/p>\n<p id=\"anchor-6e4a07\" class=\"body-graf\">\u00abEstas acciones federales violentas y crueles aterrorizan a las comunidades estadounidenses, interrumpen la cadena de suministro de alimentos estadounidense, amenazan vidas y separan a las familias\u00bb, dijo.<\/p>\n<p id=\"anchor-b5399c\" class=\"body-graf\">Ella promocion\u00f3 la orden de restricci\u00f3n temporal de un tribunal federal contra la aplicaci\u00f3n de inmigraci\u00f3n de los Estados Unidos en los casos en que los oficiales carecen de sospechas razonables y a las personas objetivo en funci\u00f3n de c\u00f3mo se ven, el tipo de trabajo que hacen, d\u00f3nde est\u00e1n ubicados o si hablan espa\u00f1ol o ingl\u00e9s con acento. <\/p>\n<p id=\"anchor-3f97ad\" class=\"endmark body-graf\">La demanda fue presentada por UFW, la Coalici\u00f3n para los Derechos de Inmigrantes Humanos, la ACLU y otras organizaciones de derechos civiles y migrantes, y fue apoyada por el Estado de California, la Ciudad de Los \u00c1ngeles y otras jurisdicciones.<\/p>\n<\/div>\n\n","protected":false},"excerpt":{"rendered":"<p>Un trabajador agr\u00edcola de cannabis que fue herido gravemente durante una redada de inmigraci\u00f3n ca\u00f3tica por las autoridades federales en el sur de California muri\u00f3 el s\u00e1bado, seg\u00fan su familia. La muerte de Jaime Alanis Garc\u00eda lleg\u00f3 d\u00edas Despu\u00e9s de caer aproximadamente 30 pies durante una redada de autoridades federales de inmigraci\u00f3n en Glass House &hellip;<\/p>\n","protected":false},"author":1,"featured_media":35724,"comment_status":"open","ping_status":"open","sticky":false,"template":"","format":"standard","meta":{"fifu_image_url":"https:\/\/media-cldnry.s-nbcnews.com\/image\/upload\/t_nbcnews-fp-1200-630,f_auto,q_auto:best\/rockcms\/2025-07\/250712-Jaime-Alanis-Garcia-aa-311-a53faf.jpg","fifu_image_alt":"","footnotes":""},"categories":[4],"tags":[],"class_list":["post-35722","post","type-post","status-publish","format-standard","has-post-thumbnail","","category-historias-destacadas"],"_links":{"self":[{"href":"https:\/\/noticiasveraces.com\/index.php?rest_route=\/wp\/v2\/posts\/35722","targetHints":{"allow":["GET"]}}],"collection":[{"href":"https:\/\/noticiasveraces.com\/index.php?rest_route=\/wp\/v2\/posts"}],"about":[{"href":"https:\/\/noticiasveraces.com\/index.php?rest_route=\/wp\/v2\/types\/post"}],"author":[{"embeddable":true,"href":"https:\/\/noticiasveraces.com\/index.php?rest_route=\/wp\/v2\/users\/1"}],"replies":[{"embeddable":true,"href":"https:\/\/noticiasveraces.com\/index.php?rest_route=%2Fwp%2Fv2%2Fcomments&post=35722"}],"version-history":[{"count":0,"href":"https:\/\/noticiasveraces.com\/index.php?rest_route=\/wp\/v2\/posts\/35722\/revisions"}],"wp:featuredmedia":[{"embeddable":true,"href":"https:\/\/noticiasveraces.com\/index.php?rest_route=\/wp\/v2\/media\/35724"}],"wp:attachment":[{"href":"https:\/\/noticiasveraces.com\/index.php?rest_route=%2Fwp%2Fv2%2Fmedia&parent=35722"}],"wp:term":[{"taxonomy":"category","embeddable":true,"href":"https:\/\/noticiasveraces.com\/index.php?rest_route=%2Fwp%2Fv2%2Fcategories&post=35722"},{"taxonomy":"post_tag","embeddable":true,"href":"https:\/\/noticiasveraces.com\/index.php?rest_route=%2Fwp%2Fv2%2Ftags&post=35722"}],"curies":[{"name":"wp","href":"https:\/\/api.w.org\/{rel}","templated":true}]}}