{"id":35715,"date":"2025-07-12T23:15:14","date_gmt":"2025-07-13T03:15:14","guid":{"rendered":"https:\/\/noticiasveraces.com\/?p=35715"},"modified":"2025-07-12T23:15:14","modified_gmt":"2025-07-13T03:15:14","slug":"ue-no-descarta-contramedidas-a-los-aranceles-de-trump-dw-13-07-2025","status":"publish","type":"post","link":"https:\/\/noticiasveraces.com\/?p=35715","title":{"rendered":"UE no descarta contramedidas a los aranceles de Trump \u2013 DW \u2013 13\/07\/2025"},"content":{"rendered":"<p> \n<\/p>\n<div>\n<p>La presidenta de la Comisi\u00f3n Europea, Ursula von der Leyen, critic\u00f3 este s\u00e1bado (12.07.2025) los nuevos aranceles del 30% anunciados por el presidente estadounidense Donald Trump, pero declar\u00f3 que el bloque europeo a\u00fan desea trabajar en un acuerdo comercial con Washington.<\/p>\n<p>\u00abImponer aranceles del 30% sobre las exportaciones de la Uni\u00f3n Europea (UE) alterar\u00eda las cadenas de suministro transatl\u00e1nticas esenciales, en detrimento de las empresas, los consumidores y los pacientes a ambos lados del Atl\u00e1ntico\u00bb, declar\u00f3 von der Leyen en un comunicado.<\/p>\n<p>\u00abSeguimos dispuestos a continuar el trabajo hacia un acuerdo antes del 1 de agosto. Al mismo tiempo, tomaremos todas las medidas necesarias para salvaguardar los intereses de la UE, incluida la adopci\u00f3n de contramedidas proporcionales si es necesario\u00bb, a\u00f1adi\u00f3.<\/p>\n<p>La l\u00edder europea insisti\u00f3 en que \u00abpocas econom\u00edas del mundo igualan el nivel de apertura de la UE y su adhesi\u00f3n a pr\u00e1cticas comerciales justas\u00bb. <\/p>\n<p>\u00abLa UE ha priorizado sistem\u00e1ticamente una soluci\u00f3n negociada con Estados Unidos, lo que refleja nuestro compromiso con el di\u00e1logo, la estabilidad y una asociaci\u00f3n transatl\u00e1ntica constructiva\u00bb, asegur\u00f3.<\/p>\n<p>Trump dijo este s\u00e1bado que los principales socios comerciales de Estados Unidos, la UE y M\u00e9xico, afrontar\u00edan unos aranceles del 30% a partir del pr\u00f3ximo mes, que justific\u00f3 citando el rol del pa\u00eds americano en el tr\u00e1fico de drogas hacia Estados Unidos y un desequilibrio comercial con el bloque europeo.<\/p>\n<p>Esas tarifas entrar\u00edan en vigor el 1 de agosto, indic\u00f3 el magnate republicano en cartas separadas publicadas en su plataforma Truth Social. <\/p>\n<p><span data-slot-id=\"Article_InContent-1\" class=\"rich-text-ad\"\/><\/p>\n<h2>Nuevo aranceles de Trump<\/h2>\n<p>Una portavoz de la UE dijo que hab\u00edan sido informados de los nuevos aranceles antes de que Trump diera a conocer las misivas.<\/p>\n<p>Diplom\u00e1ticos europeos se\u00f1alaron que una reuni\u00f3n no programada de embajadores de los 27 pa\u00edses de la UE fue convocada el domingo en Bruselas para discutir la medida.<\/p>\n<p>El nuevo impuesto anunciado por Trump es m\u00e1s elevado que el gravamen del 20% que hab\u00eda dado a conocer en abril.<\/p>\n<p>La UE, junto con decenas de otras econom\u00edas, deb\u00eda ver incrementado su nivel de aranceles del 10% a un nivel superior el mi\u00e9rcoles, pero el mandatario estadounidense retras\u00f3 la fecha l\u00edmite al 1 de agosto pocos d\u00edas antes de que estos entraran en vigor.<\/p>\n<p>Bruselas ha preparado aranceles de represalia sobre productos estadounidenses por valor de unos 21.000 millones de euros (24.500 millones de d\u00f3lares) despu\u00e9s de que Trump tambi\u00e9n impusiera grav\u00e1menes separados a las importaciones de acero y aluminio a principios de este a\u00f1o.<\/p>\n<p>De momento, su aplicaci\u00f3n fue aplazada hasta el 14 de julio. Si bien las autoridades europeas no han tomado medidas para prorrogar la suspensi\u00f3n, podr\u00edan hacerlo r\u00e1pidamente si fuera necesario.<\/p>\n<p>Mg (AFP, DPA)<\/p>\n<\/p>\n<\/div>\n\n","protected":false},"excerpt":{"rendered":"<p>La presidenta de la Comisi\u00f3n Europea, Ursula von der Leyen, critic\u00f3 este s\u00e1bado (12.07.2025) los nuevos aranceles del 30% anunciados por el presidente estadounidense Donald Trump, pero declar\u00f3 que el bloque europeo a\u00fan desea trabajar en un acuerdo comercial con Washington. \u00abImponer aranceles del 30% sobre las exportaciones de la Uni\u00f3n Europea (UE) alterar\u00eda las &hellip;<\/p>\n","protected":false},"author":1,"featured_media":35716,"comment_status":"open","ping_status":"open","sticky":false,"template":"","format":"standard","meta":{"fifu_image_url":"https:\/\/static.dw.com\/image\/72536211_6.jpg","fifu_image_alt":"","footnotes":""},"categories":[13],"tags":[],"class_list":["post-35715","post","type-post","status-publish","format-standard","has-post-thumbnail","","category-mundo"],"_links":{"self":[{"href":"https:\/\/noticiasveraces.com\/index.php?rest_route=\/wp\/v2\/posts\/35715","targetHints":{"allow":["GET"]}}],"collection":[{"href":"https:\/\/noticiasveraces.com\/index.php?rest_route=\/wp\/v2\/posts"}],"about":[{"href":"https:\/\/noticiasveraces.com\/index.php?rest_route=\/wp\/v2\/types\/post"}],"author":[{"embeddable":true,"href":"https:\/\/noticiasveraces.com\/index.php?rest_route=\/wp\/v2\/users\/1"}],"replies":[{"embeddable":true,"href":"https:\/\/noticiasveraces.com\/index.php?rest_route=%2Fwp%2Fv2%2Fcomments&post=35715"}],"version-history":[{"count":0,"href":"https:\/\/noticiasveraces.com\/index.php?rest_route=\/wp\/v2\/posts\/35715\/revisions"}],"wp:featuredmedia":[{"embeddable":true,"href":"https:\/\/noticiasveraces.com\/index.php?rest_route=\/wp\/v2\/media\/35716"}],"wp:attachment":[{"href":"https:\/\/noticiasveraces.com\/index.php?rest_route=%2Fwp%2Fv2%2Fmedia&parent=35715"}],"wp:term":[{"taxonomy":"category","embeddable":true,"href":"https:\/\/noticiasveraces.com\/index.php?rest_route=%2Fwp%2Fv2%2Fcategories&post=35715"},{"taxonomy":"post_tag","embeddable":true,"href":"https:\/\/noticiasveraces.com\/index.php?rest_route=%2Fwp%2Fv2%2Ftags&post=35715"}],"curies":[{"name":"wp","href":"https:\/\/api.w.org\/{rel}","templated":true}]}}