{"id":35679,"date":"2025-07-12T18:08:11","date_gmt":"2025-07-12T22:08:11","guid":{"rendered":"https:\/\/noticiasveraces.com\/?p=35679"},"modified":"2025-07-12T18:08:11","modified_gmt":"2025-07-12T22:08:11","slug":"aranceles-anunciados-por-trump-son-trato-injusto-dw-12-07-2025","status":"publish","type":"post","link":"https:\/\/noticiasveraces.com\/?p=35679","title":{"rendered":"aranceles anunciados por Trump son \u201ctrato injusto\u201d \u2013 DW \u2013 12\/07\/2025"},"content":{"rendered":"<p> \n<\/p>\n<div>\n<p>M\u00e9xico inform\u00f3 este s\u00e1bado (12.07.2025) que ya est\u00e1 en negociaciones con Estados Unidos para proteger empresas y empleos en ambos lados de la frontera, ante el aviso realizado por el presidente\u00a0Donald Trump de la posible imposici\u00f3n de nuevos aranceles del 30 por ciento a partir del 1 de agosto, lo que el Gobierno mexicano consider\u00f3 un \u00abtrato injusto\u00bb.<\/p>\n<p>En un comunicado conjunto, las secretar\u00edas (ministerios) de Relaciones Exteriores y Econom\u00eda detallaron que desde el 11 de julio una delegaci\u00f3n mexicana estableci\u00f3 \u00abuna mesa de trabajo permanente binacional\u00bb para desahogar temas como seguridad, migraci\u00f3n y econom\u00eda, ocasi\u00f3n en la que se les inform\u00f3 de las nuevas tarifas, que forman parte de \u00abun cambio profundo en la pol\u00edtica comercial de Estados Unidos\u201d.<\/p>\n<p>\u00abMencionamos en la mesa que era un trato injusto y que no est\u00e1bamos de acuerdo\u00bb, indicaron las secretar\u00edas. Ante ello, se acord\u00f3 \u00abque la primer gran tarea\u00bb de la mesa ser\u00eda tener \u00abuna alternativa que permita proteger empresas y empleos en ambos lados de la frontera\u00bb antes de la fecha de la imposici\u00f3n de los aranceles. \u00abEs decir, M\u00e9xico ya est\u00e1 en negociaciones\u00bb, zanjaron.<\/p>\n<h2>Si hay represalias, hay m\u00e1s aranceles<\/h2>\n<p>El gobierno encabezado por la presidenta Claudia Sheinbaum espera \u00abresolver cualquier posibilidad\u00bb de que los impuestos aduaneros entren en vigor el 1 de agosto, tal como lo anunci\u00f3 Trump, a\u00f1adi\u00f3 el comunicado. El tema es especialmente sensible para M\u00e9xico, que es uno de los pa\u00edses m\u00e1s vulnerables a los aranceles del mandatario republicano, ya que el 80 por ciento de sus exportaciones tienen como destino Estados Unidos, su mayor socio comercial.<\/p>\n<p>Horas antes, Trump hab\u00eda publicado una carta dirigida a Sheinbaum, en la que anuncia que impondr\u00e1 nuevos aranceles del \u00ab30 por ciento a los productos mexicanos enviados a Estados Unidos, aparte de todos los aranceles sectoriales\u00bb, al inicio de agosto. El mandatario a\u00f1adi\u00f3 que si por alguna raz\u00f3n M\u00e9xico toma represalias, Estados Unidos a\u00f1adir\u00e1 la cantidad que su vecino decida al arancel del 30 por ciento.<\/p>\n<p>DZC (EFE, AFP)<\/p>\n<\/div>\n\n","protected":false},"excerpt":{"rendered":"<p>M\u00e9xico inform\u00f3 este s\u00e1bado (12.07.2025) que ya est\u00e1 en negociaciones con Estados Unidos para proteger empresas y empleos en ambos lados de la frontera, ante el aviso realizado por el presidente\u00a0Donald Trump de la posible imposici\u00f3n de nuevos aranceles del 30 por ciento a partir del 1 de agosto, lo que el Gobierno mexicano consider\u00f3 &hellip;<\/p>\n","protected":false},"author":1,"featured_media":35680,"comment_status":"open","ping_status":"open","sticky":false,"template":"","format":"standard","meta":{"fifu_image_url":"https:\/\/static.dw.com\/image\/72616157_6.jpg","fifu_image_alt":"","footnotes":""},"categories":[13],"tags":[],"class_list":["post-35679","post","type-post","status-publish","format-standard","has-post-thumbnail","","category-mundo"],"_links":{"self":[{"href":"https:\/\/noticiasveraces.com\/index.php?rest_route=\/wp\/v2\/posts\/35679","targetHints":{"allow":["GET"]}}],"collection":[{"href":"https:\/\/noticiasveraces.com\/index.php?rest_route=\/wp\/v2\/posts"}],"about":[{"href":"https:\/\/noticiasveraces.com\/index.php?rest_route=\/wp\/v2\/types\/post"}],"author":[{"embeddable":true,"href":"https:\/\/noticiasveraces.com\/index.php?rest_route=\/wp\/v2\/users\/1"}],"replies":[{"embeddable":true,"href":"https:\/\/noticiasveraces.com\/index.php?rest_route=%2Fwp%2Fv2%2Fcomments&post=35679"}],"version-history":[{"count":0,"href":"https:\/\/noticiasveraces.com\/index.php?rest_route=\/wp\/v2\/posts\/35679\/revisions"}],"wp:featuredmedia":[{"embeddable":true,"href":"https:\/\/noticiasveraces.com\/index.php?rest_route=\/wp\/v2\/media\/35680"}],"wp:attachment":[{"href":"https:\/\/noticiasveraces.com\/index.php?rest_route=%2Fwp%2Fv2%2Fmedia&parent=35679"}],"wp:term":[{"taxonomy":"category","embeddable":true,"href":"https:\/\/noticiasveraces.com\/index.php?rest_route=%2Fwp%2Fv2%2Fcategories&post=35679"},{"taxonomy":"post_tag","embeddable":true,"href":"https:\/\/noticiasveraces.com\/index.php?rest_route=%2Fwp%2Fv2%2Ftags&post=35679"}],"curies":[{"name":"wp","href":"https:\/\/api.w.org\/{rel}","templated":true}]}}