{"id":35677,"date":"2025-07-12T17:45:13","date_gmt":"2025-07-12T21:45:13","guid":{"rendered":"https:\/\/noticiasveraces.com\/?p=35677"},"modified":"2025-07-12T17:45:13","modified_gmt":"2025-07-12T21:45:13","slug":"louis-van-gaal-supero-el-cancer-asi-relato-su-inspiradora-historia-tras-vencer-grave-enfermedad-curiosidades-de-futbol","status":"publish","type":"post","link":"https:\/\/noticiasveraces.com\/?p=35677","title":{"rendered":"Louis van Gaal super\u00f3 el c\u00e1ncer: as\u00ed relat\u00f3 su inspiradora historia tras vencer grave enfermedad | Curiosidades de f\u00fatbol"},"content":{"rendered":"<p> \n<\/p>\n<div id=\"cuerpoArticulo\">\n<p class=\"texto intro\" id=\"p250735-m705-704-706\">El recordado y experimentado director t\u00e9cnico, Louis van Gaal, ha dado una de sus mejores noticias, luego de confirmar que super\u00f3 un c\u00e1ncer de pr\u00f3stata. Fue un proceso que se extendi\u00f3 por varios a\u00f1os y que, hoy d\u00eda, ya ha terminado. <\/p>\n<p>As\u00ed lo confirm\u00f3 el mismo neerland\u00e9s, quien una reciente entrevista cont\u00f3 detalles in\u00e9ditos del proceso que vivi\u00f3. <br \/><b><br \/>\u00abMe operaron varias veces. Todo iba mal por aquel entonces\u00bb, relat\u00f3 van Gaal. <\/b><\/p>\n<p class=\"texto contenido-parrafo-articulo\" id=\"p250735-m768-3-769\">En di\u00e1logo para el programa &#8216;Humberto&#8217;, el estratega fue sincero y narr\u00f3 duros momentos que atraves\u00f3 a causa del c\u00e1ncer.<b> \u00abTen\u00eda problemas con la defecaci\u00f3n y los pa\u00f1ales&#8230; era terrible\u00bb, expres\u00f3. <\/b><\/p>\n<div class=\"fotografia caja-articulo\" id=\"p250735-m774-4-775\">\n<div class=\"imagen-cuerpo-bk\">\n<figure itemscope=\"\" itemtype=\"https:\/\/schema.org\/ImageObject\" itemprop=\"image\" id=\"m779-778-780\" class=\"foto-galeria-articulo imagen-articulo foto-texto-articulo-galeria\"><img decoding=\"async\" alt=\"Louis Van Gaal\" src=\"data:image\/png;base64,iVBORw0KGgoAAAANSUhEUgAAAAEAAAABCAQAAAC1HAwCAAAAC0lEQVR42mP8\/x0AAvsB+DlKarAAAAAASUVORK5CYII=\" style=\" display: inline;\" data-original=\"\/files\/article_content\/uploads\/2022\/12\/09\/6393e263418e6.jpeg\"\/><meta itemprop=\"width\" content=\"600\"\/><meta itemprop=\"height\" content=\"450\"\/> <meta itemprop=\"url\" content=\"https:\/\/www.futbolred.com\/files\/article_content\/uploads\/2022\/12\/09\/6393e263418e6.jpeg\"\/><\/figure>\n<\/div><\/div>\n<p class=\"texto contenido-parrafo-articulo\" id=\"p250735-m800-5-801\">Y expres\u00f3: \u00abAparec\u00ed en p\u00fablico muchas veces. <b>Usaba pantalones oscuros para disimularlo. Eso no est\u00e1 bien. En la noche de la entrega de un trofeo me orin\u00e9 en los pantalones. Me dio verg\u00fcenza. Por suerte, eso ya qued\u00f3 atr\u00e1s\u00bb. <\/b><\/p>\n<p>Confiando en la medicina y su proceso, Louis afirm\u00f3 que: \u00abAhora puedo con ello. Me reviso cada dos o tres meses, pero va bien. Estoy cada vez en mejor forma\u00bb.<\/p>\n<div class=\"fotografia caja-articulo\" id=\"p250735-m806-6-807\">\n<div class=\"imagen-cuerpo-bk\">\n<figure itemscope=\"\" itemtype=\"https:\/\/schema.org\/ImageObject\" itemprop=\"image\" id=\"m811-810-812\" class=\"foto-galeria-articulo imagen-articulo foto-texto-articulo-galeria\"><img decoding=\"async\" alt=\"Messi y van Gaal\" src=\"data:image\/png;base64,iVBORw0KGgoAAAANSUhEUgAAAAEAAAABCAQAAAC1HAwCAAAAC0lEQVR42mP8\/x0AAvsB+DlKarAAAAAASUVORK5CYII=\" style=\" display: inline;\" data-original=\"\/files\/article_content\/uploads\/2022\/12\/09\/6393cfc3ee99f.jpeg\"\/><meta itemprop=\"width\" content=\"600\"\/><meta itemprop=\"height\" content=\"450\"\/> <meta itemprop=\"url\" content=\"https:\/\/www.futbolred.com\/files\/article_content\/uploads\/2022\/12\/09\/6393cfc3ee99f.jpeg\"\/><\/figure>\n<\/div>\n<div class=\"figcaption-cuerpo-bk credito-image-bk\"><figcaption class=\"foto-info\">\n<div class=\"titulo-foto-bk\">\n<p id=\"m818-1-819\" class=\"titulo pie-de-foto\">Cruce entre Messi y Van Gaal<\/p>\n<\/div>\n<p class=\"credito\">\n                            <span class=\"linea pre_credito\">Foto:<\/span><\/p>\n<p>                        <span id=\"m824-2-825\" class=\"autor\">Efusi\u00f3n<\/span><\/p>\n<\/figcaption><\/div>\n<\/p><\/div>\n<p class=\"texto contenido-parrafo-articulo\" id=\"p250735-m832-7-833\">Respecto a un posible retorno al banquillo, van Gaal confirm\u00f3 que no volver\u00e1 a la actividad a nivel de clubes. <b>\u00abNo quiero trabajar todos los d\u00edas.<\/b> Somos seleccionadores nacionales ocho veces al a\u00f1o, pero \u00bfqui\u00e9n quiere a un hombre de 73 a\u00f1os que ha tenido c\u00e1ncer de pr\u00f3stata? Solo lo har\u00e9 en pa\u00edses como Inglaterra y Alemania\u00bb, indic\u00f3.<\/p>\n<div id=\"p250735-m838-8-839\" class=\"\">\n<blockquote class=\"twitter-tweet\" data-media-max-width=\"560\">\n<p lang=\"en\" dir=\"ltr\">\ud83d\ude4f\u2764\ufe0f Louis Van Gaal: \u00abYa no tengo c\u00e1ncer. Hace dos a\u00f1os me somet\u00ed a una cirug\u00eda varias veces. Entonces todo fue malo. Tuve problemas con las heces, con pa\u00f1ales, todo fue terrible. <\/p>\n<p>\u00abPero al final result\u00f3 bien, as\u00ed que puedo manejarlo ahora. Me inspeccionan cada pocos meses, pero &#8230; <a href=\"https:\/\/t.co\/sp2BEpKAjx\">pic.twitter.com\/sp2bepkajx<\/a><\/p>\n<p>&#8211; Eurofoot (@eurofootcom) <a href=\"https:\/\/twitter.com\/eurofootcom\/status\/1943967360781578565?ref_src=twsrc%5Etfw\">12 de julio de 2025<\/a><\/p><\/blockquote><\/div>\n<\/p><\/div>\n<p><script async src=\"https:\/\/platform.twitter.com\/widgets.js\" charset=\"utf-8\"><\/script><br \/>\n<br \/>\n","protected":false},"excerpt":{"rendered":"<p>El recordado y experimentado director t\u00e9cnico, Louis van Gaal, ha dado una de sus mejores noticias, luego de confirmar que super\u00f3 un c\u00e1ncer de pr\u00f3stata. Fue un proceso que se extendi\u00f3 por varios a\u00f1os y que, hoy d\u00eda, ya ha terminado. As\u00ed lo confirm\u00f3 el mismo neerland\u00e9s, quien una reciente entrevista cont\u00f3 detalles in\u00e9ditos del &hellip;<\/p>\n","protected":false},"author":1,"featured_media":35678,"comment_status":"open","ping_status":"open","sticky":false,"template":"","format":"standard","meta":{"fifu_image_url":"https:\/\/www.futbolred.com\/files\/og_thumbnail\/uploads\/2022\/11\/24\/63800e1988f9c.jpeg","fifu_image_alt":"","footnotes":""},"categories":[6],"tags":[],"class_list":["post-35677","post","type-post","status-publish","format-standard","has-post-thumbnail","","category-deportes"],"_links":{"self":[{"href":"https:\/\/noticiasveraces.com\/index.php?rest_route=\/wp\/v2\/posts\/35677","targetHints":{"allow":["GET"]}}],"collection":[{"href":"https:\/\/noticiasveraces.com\/index.php?rest_route=\/wp\/v2\/posts"}],"about":[{"href":"https:\/\/noticiasveraces.com\/index.php?rest_route=\/wp\/v2\/types\/post"}],"author":[{"embeddable":true,"href":"https:\/\/noticiasveraces.com\/index.php?rest_route=\/wp\/v2\/users\/1"}],"replies":[{"embeddable":true,"href":"https:\/\/noticiasveraces.com\/index.php?rest_route=%2Fwp%2Fv2%2Fcomments&post=35677"}],"version-history":[{"count":0,"href":"https:\/\/noticiasveraces.com\/index.php?rest_route=\/wp\/v2\/posts\/35677\/revisions"}],"wp:featuredmedia":[{"embeddable":true,"href":"https:\/\/noticiasveraces.com\/index.php?rest_route=\/wp\/v2\/media\/35678"}],"wp:attachment":[{"href":"https:\/\/noticiasveraces.com\/index.php?rest_route=%2Fwp%2Fv2%2Fmedia&parent=35677"}],"wp:term":[{"taxonomy":"category","embeddable":true,"href":"https:\/\/noticiasveraces.com\/index.php?rest_route=%2Fwp%2Fv2%2Fcategories&post=35677"},{"taxonomy":"post_tag","embeddable":true,"href":"https:\/\/noticiasveraces.com\/index.php?rest_route=%2Fwp%2Fv2%2Ftags&post=35677"}],"curies":[{"name":"wp","href":"https:\/\/api.w.org\/{rel}","templated":true}]}}