{"id":35668,"date":"2025-07-12T15:05:10","date_gmt":"2025-07-12T19:05:10","guid":{"rendered":"https:\/\/noticiasveraces.com\/?p=35668"},"modified":"2025-07-12T15:05:10","modified_gmt":"2025-07-12T19:05:10","slug":"despues-del-exito-de-la-paz-africana-trump-insto-a-enfrentar-la-guerra-de-sudan-olvidada","status":"publish","type":"post","link":"https:\/\/noticiasveraces.com\/?p=35668","title":{"rendered":"Despu\u00e9s del \u00e9xito de la paz africana, Trump inst\u00f3 a enfrentar la guerra de Sud\u00e1n olvidada"},"content":{"rendered":"<p> \n<\/p>\n<div>\n<div id=\"beyondwords-wrapper\" class=\"beyondwords-wrapper\">\n<p><span class=\"label-bg\">NUEVO<\/span>\u00a1Ahora puedes escuchar art\u00edculos de Fox News!\n  <\/p>\n<\/div>\n<p class=\"speakable\">Reci\u00e9n salido del \u00e9xito de traer la paz a un conflicto africano, el presidente Donald Trump y su administraci\u00f3n est\u00e1n \u00abposicionados\u00bb para poner fin a la otra guerra importante del continente en Sud\u00e1n, seg\u00fan un analista principal.<\/p>\n<p class=\"speakable\">El presidente Trump llev\u00f3 a los ministros extranjeros de la Rep\u00fablica Democr\u00e1tica del Congo y Ruanda a la Casa Blanca el 27 de junio para firmar un acuerdo de paz para terminar su guerra de 30 a\u00f1os.<\/p>\n<p>Cameron Hudson, ex alto funcionario de \u00c1frica en la administraci\u00f3n de George W. Bush, dijo exclusivamente las acciones de Fox News Digital Trump sobre la paz en \u00c1frica han sido \u00abrefrescantes\u00bb y que la participaci\u00f3n de los Estados Unidos en Sud\u00e1n es esencial. <\/p>\n<p><strong>Trump y Rubio aseguran el Tratado de Paz de Ruanda-Congo en medio de la nominaci\u00f3n del Premio Nobel de Pakist\u00e1n<\/strong><\/p>\n<div class=\"image-ct inline\">\n<div class=\"m\"><picture><source media=\"(max-width: 767px)\" srcset=\"https:\/\/a57.foxnews.com\/static.foxnews.com\/foxnews.com\/content\/uploads\/2025\/07\/343\/192\/sudan-civil-war-starvation-scaled.jpg?ve=1&amp;tl=1, https:\/\/a57.foxnews.com\/static.foxnews.com\/foxnews.com\/content\/uploads\/2025\/07\/686\/384\/sudan-civil-war-starvation-scaled.jpg?ve=1&amp;tl=1 2x\" height=\"192\" width=\"343\"><source media=\"(min-width: 768px) and (max-width: 1023px)\" srcset=\"https:\/\/a57.foxnews.com\/static.foxnews.com\/foxnews.com\/content\/uploads\/2025\/07\/672\/378\/sudan-civil-war-starvation-scaled.jpg?ve=1&amp;tl=1, https:\/\/a57.foxnews.com\/static.foxnews.com\/foxnews.com\/content\/uploads\/2025\/07\/1344\/756\/sudan-civil-war-starvation-scaled.jpg?ve=1&amp;tl=1 2x\" height=\"378\" width=\"672\"><source media=\"(min-width: 1024px) and (max-width: 1279px)\" srcset=\"https:\/\/a57.foxnews.com\/static.foxnews.com\/foxnews.com\/content\/uploads\/2025\/07\/931\/523\/sudan-civil-war-starvation-scaled.jpg?ve=1&amp;tl=1, https:\/\/a57.foxnews.com\/static.foxnews.com\/foxnews.com\/content\/uploads\/2025\/07\/1862\/1046\/sudan-civil-war-starvation-scaled.jpg?ve=1&amp;tl=1 2x\" height=\"523\" width=\"931\"><source media=\"(min-width: 1280px)\" srcset=\"https:\/\/a57.foxnews.com\/static.foxnews.com\/foxnews.com\/content\/uploads\/2025\/07\/720\/405\/sudan-civil-war-starvation-scaled.jpg?ve=1&amp;tl=1, https:\/\/a57.foxnews.com\/static.foxnews.com\/foxnews.com\/content\/uploads\/2025\/07\/1440\/810\/sudan-civil-war-starvation-scaled.jpg?ve=1&amp;tl=1 2x\" height=\"405\" width=\"720\"><img loading=\"lazy\" decoding=\"async\" src=\"https:\/\/a57.foxnews.com\/static.foxnews.com\/foxnews.com\/content\/uploads\/2025\/07\/1200\/675\/sudan-civil-war-starvation-scaled.jpg?ve=1&amp;tl=1\" alt=\"Guerra civil de Sud\u00e1n\" width=\"1200\" height=\"675\"\/><\/source><\/source><\/source><\/source><\/picture><\/div>\n<div class=\"info\">\n<div class=\"caption\">\n<p><span>La guerra en Sud\u00e1n ha reclamado decenas de miles de vidas, desarraig\u00f3 m\u00e1s de 12 millones y cre\u00f3 lo que el Comit\u00e9 Internacional de Rescate describi\u00f3 como \u00abla crisis humanitaria m\u00e1s grande jam\u00e1s registrada\u00bb.<\/span> <span>(Ebrahim Hamid\/AFP a trav\u00e9s de Getty Images)<\/span><\/p>\n<\/div>\n<\/div>\n<\/div>\n<p>Sud\u00e1n a menudo se llama la guerra olvidada. Se estima que 150,000 han sido asesinados. El viernes, un portavoz del Departamento de Estado le dijo a Fox News Digital que se han desplazado un asombroso desplazamiento de 14.2 millones desde que el gobierno y las fuerzas de apoyo r\u00e1pido rebeldes comenzaron la guerra civil actual en abril de 2023. El portavoz agreg\u00f3 \u00abm\u00e1s de 30 millones de personas (son) necesitas de asistencia humanitaria, (y) m\u00e1s de 630,000 personas (son) que experimentan la insecuci\u00f3n de los alimentos catastr\u00f3ficos. conflicto.\u00bb<\/p>\n<p>En una sesi\u00f3n informativa del Consejo de Seguridad de la ONU el jueves, la embajadora Dorothy Shea, la representante interina de los Estados Unidos, dijo: \u00abSeg\u00fan muchas medidas, el conflicto en Sud\u00e1n es la peor crisis humanitaria del mundo de hoy. Hacemos que las partes en guerra de Sud\u00e1n cesen las hostilidades, permitan el acceso humanitario sin obst\u00e1culos a todas las partes del pa\u00eds y protegemos a los civiles\u00bb.<\/p>\n<p>Shea agreg\u00f3: \u00abEstados Unidos pide responsabilidad por las fuerzas de apoyo r\u00e1pido para el genocidio en Sud\u00e1n, donde han asesinado a hombres y ni\u00f1os, incluso beb\u00e9s de forma \u00e9tnica, atacados a civiles que huyen y cometieron actos de brutal violencia sexual contra las mujeres y ni\u00f1as de otros grupos \u00e9tnicos\u00bb.<\/p>\n<div class=\"image-ct inline\">\n<div class=\"m\"><picture><source media=\"(max-width: 767px)\" srcset=\"https:\/\/a57.foxnews.com\/static.foxnews.com\/foxnews.com\/content\/uploads\/2025\/06\/343\/192\/trump-drc-rwanda-deal.jpg?ve=1&amp;tl=1, https:\/\/a57.foxnews.com\/static.foxnews.com\/foxnews.com\/content\/uploads\/2025\/06\/686\/384\/trump-drc-rwanda-deal.jpg?ve=1&amp;tl=1 2x\" height=\"192\" width=\"343\"><source media=\"(min-width: 768px) and (max-width: 1023px)\" srcset=\"https:\/\/a57.foxnews.com\/static.foxnews.com\/foxnews.com\/content\/uploads\/2025\/06\/672\/378\/trump-drc-rwanda-deal.jpg?ve=1&amp;tl=1, https:\/\/a57.foxnews.com\/static.foxnews.com\/foxnews.com\/content\/uploads\/2025\/06\/1344\/756\/trump-drc-rwanda-deal.jpg?ve=1&amp;tl=1 2x\" height=\"378\" width=\"672\"><source media=\"(min-width: 1024px) and (max-width: 1279px)\" srcset=\"https:\/\/a57.foxnews.com\/static.foxnews.com\/foxnews.com\/content\/uploads\/2025\/06\/931\/523\/trump-drc-rwanda-deal.jpg?ve=1&amp;tl=1, https:\/\/a57.foxnews.com\/static.foxnews.com\/foxnews.com\/content\/uploads\/2025\/06\/1862\/1046\/trump-drc-rwanda-deal.jpg?ve=1&amp;tl=1 2x\" height=\"523\" width=\"931\"><source media=\"(min-width: 1280px)\" srcset=\"https:\/\/a57.foxnews.com\/static.foxnews.com\/foxnews.com\/content\/uploads\/2025\/06\/720\/405\/trump-drc-rwanda-deal.jpg?ve=1&amp;tl=1, https:\/\/a57.foxnews.com\/static.foxnews.com\/foxnews.com\/content\/uploads\/2025\/06\/1440\/810\/trump-drc-rwanda-deal.jpg?ve=1&amp;tl=1 2x\" height=\"405\" width=\"720\"><img loading=\"lazy\" decoding=\"async\" src=\"https:\/\/a57.foxnews.com\/static.foxnews.com\/foxnews.com\/content\/uploads\/2025\/06\/1200\/675\/trump-drc-rwanda-deal.jpg?ve=1&amp;tl=1\" alt=\"Trump Dr. Congo Ruanda Acuerdo de paz\" width=\"1200\" height=\"675\"\/><\/source><\/source><\/source><\/source><\/picture><\/div>\n<div class=\"info\">\n<div class=\"caption\">\n<p><span>El presidente Donald Trump presenta un documento firmado para presentar a la ministra de Relaciones Exteriores del Congo, Therese Kayikwamba Wagner, a la derecha, como el ministro de Relaciones Exteriores de Ruanda, Olivier Nduhungirehe, la vicepresidenta JD Vance y la secretaria del estado Marco Rubio Watch el 27 de junio de 2025, en la Oficina Oval de la Casa Blanca en Washington. <\/span> <span>(AP Photo\/Manuel Balce CNETA)<\/span><\/p>\n<\/div>\n<\/div>\n<\/div>\n<p>La Oficina de la ONU para la Coordinaci\u00f3n de Asuntos Humanitarios (OCHA) declar\u00f3 que los convoyes de ayuda est\u00e1n siendo atacados, los hospitales bombardeados y los alimentos y el agua deliberadamente retenidos. Seg\u00fan los informes, los rebeldes de RSF han rodeado la ciudad y los campamentos de El Fasher en Darfur y efectivamente han puesto el \u00e1rea bajo asedio.<\/p>\n<p>Hudson, tambi\u00e9n ex asesor del Departamento de Estado, le dijo a Fox News Digital que es el momento que el presidente Trump haga su movimiento porque \u00abest\u00e1 apostando r\u00e1pidamente una posici\u00f3n para s\u00ed mismo como pacificador en el mundo, y este mensaje resuena profundamente con los l\u00edderes africanos y sus p\u00fablicos.<\/p>\n<p>\u00abEn la medida en que Trump ha seguido enmarcando su diplomacia personal en t\u00e9rminos de paz, que ha sido bien recibido. M\u00e1s cerca de casa, su priorizaci\u00f3n de la paz en la disputa del Congo-Rwanda se considera genuina.<\/p>\n<p><strong>El administrador de Biden se atropell\u00f3 por &#8216;esperar&#8217; para declarar el genocidio en Sud\u00e1n<\/strong><\/p>\n<p>\u00abLos africanos, en general, no se preocupan al presidente por tambi\u00e9n tener una agenda para asegurar minerales cr\u00edticos. Creo que ven su transparencia y transaccionalismo como refrescante de un presidente de los Estados Unidos. Washington tiene una tendencia a hablar sobre nuestros valores pero perseguir nuestros intereses de manera contradictoria. Para Trump, ven sus intereses como sus valores\u00bb.<\/p>\n<div class=\"image-ct inline\">\n<div class=\"m\"><picture><source media=\"(max-width: 767px)\" srcset=\"https:\/\/a57.foxnews.com\/static.foxnews.com\/foxnews.com\/content\/uploads\/2024\/06\/343\/192\/GettyImages-2153402158.jpg?ve=1&amp;tl=1, https:\/\/a57.foxnews.com\/static.foxnews.com\/foxnews.com\/content\/uploads\/2024\/06\/686\/384\/GettyImages-2153402158.jpg?ve=1&amp;tl=1 2x\" height=\"192\" width=\"343\"><source media=\"(min-width: 768px) and (max-width: 1023px)\" srcset=\"https:\/\/a57.foxnews.com\/static.foxnews.com\/foxnews.com\/content\/uploads\/2024\/06\/672\/378\/GettyImages-2153402158.jpg?ve=1&amp;tl=1, https:\/\/a57.foxnews.com\/static.foxnews.com\/foxnews.com\/content\/uploads\/2024\/06\/1344\/756\/GettyImages-2153402158.jpg?ve=1&amp;tl=1 2x\" height=\"378\" width=\"672\"><source media=\"(min-width: 1024px) and (max-width: 1279px)\" srcset=\"https:\/\/a57.foxnews.com\/static.foxnews.com\/foxnews.com\/content\/uploads\/2024\/06\/931\/523\/GettyImages-2153402158.jpg?ve=1&amp;tl=1, https:\/\/a57.foxnews.com\/static.foxnews.com\/foxnews.com\/content\/uploads\/2024\/06\/1862\/1046\/GettyImages-2153402158.jpg?ve=1&amp;tl=1 2x\" height=\"523\" width=\"931\"><source media=\"(min-width: 1280px)\" srcset=\"https:\/\/a57.foxnews.com\/static.foxnews.com\/foxnews.com\/content\/uploads\/2024\/06\/720\/405\/GettyImages-2153402158.jpg?ve=1&amp;tl=1, https:\/\/a57.foxnews.com\/static.foxnews.com\/foxnews.com\/content\/uploads\/2024\/06\/1440\/810\/GettyImages-2153402158.jpg?ve=1&amp;tl=1 2x\" height=\"405\" width=\"720\"><img loading=\"lazy\" decoding=\"async\" src=\"https:\/\/a57.foxnews.com\/static.foxnews.com\/foxnews.com\/content\/uploads\/2024\/06\/1200\/675\/GettyImages-2153402158.jpg?ve=1&amp;tl=1\" alt=\"Conflicto de Sud\u00e1n\" width=\"1200\" height=\"675\"\/><\/source><\/source><\/source><\/source><\/picture><\/div>\n<div class=\"info\">\n<div class=\"caption\">\n<p><span>Los miembros del batall\u00f3n de fuerzas misioneras del ej\u00e9rcito sudan\u00e9s en el estado del norte celebran un desfile en la ciudad de Karima el 19 de mayo de 2024.<\/span> <span>(Getty Images)<\/span><\/p>\n<\/div>\n<\/div>\n<\/div>\n<p>Mirando hacia atr\u00e1s en el tsunami de las palabras, pero la falta de acci\u00f3n definitiva de la administraci\u00f3n anterior, Hudson agreg\u00f3: \u00abSi observa los hechos en el terreno en Sud\u00e1n hoy, este podr\u00eda ser el \u00faltimo momento en que tenemos que tratar de volver a caminar por el pa\u00eds de los intereses de seguridad a largo plazo de los Estados Unidos.<\/p>\n<p>\u00abUn estado fallido de 50 millones de personas en las costas del Mar Rojo interrumpir\u00e1 un carril esencial de navegaci\u00f3n comercial, desestabilizar\u00e1 a los socios en todo el Golfo y enviar\u00e1 olas de migrantes que se transmiten a Europa y \u00c1frica. Nada de esto sirve a los intereses de Washington\u00bb.<\/p>\n<p>El embajador Shea dijo en el Consejo de Seguridad de esta semana informando que Estados Unidos cree que \u00abel apoyo externo a las partes en guerra (sudanesas) solo sirve para prolongar el conflicto y debe cesar\u00bb.<\/p>\n<div class=\"image-ct inline\">\n<div class=\"m\"><picture><source media=\"(max-width: 767px)\" srcset=\"https:\/\/a57.foxnews.com\/static.foxnews.com\/foxnews.com\/content\/uploads\/2025\/03\/343\/192\/sudan.jpg?ve=1&amp;tl=1, https:\/\/a57.foxnews.com\/static.foxnews.com\/foxnews.com\/content\/uploads\/2025\/03\/686\/384\/sudan.jpg?ve=1&amp;tl=1 2x\" height=\"192\" width=\"343\"><source media=\"(min-width: 768px) and (max-width: 1023px)\" srcset=\"https:\/\/a57.foxnews.com\/static.foxnews.com\/foxnews.com\/content\/uploads\/2025\/03\/672\/378\/sudan.jpg?ve=1&amp;tl=1, https:\/\/a57.foxnews.com\/static.foxnews.com\/foxnews.com\/content\/uploads\/2025\/03\/1344\/756\/sudan.jpg?ve=1&amp;tl=1 2x\" height=\"378\" width=\"672\"><source media=\"(min-width: 1024px) and (max-width: 1279px)\" srcset=\"https:\/\/a57.foxnews.com\/static.foxnews.com\/foxnews.com\/content\/uploads\/2025\/03\/931\/523\/sudan.jpg?ve=1&amp;tl=1, https:\/\/a57.foxnews.com\/static.foxnews.com\/foxnews.com\/content\/uploads\/2025\/03\/1862\/1046\/sudan.jpg?ve=1&amp;tl=1 2x\" height=\"523\" width=\"931\"><source media=\"(min-width: 1280px)\" srcset=\"https:\/\/a57.foxnews.com\/static.foxnews.com\/foxnews.com\/content\/uploads\/2025\/03\/720\/405\/sudan.jpg?ve=1&amp;tl=1, https:\/\/a57.foxnews.com\/static.foxnews.com\/foxnews.com\/content\/uploads\/2025\/03\/1440\/810\/sudan.jpg?ve=1&amp;tl=1 2x\" height=\"405\" width=\"720\"><img loading=\"lazy\" decoding=\"async\" src=\"https:\/\/a57.foxnews.com\/static.foxnews.com\/foxnews.com\/content\/uploads\/2025\/03\/1200\/675\/sudan.jpg?ve=1&amp;tl=1\" alt=\"Sud\u00e1n\" width=\"1200\" height=\"675\"\/><\/source><\/source><\/source><\/source><\/picture><\/div>\n<div class=\"info\">\n<div class=\"caption\">\n<p><span>Un soldado del ej\u00e9rcito camina frente al Palacio Republicano en Jartum, Sud\u00e1n, despu\u00e9s de que fue recapturado por el ej\u00e9rcito de Sud\u00e1n el 21 de marzo de 2025. <\/span> <span>(Foto AP)<\/span><\/p>\n<\/div>\n<\/div>\n<\/div>\n<p><strong><u>Haga clic aqu\u00ed para obtener la aplicaci\u00f3n Fox News<\/u><\/strong><\/p>\n<p>Hudson dijo que Estados Unidos podr\u00eda, y deber\u00eda, terminar ese apoyo.<\/p>\n<p>\u00abLa administraci\u00f3n Trump est\u00e1 en posici\u00f3n \u00fanica para marcar la diferencia en Sud\u00e1n\u00bb, dijo Hudson. \u00abLos principales patrocinadores de los lados de la guerra &#8211; Egipto, Emiratos \u00c1rabes Unidos, Arabia Saudita, Turqu\u00eda, son todos los aliados de los Estados Unidos. Cuando el presidente Trump ha cultivado estrechos v\u00ednculos e influencia profunda. \u00c9l est\u00e1 en condiciones de ayudar a estos pa\u00edses a resolver sus diferencias y forjar un consenso al finalizar su apoyo a la guerra. Tendr\u00e1 una diplomacia dedicada, pero es el mensaje que est\u00e1 tratando de enviar, que es un guante de los guases.<\/p>\n<p>\u00abEstados Unidos sigue enfocado en trabajar con nuestros socios para resolver la crisis en Sud\u00e1n\u00bb, dijo el portavoz del Departamento de Estado a Fox News Digital Friday. \u00abApoyamos la restauraci\u00f3n de la gobernanza civil en un Sud\u00e1n pac\u00edfico y unificado. Continuamos relacionados con los socios regionales y de otros socios clave para instar a las fuerzas armadas sudanesas (SAF) y las fuerzas de apoyo r\u00e1pido (RSF) a cesar las hostilidades, permitir el acceso humanitario no obstante a todas las partes del pa\u00eds, proteger a los civilianos y tomar medidas hacia una paz negociada a trav\u00e9s de un di\u00e1logo incluido\u00bb.<\/p>\n<p> <!----> <\/p>\n<div class=\"article-meta\">\n<div class=\"author-bio\">\n<p>Paul Tilsley es un corresponsal veterano que ha informado sobre asuntos africanos durante m\u00e1s de tres d\u00e9cadas de Johannesburgo, Sud\u00e1frica. Se puede seguir en x @Paultilsley<\/p>\n<\/div>\n<\/div>\n<\/div>\n\n","protected":false},"excerpt":{"rendered":"<p>NUEVO\u00a1Ahora puedes escuchar art\u00edculos de Fox News! Reci\u00e9n salido del \u00e9xito de traer la paz a un conflicto africano, el presidente Donald Trump y su administraci\u00f3n est\u00e1n \u00abposicionados\u00bb para poner fin a la otra guerra importante del continente en Sud\u00e1n, seg\u00fan un analista principal. El presidente Trump llev\u00f3 a los ministros extranjeros de la Rep\u00fablica &hellip;<\/p>\n","protected":false},"author":1,"featured_media":35670,"comment_status":"open","ping_status":"open","sticky":false,"template":"","format":"standard","meta":{"fifu_image_url":"https:\/\/static.foxnews.com\/foxnews.com\/content\/uploads\/2025\/06\/trump-drc-rwanda-deal.jpg","fifu_image_alt":"","footnotes":""},"categories":[13],"tags":[],"class_list":["post-35668","post","type-post","status-publish","format-standard","has-post-thumbnail","","category-mundo"],"_links":{"self":[{"href":"https:\/\/noticiasveraces.com\/index.php?rest_route=\/wp\/v2\/posts\/35668","targetHints":{"allow":["GET"]}}],"collection":[{"href":"https:\/\/noticiasveraces.com\/index.php?rest_route=\/wp\/v2\/posts"}],"about":[{"href":"https:\/\/noticiasveraces.com\/index.php?rest_route=\/wp\/v2\/types\/post"}],"author":[{"embeddable":true,"href":"https:\/\/noticiasveraces.com\/index.php?rest_route=\/wp\/v2\/users\/1"}],"replies":[{"embeddable":true,"href":"https:\/\/noticiasveraces.com\/index.php?rest_route=%2Fwp%2Fv2%2Fcomments&post=35668"}],"version-history":[{"count":0,"href":"https:\/\/noticiasveraces.com\/index.php?rest_route=\/wp\/v2\/posts\/35668\/revisions"}],"wp:featuredmedia":[{"embeddable":true,"href":"https:\/\/noticiasveraces.com\/index.php?rest_route=\/wp\/v2\/media\/35670"}],"wp:attachment":[{"href":"https:\/\/noticiasveraces.com\/index.php?rest_route=%2Fwp%2Fv2%2Fmedia&parent=35668"}],"wp:term":[{"taxonomy":"category","embeddable":true,"href":"https:\/\/noticiasveraces.com\/index.php?rest_route=%2Fwp%2Fv2%2Fcategories&post=35668"},{"taxonomy":"post_tag","embeddable":true,"href":"https:\/\/noticiasveraces.com\/index.php?rest_route=%2Fwp%2Fv2%2Ftags&post=35668"}],"curies":[{"name":"wp","href":"https:\/\/api.w.org\/{rel}","templated":true}]}}