{"id":35663,"date":"2025-07-12T14:46:56","date_gmt":"2025-07-12T18:46:56","guid":{"rendered":"https:\/\/noticiasveraces.com\/?p=35663"},"modified":"2025-07-12T14:46:56","modified_gmt":"2025-07-12T18:46:56","slug":"pasadas-por-alto-e-infravaloradas-las-tormentas-de-arena-y-polvo-causan-estragos-a-traves-de-las-fronteras","status":"publish","type":"post","link":"https:\/\/noticiasveraces.com\/?p=35663","title":{"rendered":"Pasadas por alto e infravaloradas, las tormentas de arena y polvo causan estragos a trav\u00e9s de las fronteras"},"content":{"rendered":"<p> \n<br \/><img decoding=\"async\" src=\"https:\/\/global.unitednations.entermediadb.net\/assets\/mediadb\/services\/module\/asset\/downloads\/preset\/Libraries\/Production%20Library\/12-07-2023-sand-storm-Australia.jpg\/image560x340cropped.jpg\" \/><\/p>\n<div>\n<p>Hay tres grandes pir\u00e1mides en Giza, Egipto, pero imaginemos\u00a0que hubiera 307 de ellas, y que estas se hubieran disuelto en<strong> m\u00e1s de 2000 millones de toneladas de arena <\/strong>y part\u00edculas de polvo.<\/p>\n<p>Esa es la cantidad de arena y polvo que entra anualmente en la atm\u00f3sfera, seg\u00fan el informe anual de la Organizaci\u00f3n Meteorol\u00f3gica Mundial (OMM) sobre las tormentas que esparcen esas part\u00edculas por las fronteras de todo el planeta.<\/p>\n<p>El informe de la agencia meteorol\u00f3gica advierte que, aunque la cantidad de polvo disminuy\u00f3 marginalmente en 2024, el impacto sobre los seres humanos y las econom\u00edas va en aumento.<\/p>\n<p>La OMM calcula que m\u00e1s de 330 millones de personas de 150 pa\u00edses se ven afectadas por las tormentas de arena y polvo, que provocan muertes prematuras, da\u00f1os a la salud, y elevados costes econ\u00f3micos.<\/p>\n<h2>Lo que comienza en el Sahara puede oscurecer los cielos en Europa<\/h2>\n<p>\u00abLas tormentas de arena y polvo no s\u00f3lo significan ventanas sucias y cielos brumosos. <strong>Da\u00f1an la salud y la calidad de vida de millones de personas<\/strong> y cuestan muchos millones de d\u00f3lares\u00bb, afirm\u00f3 Celeste Saulo, secretaria general de la OMM.<\/p>\n<p>Aunque el movimiento de la arena y el polvo es un proceso meteorol\u00f3gico natural, el aumento de la degradaci\u00f3n del suelo y la mala gesti\u00f3n del agua han exacerbado en las \u00faltimas d\u00e9cadas su prevalencia y propagaci\u00f3n geogr\u00e1fica.<\/p>\n<p>Las part\u00edculas de polvo y arena, el 80% de las cuales proceden del norte de \u00c1frica y Oriente Medio, <strong>pueden transportarse miles de kil\u00f3metros a trav\u00e9s de fronteras y oc\u00e9anos<\/strong>.<\/p>\n<p>\u00abLo que comienza en una tormenta en el Sahara, puede oscurecer los cielos en Europa. Lo que se levanta en Asia Central, puede alterar la calidad del aire en China. La atm\u00f3sfera no reconoce fronteras\u00bb, declar\u00f3 Sara Basart, responsable cient\u00edfica de la OMM, en una sesi\u00f3n informativa en Ginebra.<\/p>\n<p>Esto es precisamente lo que ocurri\u00f3 en 2024. <strong>El polvo y la arena del Sahara Occidental viajaron hasta las Islas Canarias espa\u00f1olas.<\/strong> Y los fuertes vientos y la sequ\u00eda de Mongolia llevaron el polvo a Beijing y el norte de China.<\/p>\n<h2>Un reto cada vez mayor<\/h2>\n<p>\u00abEstos fen\u00f3menos meteorol\u00f3gicos extremos no son anomal\u00edas locales. Las tormentas de arena y polvo se est\u00e1n convirtiendo r\u00e1pidamente en uno de los retos mundiales m\u00e1s ignorados y de mayor alcance de nuestro tiempo\u00bb, dijo un alto funcionario en nombre de Phil\u00e9mon Yang, presidente de la Asamblea General.<\/p>\n<p>Las tormentas pueden <strong>oscurecer la luz solar, alterando los ecosistemas terrestres y oce\u00e1nicos<\/strong>. Adem\u00e1s de las repercusiones medioambientales, estos fen\u00f3menos meteorol\u00f3gicos tienen profundas repercusiones en los seres humanos y sus econom\u00edas.<\/p>\n<p>\u201cUna vez consideradas estacionales o localizadas, las tormentas de arena y polvo se han intensificado hasta convertirse en un peligro mundial persistente y cada vez m\u00e1s intenso\u201d, declar\u00f3 Rola Dashti, copresidenta de la Coalici\u00f3n de las Naciones Unidas para Combatir las Tormentas de Arena y Polvo.<\/p>\n<p>Entre 2018 y 2022, m\u00e1s de <strong>3800 millones de personas estuvieron expuestas a part\u00edculas de polvo<\/strong>y las regiones m\u00e1s afectadas experimentaron exposici\u00f3n al polvo el 87% del tiempo durante ese mismo per\u00edodo.<\/p>\n<p>Estas part\u00edculas exacerban las enfermedades cardiovasculares y tienen otros efectos adversos para la salud, lo que <strong>provoca siete millones de muertes prematuras cada<\/strong> <strong>a\u00f1o<\/strong>especialmente entre las poblaciones ya vulnerables. Yang se refiri\u00f3 a esto como el \u201casombroso coste humano\u201d.<\/p>\n<p>Desde una perspectiva econ\u00f3mica, las tormentas pueden conducir a una reducci\u00f3n del 20% en la producci\u00f3n de cultivos entre las comunidades rurales, empuj\u00e1ndolas hacia el hambre y la pobreza.<\/p>\n<p>S\u00f3lo en Oriente Medio y el Norte de \u00c1frica, las p\u00e9rdidas econ\u00f3micas en 2024 como consecuencia de las tormentas de arena y polvo representaron el <strong>2.5% del PIB regional<\/strong>.<\/p>\n<h2>No podemos hacerlo solos<\/h2>\n<p>La OMM hace un llamamiento a la comunidad internacional para que invierta m\u00e1s en <strong>sistemas de alerta temprana y seguimiento de datos<\/strong>.<\/p>\n<p>\u00abNing\u00fan pa\u00eds, por muy preparado que est\u00e9, puede hacer frente a este reto por s\u00ed solo. Las tormentas de arena y polvo son una amenaza transfronteriza que exige una acci\u00f3n coordinada, multisectorial y multilateral\u00bb, afirm\u00f3 Dashti.<\/p>\n<p>La declaraci\u00f3n de 2025-2034 como Decenio de la Lucha contra las Tormentas de Arena y Polvo, deber\u00eda ser un punto de inflexi\u00f3n. Insto a los Estados Miembros a pasar de la concienciaci\u00f3n a la acci\u00f3n, y de la fragmentaci\u00f3n a la coordinaci\u00f3n, recalc\u00f3 Phil\u00e9mon Yang. <\/p>\n<\/div>\n\n","protected":false},"excerpt":{"rendered":"<p>Hay tres grandes pir\u00e1mides en Giza, Egipto, pero imaginemos\u00a0que hubiera 307 de ellas, y que estas se hubieran disuelto en m\u00e1s de 2000 millones de toneladas de arena y part\u00edculas de polvo. Esa es la cantidad de arena y polvo que entra anualmente en la atm\u00f3sfera, seg\u00fan el informe anual de la Organizaci\u00f3n Meteorol\u00f3gica Mundial &hellip;<\/p>\n","protected":false},"author":1,"featured_media":35665,"comment_status":"open","ping_status":"open","sticky":false,"template":"","format":"standard","meta":{"fifu_image_url":"https:\/\/global.unitednations.entermediadb.net\/assets\/mediadb\/services\/module\/asset\/downloads\/preset\/Libraries\/Production%20Library\/12-07-2023-sand-storm-Australia.jpg\/image770x420cropped.jpg","fifu_image_alt":"","footnotes":""},"categories":[3],"tags":[],"class_list":["post-35663","post","type-post","status-publish","format-standard","has-post-thumbnail","","category-negocio"],"_links":{"self":[{"href":"https:\/\/noticiasveraces.com\/index.php?rest_route=\/wp\/v2\/posts\/35663","targetHints":{"allow":["GET"]}}],"collection":[{"href":"https:\/\/noticiasveraces.com\/index.php?rest_route=\/wp\/v2\/posts"}],"about":[{"href":"https:\/\/noticiasveraces.com\/index.php?rest_route=\/wp\/v2\/types\/post"}],"author":[{"embeddable":true,"href":"https:\/\/noticiasveraces.com\/index.php?rest_route=\/wp\/v2\/users\/1"}],"replies":[{"embeddable":true,"href":"https:\/\/noticiasveraces.com\/index.php?rest_route=%2Fwp%2Fv2%2Fcomments&post=35663"}],"version-history":[{"count":0,"href":"https:\/\/noticiasveraces.com\/index.php?rest_route=\/wp\/v2\/posts\/35663\/revisions"}],"wp:featuredmedia":[{"embeddable":true,"href":"https:\/\/noticiasveraces.com\/index.php?rest_route=\/wp\/v2\/media\/35665"}],"wp:attachment":[{"href":"https:\/\/noticiasveraces.com\/index.php?rest_route=%2Fwp%2Fv2%2Fmedia&parent=35663"}],"wp:term":[{"taxonomy":"category","embeddable":true,"href":"https:\/\/noticiasveraces.com\/index.php?rest_route=%2Fwp%2Fv2%2Fcategories&post=35663"},{"taxonomy":"post_tag","embeddable":true,"href":"https:\/\/noticiasveraces.com\/index.php?rest_route=%2Fwp%2Fv2%2Ftags&post=35663"}],"curies":[{"name":"wp","href":"https:\/\/api.w.org\/{rel}","templated":true}]}}