{"id":35639,"date":"2025-07-12T11:44:02","date_gmt":"2025-07-12T15:44:02","guid":{"rendered":"https:\/\/noticiasveraces.com\/?p=35639"},"modified":"2025-07-12T11:44:02","modified_gmt":"2025-07-12T15:44:02","slug":"rodrigo-de-paul-recordo-a-giovanni-moreno-asi-elogio-al-colombiano","status":"publish","type":"post","link":"https:\/\/noticiasveraces.com\/?p=35639","title":{"rendered":"Rodrigo De Paul record\u00f3 a Giovanni Moreno: as\u00ed elogi\u00f3 al colombiano"},"content":{"rendered":"<p> \n<br \/><img decoding=\"async\" src=\"https:\/\/www.futbolred.com\/files\/article_graphic\/uploads\/2024\/07\/13\/66930bc2d8220.jpeg\" \/><\/p>\n<header>\n<h3>\n<p>                Curiosidades de f\u00fatbol<br \/>\n            <\/h3>\n<h1>\n<p>            Rodrigo De Paul record\u00f3 a Giovanni Moreno: as\u00ed elogi\u00f3 al colombiano<br \/>\n        <\/h1>\n<address>\n            <a>Cesar David Linares Ricaurte<br \/>\n        <\/address>\n<p>            12 de julio 2025 , 10:43 a.\u00a0m.<\/p>\n<\/header>\n<p>El jugador campe\u00f3n del mundo con Argentina no dud\u00f3 en resaltar el talento de Moreno. Esto dijo.<\/p>\n<p>Los jugadores colombianos han podido destacar a nivel internacional, dejando huella por cada equipo que pasan, pero tambi\u00e9n siendo reconocidos por sus compa\u00f1eros y rivales. <\/p>\n<p>Es el caso de Gio Moreno, considerado como un \u00eddolo en Atl\u00e9tico Nacional y quien se encuentra en el retiro.&nbsp;<\/p>\n<p>El colombiano que cerr\u00f3 su carrera en territorio colombiano, fue exaltado por Rodrigo De Paul, campe\u00f3n del mundo con la Selecci\u00f3n Argentina en Qatar 2022.&nbsp;<\/p>\n<p>El jugador &#8216;albiceleste&#8217; record\u00f3 su paso por el f\u00fatbol argentino que:\u00bbDe chico siempre jugu\u00e9 con la 10, llegu\u00e9 a Racing, se la ped\u00ed al capit\u00e1n si me daba permiso\u00bb.&nbsp;<\/p>\n<p>En di\u00e1logo con Simplemente F\u00fatbol, De Paul fue cuestionado sobre el jugador que m\u00e1s le gustaba en el equipo de Avellaneda.&nbsp;\u00abEn la \u00e9poca que fui al club, cuando Racing sale campe\u00f3n, si me preguntas por qui\u00e9n ten\u00eda devoci\u00f3n era Riquelme, m\u00e1s por mi posici\u00f3n\u00bb, afirm\u00f3.&nbsp;<\/p>\n<p>Seguidamente, hizo menci\u00f3n al colombiano. \u00abY despu\u00e9s, cuando entren\u00e9 con \u00e9l, Gio Moreno me parec\u00eda una calidad, elegancia, incre\u00edble\u00bb.&nbsp;<\/p>\n<p>Recientemente, Moreno hizo referencia a su paso por Nacional y la posibilidad de haber jugado para el DIM en 2022. All\u00ed cont\u00f3 que no siente odio por los &#8216;verdolagas&#8217; y aunque \u00abten\u00eda mucha rabia\u00bb, hay jugadores \u00absolamente de un club\u00bb.&nbsp;<\/p>\n\n","protected":false},"excerpt":{"rendered":"<p>Curiosidades de f\u00fatbol Rodrigo De Paul record\u00f3 a Giovanni Moreno: as\u00ed elogi\u00f3 al colombiano Cesar David Linares Ricaurte 12 de julio 2025 , 10:43 a.\u00a0m. El jugador campe\u00f3n del mundo con Argentina no dud\u00f3 en resaltar el talento de Moreno. Esto dijo. Los jugadores colombianos han podido destacar a nivel internacional, dejando huella por cada &hellip;<\/p>\n","protected":false},"author":1,"featured_media":35641,"comment_status":"open","ping_status":"open","sticky":false,"template":"","format":"standard","meta":{"fifu_image_url":"https:\/\/www.futbolred.com\/files\/og_thumbnail\/uploads\/2024\/07\/13\/66930bc2d8220.jpeg","fifu_image_alt":"","footnotes":""},"categories":[6],"tags":[],"class_list":["post-35639","post","type-post","status-publish","format-standard","has-post-thumbnail","","category-deportes"],"_links":{"self":[{"href":"https:\/\/noticiasveraces.com\/index.php?rest_route=\/wp\/v2\/posts\/35639","targetHints":{"allow":["GET"]}}],"collection":[{"href":"https:\/\/noticiasveraces.com\/index.php?rest_route=\/wp\/v2\/posts"}],"about":[{"href":"https:\/\/noticiasveraces.com\/index.php?rest_route=\/wp\/v2\/types\/post"}],"author":[{"embeddable":true,"href":"https:\/\/noticiasveraces.com\/index.php?rest_route=\/wp\/v2\/users\/1"}],"replies":[{"embeddable":true,"href":"https:\/\/noticiasveraces.com\/index.php?rest_route=%2Fwp%2Fv2%2Fcomments&post=35639"}],"version-history":[{"count":0,"href":"https:\/\/noticiasveraces.com\/index.php?rest_route=\/wp\/v2\/posts\/35639\/revisions"}],"wp:featuredmedia":[{"embeddable":true,"href":"https:\/\/noticiasveraces.com\/index.php?rest_route=\/wp\/v2\/media\/35641"}],"wp:attachment":[{"href":"https:\/\/noticiasveraces.com\/index.php?rest_route=%2Fwp%2Fv2%2Fmedia&parent=35639"}],"wp:term":[{"taxonomy":"category","embeddable":true,"href":"https:\/\/noticiasveraces.com\/index.php?rest_route=%2Fwp%2Fv2%2Fcategories&post=35639"},{"taxonomy":"post_tag","embeddable":true,"href":"https:\/\/noticiasveraces.com\/index.php?rest_route=%2Fwp%2Fv2%2Ftags&post=35639"}],"curies":[{"name":"wp","href":"https:\/\/api.w.org\/{rel}","templated":true}]}}