{"id":35633,"date":"2025-07-12T11:00:13","date_gmt":"2025-07-12T15:00:13","guid":{"rendered":"https:\/\/noticiasveraces.com\/?p=35633"},"modified":"2025-07-12T11:00:13","modified_gmt":"2025-07-12T15:00:13","slug":"un-gazan-se-enfrenta-a-hamas-pero-se-dara-cuenta-su-grupo-de-fuerzas-populares","status":"publish","type":"post","link":"https:\/\/noticiasveraces.com\/?p=35633","title":{"rendered":"Un Gazan se enfrenta a Hamas, pero \u00bfse dar\u00e1 cuenta su grupo de &#8216;fuerzas populares&#8217;?"},"content":{"rendered":"<p> \n<\/p>\n<div>\n<div class=\"featured featured-video video-ct\" data-v-5f342d4c=\"\"><!----> <\/p>\n<div class=\"contain\" data-v-5f342d4c=\"\">  <!----> <\/p>\n<div class=\"info\" data-v-5f342d4c=\"\">\n<div class=\"caption\" data-v-5f342d4c=\"\">\n<h4 class=\"title\" data-v-5f342d4c=\"\">Manifestantes en Gaza Target Hamas<\/h4>\n<p data-v-5f342d4c=\"\">Por primera vez desde que Hamas se apoder\u00f3 de Power hace 18 a\u00f1os, los Gazans est\u00e1n hablando en contra de Hamas con Great Personal Risk, informa Mike Tobin de Fox News.<\/p>\n<\/div>\n<\/div>\n<\/div>\n<\/div>\n<div id=\"beyondwords-wrapper\" class=\"beyondwords-wrapper\">\n<p><span class=\"label-bg\">NUEVO<\/span>\u00a1Ahora puedes escuchar art\u00edculos de Fox News!\n  <\/p>\n<\/div>\n<p class=\"speakable\">Cuando el presidente Donald Trump se reuni\u00f3 con el primer ministro israel\u00ed Benjamin Netanyahu esta semana, la cuesti\u00f3n de qui\u00e9n podr\u00eda gobernar a Gaza si Hamas pierde el poder se est\u00e1 discutiendo cada vez m\u00e1s. Entre las opciones emergentes se encuentran clanes locales y l\u00edderes de milicias. <\/p>\n<p class=\"speakable\">Uno de los mencionados es Yaser Abu Shabab. Una vez encarcelado por Hamas por cargos de robo y corrupci\u00f3n, ahora ordena a grupos de hombres armados en la Rafah de Gaza que patrullan y protegen los convoyes de ayuda mientras desaf\u00edan abiertamente el poder de Hamas. \u00abNo somos una milicia\u00bb, insisti\u00f3 en una entrevista con la salida israel\u00ed Ynet. \u00abLl\u00e1menos a las fuerzas antiterroristas. Nuestro objetivo es proteger los derechos humanos palestinos del terrorismo de Hamas\u00bb.<\/p>\n<p>El grupo de Abu Shabab, conocido como las \u00abfuerzas populares\u00bb, comenz\u00f3 a formarse a principios de 2024 despu\u00e9s de que las FDI ingresaron a Rafah, y Hamas perdi\u00f3 el control del \u00e1rea. Supuestamente bajo la protecci\u00f3n israel\u00ed, sus hombres ahora acompa\u00f1an camiones de ayuda, distribuyen suministros y afirman el control sobre partes del este de Rafah.<\/p>\n<p><strong>Despu\u00e9s de retroceso al programa nuclear de Ir\u00e1n, Trump esperaba aprovechar el apoyo militar en la reuni\u00f3n de Netanyahu<\/strong><\/p>\n<div class=\"image-ct inline\">\n<div class=\"m\"><picture><source media=\"(max-width: 767px)\" srcset=\"https:\/\/a57.foxnews.com\/static.foxnews.com\/foxnews.com\/content\/uploads\/2025\/07\/343\/192\/yaser-al-shabab-gaza.jpg?ve=1&amp;tl=1, https:\/\/a57.foxnews.com\/static.foxnews.com\/foxnews.com\/content\/uploads\/2025\/07\/686\/384\/yaser-al-shabab-gaza.jpg?ve=1&amp;tl=1 2x\" height=\"192\" width=\"343\"><source media=\"(min-width: 768px) and (max-width: 1023px)\" srcset=\"https:\/\/a57.foxnews.com\/static.foxnews.com\/foxnews.com\/content\/uploads\/2025\/07\/672\/378\/yaser-al-shabab-gaza.jpg?ve=1&amp;tl=1, https:\/\/a57.foxnews.com\/static.foxnews.com\/foxnews.com\/content\/uploads\/2025\/07\/1344\/756\/yaser-al-shabab-gaza.jpg?ve=1&amp;tl=1 2x\" height=\"378\" width=\"672\"><source media=\"(min-width: 1024px) and (max-width: 1279px)\" srcset=\"https:\/\/a57.foxnews.com\/static.foxnews.com\/foxnews.com\/content\/uploads\/2025\/07\/931\/523\/yaser-al-shabab-gaza.jpg?ve=1&amp;tl=1, https:\/\/a57.foxnews.com\/static.foxnews.com\/foxnews.com\/content\/uploads\/2025\/07\/1862\/1046\/yaser-al-shabab-gaza.jpg?ve=1&amp;tl=1 2x\" height=\"523\" width=\"931\"><source media=\"(min-width: 1280px)\" srcset=\"https:\/\/a57.foxnews.com\/static.foxnews.com\/foxnews.com\/content\/uploads\/2025\/07\/720\/405\/yaser-al-shabab-gaza.jpg?ve=1&amp;tl=1, https:\/\/a57.foxnews.com\/static.foxnews.com\/foxnews.com\/content\/uploads\/2025\/07\/1440\/810\/yaser-al-shabab-gaza.jpg?ve=1&amp;tl=1 2x\" height=\"405\" width=\"720\"><img loading=\"lazy\" decoding=\"async\" src=\"https:\/\/a57.foxnews.com\/static.foxnews.com\/foxnews.com\/content\/uploads\/2025\/07\/1200\/675\/yaser-al-shabab-gaza.jpg?ve=1&amp;tl=1\" alt=\"Yaser Abu Shabab\" width=\"1200\" height=\"675\"\/><\/source><\/source><\/source><\/source><\/picture><\/div>\n<div class=\"info\">\n<div class=\"caption\">\n<p><span>Yaser Abu Shabab lidera una milicia anti-Hamas en Gaza. <\/span> <span>(El Centro de Comunicaciones de la Paz)<\/span><\/p>\n<\/div>\n<\/div>\n<\/div>\n<p>Para Israel, Abu Shabab representa un caso de prueba. \u00bfPueden los actores locales reemplazar a Hamas en Gaza, uno enclave a la vez?<\/p>\n<p>Joseph Braude, presidente del Centro para las Comunicaciones de la Paz, dijo a Fox News Digital, \u00ablos enclaves emergentes como los de Abu Shabab podr\u00edan convertirse en bloques de construcci\u00f3n de una orden posterior a Hamas. Ya sea que se conviertan en territorios de auto-regla o que luego se doblen en una autoridad de gobierno m\u00e1s grande, son una parte necesaria de lo que est\u00e1 por venir\u00bb.<\/p>\n<div class=\"image-ct inline\">\n<div class=\"m\"><picture><source media=\"(max-width: 767px)\" srcset=\"https:\/\/a57.foxnews.com\/static.foxnews.com\/foxnews.com\/content\/uploads\/2025\/04\/343\/192\/gaza-hamas-protest-2-copy.jpg?ve=1&amp;tl=1, https:\/\/a57.foxnews.com\/static.foxnews.com\/foxnews.com\/content\/uploads\/2025\/04\/686\/384\/gaza-hamas-protest-2-copy.jpg?ve=1&amp;tl=1 2x\" height=\"192\" width=\"343\"><source media=\"(min-width: 768px) and (max-width: 1023px)\" srcset=\"https:\/\/a57.foxnews.com\/static.foxnews.com\/foxnews.com\/content\/uploads\/2025\/04\/672\/378\/gaza-hamas-protest-2-copy.jpg?ve=1&amp;tl=1, https:\/\/a57.foxnews.com\/static.foxnews.com\/foxnews.com\/content\/uploads\/2025\/04\/1344\/756\/gaza-hamas-protest-2-copy.jpg?ve=1&amp;tl=1 2x\" height=\"378\" width=\"672\"><source media=\"(min-width: 1024px) and (max-width: 1279px)\" srcset=\"https:\/\/a57.foxnews.com\/static.foxnews.com\/foxnews.com\/content\/uploads\/2025\/04\/931\/523\/gaza-hamas-protest-2-copy.jpg?ve=1&amp;tl=1, https:\/\/a57.foxnews.com\/static.foxnews.com\/foxnews.com\/content\/uploads\/2025\/04\/1862\/1046\/gaza-hamas-protest-2-copy.jpg?ve=1&amp;tl=1 2x\" height=\"523\" width=\"931\"><source media=\"(min-width: 1280px)\" srcset=\"https:\/\/a57.foxnews.com\/static.foxnews.com\/foxnews.com\/content\/uploads\/2025\/04\/720\/405\/gaza-hamas-protest-2-copy.jpg?ve=1&amp;tl=1, https:\/\/a57.foxnews.com\/static.foxnews.com\/foxnews.com\/content\/uploads\/2025\/04\/1440\/810\/gaza-hamas-protest-2-copy.jpg?ve=1&amp;tl=1 2x\" height=\"405\" width=\"720\"><img loading=\"lazy\" decoding=\"async\" src=\"https:\/\/a57.foxnews.com\/static.foxnews.com\/foxnews.com\/content\/uploads\/2025\/04\/1200\/675\/gaza-hamas-protest-2-copy.jpg?ve=1&amp;tl=1\" alt=\"Manifestantes contra Hamas en Gaza\" width=\"1200\" height=\"675\"\/><\/source><\/source><\/source><\/source><\/picture><\/div>\n<div class=\"info\">\n<div class=\"caption\">\n<p><span>Los manifestantes se unen contra Hamas en la Franja de Gaza.<\/span> <span>(Fox News)<\/span><\/p>\n<\/div>\n<\/div>\n<\/div>\n<p>Tambi\u00e9n desestim\u00f3 las afirmaciones de que Abu Shabab tiene v\u00ednculos con ISIS. \u00abEsa es la desinformaci\u00f3n empujada por Hamas y repetida en Occidente\u00bb, dijo Braude. \u00abSus primos en el Sina\u00ed est\u00e1n ayudando a Egipto a luchar contra ISIS. No es parte de ese mundo\u00bb.<\/p>\n<p>Pero otros ven el surgimiento de Abu Shabab como un eco preocupante de los errores de c\u00e1lculo israel\u00edes pasados.<\/p>\n<p>El Dr. Michael Milshtein, jefe del Foro de Estudios Palestinos en la Universidad de Tel Aviv, dijo a Fox News Digital: \u00abEsta es una pandilla extra\u00f1a. Sin ideolog\u00eda, sin legitimidad, solo un grupo criminal bajo la protecci\u00f3n israel\u00ed\u00bb.<\/p>\n<p><strong>Hamas \u00abserio\u00bb sobre llegar al acuerdo de alto el fuego, pero insiste en las demandas de larga data<\/strong><\/p>\n<p>Milshtein afirm\u00f3 que el apoyo de Israel al grupo incluye armas capturadas de Hamas y coordinaci\u00f3n de oficiales palestinos con sede en Ramallah. \u00abHamas incluso les dispar\u00f3 a los juegos de rol durante el alto el fuego\u00bb, dijo. \u00abE Israel respondi\u00f3 golpeando a Hamas. Est\u00e1 claro que est\u00e1n siendo protegidos\u00bb.<\/p>\n<div class=\"image-ct inline\">\n<div class=\"m\"><picture><source media=\"(max-width: 767px)\" srcset=\"https:\/\/a57.foxnews.com\/static.foxnews.com\/foxnews.com\/content\/uploads\/2025\/01\/343\/192\/hamas-in-gaza-2.jpeg?ve=1&amp;tl=1, https:\/\/a57.foxnews.com\/static.foxnews.com\/foxnews.com\/content\/uploads\/2025\/01\/686\/384\/hamas-in-gaza-2.jpeg?ve=1&amp;tl=1 2x\" height=\"192\" width=\"343\"><source media=\"(min-width: 768px) and (max-width: 1023px)\" srcset=\"https:\/\/a57.foxnews.com\/static.foxnews.com\/foxnews.com\/content\/uploads\/2025\/01\/672\/378\/hamas-in-gaza-2.jpeg?ve=1&amp;tl=1, https:\/\/a57.foxnews.com\/static.foxnews.com\/foxnews.com\/content\/uploads\/2025\/01\/1344\/756\/hamas-in-gaza-2.jpeg?ve=1&amp;tl=1 2x\" height=\"378\" width=\"672\"><source media=\"(min-width: 1024px) and (max-width: 1279px)\" srcset=\"https:\/\/a57.foxnews.com\/static.foxnews.com\/foxnews.com\/content\/uploads\/2025\/01\/931\/523\/hamas-in-gaza-2.jpeg?ve=1&amp;tl=1, https:\/\/a57.foxnews.com\/static.foxnews.com\/foxnews.com\/content\/uploads\/2025\/01\/1862\/1046\/hamas-in-gaza-2.jpeg?ve=1&amp;tl=1 2x\" height=\"523\" width=\"931\"><source media=\"(min-width: 1280px)\" srcset=\"https:\/\/a57.foxnews.com\/static.foxnews.com\/foxnews.com\/content\/uploads\/2025\/01\/720\/405\/hamas-in-gaza-2.jpeg?ve=1&amp;tl=1, https:\/\/a57.foxnews.com\/static.foxnews.com\/foxnews.com\/content\/uploads\/2025\/01\/1440\/810\/hamas-in-gaza-2.jpeg?ve=1&amp;tl=1 2x\" height=\"405\" width=\"720\"><img loading=\"lazy\" decoding=\"async\" src=\"https:\/\/a57.foxnews.com\/static.foxnews.com\/foxnews.com\/content\/uploads\/2025\/01\/1200\/675\/hamas-in-gaza-2.jpeg?ve=1&amp;tl=1\" alt=\"Terroristas de Hamas\" width=\"1200\" height=\"675\"\/><\/source><\/source><\/source><\/source><\/picture><\/div>\n<div class=\"info\">\n<div class=\"caption\">\n<p><span>Los terroristas de Hamas emergen de las sombras mientras rodean veh\u00edculos de la Cruz Roja. Seg\u00fan los informes, un hombre palestino fue asesinado por terroristas de Hamas despu\u00e9s de protestar contra el grupo. <\/span> <span>(TPS IL)<\/span><\/p>\n<\/div>\n<\/div>\n<\/div>\n<p>Abu Shabab, que pertenece al influyente clan Tarabin Bedouin, dice que su resistencia comenz\u00f3 cuando vio a Hamas desviar la ayuda humanitaria. \u00abComenc\u00e9 a tomar camiones y entregar comida\u00bb, dijo a Ynet. \u00abMe convert\u00ed en un hombre buscado de Hamas, pero aliment\u00e9 a los ni\u00f1os. Mi conciencia est\u00e1 clara\u00bb.<\/p>\n<p>Dentro de Gaza, las reacciones se mezclan. Seg\u00fan los informes, algunos lugare\u00f1os siguen a Abu Shabab porque temen a Hamas m\u00e1s de lo que conf\u00edan en \u00e9l. Otros, como el analista pol\u00edtico Mkhaimar Abusada, afirman que su apoyo es superficial.<\/p>\n<div class=\"image-ct inline\">\n<div class=\"m\"><picture><source media=\"(max-width: 767px)\" srcset=\"https:\/\/a57.foxnews.com\/static.foxnews.com\/foxnews.com\/content\/uploads\/2025\/07\/343\/192\/yaser-abu-shabab-gaza-militia.jpg?ve=1&amp;tl=1, https:\/\/a57.foxnews.com\/static.foxnews.com\/foxnews.com\/content\/uploads\/2025\/07\/686\/384\/yaser-abu-shabab-gaza-militia.jpg?ve=1&amp;tl=1 2x\" height=\"192\" width=\"343\"><source media=\"(min-width: 768px) and (max-width: 1023px)\" srcset=\"https:\/\/a57.foxnews.com\/static.foxnews.com\/foxnews.com\/content\/uploads\/2025\/07\/672\/378\/yaser-abu-shabab-gaza-militia.jpg?ve=1&amp;tl=1, https:\/\/a57.foxnews.com\/static.foxnews.com\/foxnews.com\/content\/uploads\/2025\/07\/1344\/756\/yaser-abu-shabab-gaza-militia.jpg?ve=1&amp;tl=1 2x\" height=\"378\" width=\"672\"><source media=\"(min-width: 1024px) and (max-width: 1279px)\" srcset=\"https:\/\/a57.foxnews.com\/static.foxnews.com\/foxnews.com\/content\/uploads\/2025\/07\/931\/523\/yaser-abu-shabab-gaza-militia.jpg?ve=1&amp;tl=1, https:\/\/a57.foxnews.com\/static.foxnews.com\/foxnews.com\/content\/uploads\/2025\/07\/1862\/1046\/yaser-abu-shabab-gaza-militia.jpg?ve=1&amp;tl=1 2x\" height=\"523\" width=\"931\"><source media=\"(min-width: 1280px)\" srcset=\"https:\/\/a57.foxnews.com\/static.foxnews.com\/foxnews.com\/content\/uploads\/2025\/07\/720\/405\/yaser-abu-shabab-gaza-militia.jpg?ve=1&amp;tl=1, https:\/\/a57.foxnews.com\/static.foxnews.com\/foxnews.com\/content\/uploads\/2025\/07\/1440\/810\/yaser-abu-shabab-gaza-militia.jpg?ve=1&amp;tl=1 2x\" height=\"405\" width=\"720\"><img loading=\"lazy\" decoding=\"async\" src=\"https:\/\/a57.foxnews.com\/static.foxnews.com\/foxnews.com\/content\/uploads\/2025\/07\/1200\/675\/yaser-abu-shabab-gaza-militia.jpg?ve=1&amp;tl=1\" alt=\"L\u00edder de la milicia de Gaza\" width=\"1200\" height=\"675\"\/><\/source><\/source><\/source><\/source><\/picture><\/div>\n<div class=\"info\">\n<div class=\"caption\">\n<p><span>Yaser Abu Shabab con miembros de su milicia.<\/span> <span>(El Centro de Comunicaciones de la Paz)<\/span><\/p>\n<\/div>\n<\/div>\n<\/div>\n<p>\u00abHa sido repudiado por su propia tribu\u00bb, afirm\u00f3 Abusada, actualmente un erudito visitante en la Universidad Northwestern. \u00abEl Tarabin lo ve como un colaborador. Si Israel deja a Gaza, Abu Shabab desaparecer\u00e1, o ser\u00e1 cazado por Hamas\u00bb.<\/p>\n<p>En su entrevista de Ynet, Abu Shabab dijo: \u00abNo dejaremos la Franja de Gaza y continuaremos luchando contra Hamas hasta que el \u00faltimo est\u00e9 muerto\u00bb, y agreg\u00f3 que su grupo apoya el regreso de los rehenes israel\u00edes. \u00abHamas me llama ladr\u00f3n, traidor, incluso ISIS, todo para asustar a la gente. Pero son los que mataron a los ni\u00f1os, como la familia Bibas. Viven en t\u00faneles. Perdimos todo\u00bb.<\/p>\n<p>En su entrevista el domingo, Abu Shabab neg\u00f3 cualquier conexi\u00f3n con Israel. \u00abSomos personas de paz y hermandad y no queremos guerras\u00bb, enfatiz\u00f3. \u00abNuestra conexi\u00f3n es con la autoridad palestina, eso es todo\u00bb.<\/p>\n<div class=\"image-ct inline\">\n<div class=\"m\"><picture><source media=\"(max-width: 767px)\" srcset=\"https:\/\/a57.foxnews.com\/static.foxnews.com\/foxnews.com\/content\/uploads\/2025\/03\/343\/192\/hamas-hostage-release.jpg?ve=1&amp;tl=1, https:\/\/a57.foxnews.com\/static.foxnews.com\/foxnews.com\/content\/uploads\/2025\/03\/686\/384\/hamas-hostage-release.jpg?ve=1&amp;tl=1 2x\" height=\"192\" width=\"343\"><source media=\"(min-width: 768px) and (max-width: 1023px)\" srcset=\"https:\/\/a57.foxnews.com\/static.foxnews.com\/foxnews.com\/content\/uploads\/2025\/03\/672\/378\/hamas-hostage-release.jpg?ve=1&amp;tl=1, https:\/\/a57.foxnews.com\/static.foxnews.com\/foxnews.com\/content\/uploads\/2025\/03\/1344\/756\/hamas-hostage-release.jpg?ve=1&amp;tl=1 2x\" height=\"378\" width=\"672\"><source media=\"(min-width: 1024px) and (max-width: 1279px)\" srcset=\"https:\/\/a57.foxnews.com\/static.foxnews.com\/foxnews.com\/content\/uploads\/2025\/03\/931\/523\/hamas-hostage-release.jpg?ve=1&amp;tl=1, https:\/\/a57.foxnews.com\/static.foxnews.com\/foxnews.com\/content\/uploads\/2025\/03\/1862\/1046\/hamas-hostage-release.jpg?ve=1&amp;tl=1 2x\" height=\"523\" width=\"931\"><source media=\"(min-width: 1280px)\" srcset=\"https:\/\/a57.foxnews.com\/static.foxnews.com\/foxnews.com\/content\/uploads\/2025\/03\/720\/405\/hamas-hostage-release.jpg?ve=1&amp;tl=1, https:\/\/a57.foxnews.com\/static.foxnews.com\/foxnews.com\/content\/uploads\/2025\/03\/1440\/810\/hamas-hostage-release.jpg?ve=1&amp;tl=1 2x\" height=\"405\" width=\"720\"><img loading=\"lazy\" decoding=\"async\" src=\"https:\/\/a57.foxnews.com\/static.foxnews.com\/foxnews.com\/content\/uploads\/2025\/03\/1200\/675\/hamas-hostage-release.jpg?ve=1&amp;tl=1\" alt=\"Hamas Fighters lanzan rehenes israel\u00edes\" width=\"1200\" height=\"675\"\/><\/source><\/source><\/source><\/source><\/picture><\/div>\n<div class=\"info\">\n<div class=\"caption\">\n<p><span>Los rehenes israel\u00edes Averu Mengistu y Tal Shoham est\u00e1n flanqueados por terroristas palestinos de Hamas mientras est\u00e1n en un escenario durante su lanzamiento en Rafah en el sur de Gaza Strip el 22 de febrero. <\/span> <span>(Omar al-Qattaa\/AFP a trav\u00e9s de Getty Images)<\/span><\/p>\n<\/div>\n<\/div>\n<\/div>\n<p><strong>Haga clic aqu\u00ed para obtener la aplicaci\u00f3n Fox News<\/strong><\/p>\n<p>A\u00fan as\u00ed, Milshtein ve el proyecto como miope. \u00abNo hay estrategia aqu\u00ed\u00bb, dijo. \u00abSolo la improvisaci\u00f3n t\u00e1ctica. Las mismas personas que no pudieron prevenir el 7 de octubre ahora apostan a alguien como Abu Shabab. Es el enga\u00f1o, y es peligroso\u00bb.<\/p>\n<p>Braude dijo que Abu Shabab no es ide\u00f3logo. \u00abEs un luchador, no un pol\u00edtico\u00bb, dijo. \u00abPero si alguien como \u00e9l puede mantener territorio mientras los profesionales dentro de \u00e9l construyen una administraci\u00f3n civil, entonces ese es un precedente significativo\u00bb.<\/p>\n<p>Fox News Digital se comunic\u00f3 con las FDI y el gobierno israel\u00ed para hacer comentarios sobre las acusaciones de que estaba financiando y protegiendo a Abu Shabab y su milicia. <\/p>\n<p> <!----> <\/p>\n<div class=\"article-meta\">\n<div class=\"author-bio\">\n<p>Efrat Lachter es un reportero de investigaci\u00f3n y corresponsal de guerra. Su trabajo la ha llevado a 40 pa\u00edses, incluidos Ucrania, Rusia, Irak, Siria, Sud\u00e1n y Afganist\u00e1n. Recibi\u00f3 la Comunidad para el Periodismo 2024 Knight-Wallace para periodismo. Lachter se puede seguir en x @efratlachter.<\/p>\n<\/div>\n<\/div>\n<\/div>\n\n","protected":false},"excerpt":{"rendered":"<p>Manifestantes en Gaza Target Hamas Por primera vez desde que Hamas se apoder\u00f3 de Power hace 18 a\u00f1os, los Gazans est\u00e1n hablando en contra de Hamas con Great Personal Risk, informa Mike Tobin de Fox News. NUEVO\u00a1Ahora puedes escuchar art\u00edculos de Fox News! Cuando el presidente Donald Trump se reuni\u00f3 con el primer ministro israel\u00ed &hellip;<\/p>\n","protected":false},"author":1,"featured_media":35635,"comment_status":"open","ping_status":"open","sticky":false,"template":"","format":"standard","meta":{"fifu_image_url":"https:\/\/static.foxnews.com\/foxnews.com\/content\/uploads\/2025\/07\/shabab-hamas-opposition.jpg","fifu_image_alt":"","footnotes":""},"categories":[13],"tags":[],"class_list":["post-35633","post","type-post","status-publish","format-standard","has-post-thumbnail","","category-mundo"],"_links":{"self":[{"href":"https:\/\/noticiasveraces.com\/index.php?rest_route=\/wp\/v2\/posts\/35633","targetHints":{"allow":["GET"]}}],"collection":[{"href":"https:\/\/noticiasveraces.com\/index.php?rest_route=\/wp\/v2\/posts"}],"about":[{"href":"https:\/\/noticiasveraces.com\/index.php?rest_route=\/wp\/v2\/types\/post"}],"author":[{"embeddable":true,"href":"https:\/\/noticiasveraces.com\/index.php?rest_route=\/wp\/v2\/users\/1"}],"replies":[{"embeddable":true,"href":"https:\/\/noticiasveraces.com\/index.php?rest_route=%2Fwp%2Fv2%2Fcomments&post=35633"}],"version-history":[{"count":0,"href":"https:\/\/noticiasveraces.com\/index.php?rest_route=\/wp\/v2\/posts\/35633\/revisions"}],"wp:featuredmedia":[{"embeddable":true,"href":"https:\/\/noticiasveraces.com\/index.php?rest_route=\/wp\/v2\/media\/35635"}],"wp:attachment":[{"href":"https:\/\/noticiasveraces.com\/index.php?rest_route=%2Fwp%2Fv2%2Fmedia&parent=35633"}],"wp:term":[{"taxonomy":"category","embeddable":true,"href":"https:\/\/noticiasveraces.com\/index.php?rest_route=%2Fwp%2Fv2%2Fcategories&post=35633"},{"taxonomy":"post_tag","embeddable":true,"href":"https:\/\/noticiasveraces.com\/index.php?rest_route=%2Fwp%2Fv2%2Ftags&post=35633"}],"curies":[{"name":"wp","href":"https:\/\/api.w.org\/{rel}","templated":true}]}}