{"id":35631,"date":"2025-07-12T09:59:32","date_gmt":"2025-07-12T13:59:32","guid":{"rendered":"https:\/\/noticiasveraces.com\/?p=35631"},"modified":"2025-07-12T09:59:32","modified_gmt":"2025-07-12T13:59:32","slug":"trump-anuncia-aranceles-de-30-para-mexico-y-la-ue-dw-12-07-2025","status":"publish","type":"post","link":"https:\/\/noticiasveraces.com\/?p=35631","title":{"rendered":"Trump anuncia aranceles de 30% para M\u00e9xico y la UE \u2013 DW \u2013 12\/07\/2025"},"content":{"rendered":"<p> \n<\/p>\n<div>\n<p>El presidente de Estados Unidos, Donald Trump, anunci\u00f3 este s\u00e1bado (12.07.2025) que sus grandes socios comerciales M\u00e9xico y la Uni\u00f3n Europea (UE) se enfrentar\u00e1n a un arancel de 30% a partir del pr\u00f3ximo mes, lo que aumenta la presi\u00f3n para alcanzar acuerdos en su guerra comercial.<\/p>\n<p>Ambas tarifas entrar\u00edan en vigor el 1 de agosto, indic\u00f3 Trump en cartas separadas publicadas en su plataforma Truth Social, al citar el papel de M\u00e9xico en el flujo de drogas il\u00edcitas a Estados Unidos y un desequilibrio comercial con la UE, respectivamente.<\/p>\n<p>Los aranceles son superiores al impuesto de 25% que Trump impuso a los productos mexicanos a principios de este a\u00f1o, aunque los productos que ingresan a Estados Unidos en virtud del acuerdo entre M\u00e9xico, Estados Unidos y Canad\u00e1 est\u00e1n exentos.<\/p>\n<p>Canad\u00e1 recibi\u00f3 previamente una carta similar que establec\u00eda aranceles de 35% sobre sus productos. El arancel de la UE tambi\u00e9n es considerablemente superior al de 20% que Trump anunci\u00f3 en abril, mientras contin\u00faan las negociaciones con el bloque.<\/p>\n<p>La UE, junto con decenas de otras econom\u00edas, ten\u00eda previsto un aumento de sus aranceles estadounidenses desde un nivel base de 10% el mi\u00e9rcoles, pero Trump pospuso la fecha l\u00edmite hasta el 1 de agosto, pocos d\u00edas antes de la entrada en vigor de los aranceles elevados.<\/p>\n<p>Desde principios de semana, Trump ha enviado cartas a m\u00e1s de 20 pa\u00edses con los aranceles actualizados para cada uno.<\/p>\n<p>RR AFP\/Reuters<\/p>\n<\/div>\n\n","protected":false},"excerpt":{"rendered":"<p>El presidente de Estados Unidos, Donald Trump, anunci\u00f3 este s\u00e1bado (12.07.2025) que sus grandes socios comerciales M\u00e9xico y la Uni\u00f3n Europea (UE) se enfrentar\u00e1n a un arancel de 30% a partir del pr\u00f3ximo mes, lo que aumenta la presi\u00f3n para alcanzar acuerdos en su guerra comercial. Ambas tarifas entrar\u00edan en vigor el 1 de agosto, &hellip;<\/p>\n","protected":false},"author":1,"featured_media":35632,"comment_status":"open","ping_status":"open","sticky":false,"template":"","format":"standard","meta":{"fifu_image_url":"https:\/\/static.dw.com\/image\/73227518_6.jpg","fifu_image_alt":"","footnotes":""},"categories":[13],"tags":[],"class_list":["post-35631","post","type-post","status-publish","format-standard","has-post-thumbnail","","category-mundo"],"_links":{"self":[{"href":"https:\/\/noticiasveraces.com\/index.php?rest_route=\/wp\/v2\/posts\/35631","targetHints":{"allow":["GET"]}}],"collection":[{"href":"https:\/\/noticiasveraces.com\/index.php?rest_route=\/wp\/v2\/posts"}],"about":[{"href":"https:\/\/noticiasveraces.com\/index.php?rest_route=\/wp\/v2\/types\/post"}],"author":[{"embeddable":true,"href":"https:\/\/noticiasveraces.com\/index.php?rest_route=\/wp\/v2\/users\/1"}],"replies":[{"embeddable":true,"href":"https:\/\/noticiasveraces.com\/index.php?rest_route=%2Fwp%2Fv2%2Fcomments&post=35631"}],"version-history":[{"count":0,"href":"https:\/\/noticiasveraces.com\/index.php?rest_route=\/wp\/v2\/posts\/35631\/revisions"}],"wp:featuredmedia":[{"embeddable":true,"href":"https:\/\/noticiasveraces.com\/index.php?rest_route=\/wp\/v2\/media\/35632"}],"wp:attachment":[{"href":"https:\/\/noticiasveraces.com\/index.php?rest_route=%2Fwp%2Fv2%2Fmedia&parent=35631"}],"wp:term":[{"taxonomy":"category","embeddable":true,"href":"https:\/\/noticiasveraces.com\/index.php?rest_route=%2Fwp%2Fv2%2Fcategories&post=35631"},{"taxonomy":"post_tag","embeddable":true,"href":"https:\/\/noticiasveraces.com\/index.php?rest_route=%2Fwp%2Fv2%2Ftags&post=35631"}],"curies":[{"name":"wp","href":"https:\/\/api.w.org\/{rel}","templated":true}]}}