{"id":35629,"date":"2025-07-12T08:58:04","date_gmt":"2025-07-12T12:58:04","guid":{"rendered":"https:\/\/noticiasveraces.com\/?p=35629"},"modified":"2025-07-12T08:58:04","modified_gmt":"2025-07-12T12:58:04","slug":"canciller-ruso-elogia-la-ayuda-de-corea-del-norte-en-ucrania-dw-12-07-2025","status":"publish","type":"post","link":"https:\/\/noticiasveraces.com\/?p=35629","title":{"rendered":"Canciller ruso elogia la ayuda de Corea del Norte en Ucrania \u2013 DW \u2013 12\/07\/2025"},"content":{"rendered":"<p> \n<\/p>\n<div>\n<p>El canciller ruso Sergu\u00e9i Lavrov fue recibido este s\u00e1bado (12.07.2025) por el l\u00edder norcoreano Kim Jong-un\u00a0durante una visita oficial a Corea del Norte\u00a0y elogi\u00f3 el \u00abapoyo\u00bb del r\u00e9gimen de Pionyang en la invasi\u00f3n de Ucrania, en particular en la regi\u00f3n rusa de Kursk.<\/p>\n<p>En los \u00faltimos a\u00f1os, estos pa\u00edses han reforzado su cooperaci\u00f3n militar y Corea del Norte ha suministrado armas y tropas para respaldar la ofensiva rusa en Ucrania.<\/p>\n<p>Lavrov afirm\u00f3 que los funcionarios norcoreanos hab\u00edan \u00abreafirmado su apoyo sin reservas a todos los objetivos\u00bb de la operaci\u00f3n en Ucrania, seg\u00fan la agencia estatal rusa TASS.<\/p>\n<p>Las declaraciones fueron hechas tras la reuni\u00f3n con su par norcoreana Choe Son-hui en la ciudad oriental de Wonsan, donde las autoridades inauguraron a finales de junio una zona tur\u00edstica en la costa del mar de Jap\u00f3n.<\/p>\n<figure class=\"placeholder-image master_landscape big\"><img data-format=\"MASTER_LANDSCAPE\" data-id=\"73251226\" data-url=\"https:\/\/static.dw.com\/image\/73251226_${formatId}.jpg\" data-aspect-ratio=\"16\/9\" alt=\"Lavrov agradeci\u00f3 a Corea del Norte por su apoyo en la invasi\u00f3n de Ucrania (12.07.2025)\" style=\"padding-bottom: 56.25%; height: 0; max-height: 0;\"\/><figcaption class=\"img-caption\">Lavrov agradeci\u00f3 a Corea del Norte por su apoyo en la invasi\u00f3n de Ucrania (12.07.2025)<small class=\"copyright\">Imagen: Yonhap\/Yonhapnews Agency\/Picture Alliance<\/small><\/figcaption><\/figure>\n<p><strong>Acuerdo de defensa mutua<\/strong><\/p>\n<p>Lavrov agradeci\u00f3 particularmente a los \u00abheroicos\u00bb soldados norcoreanos que ayudaron al ej\u00e9rcito ruso a expulsar las tropas ucranianas de la regi\u00f3n fronteriza de Kursk, donde estas hab\u00edan incursionado en agosto de 2024 y se hicieron con cientos de kil\u00f3metros, seg\u00fan un comunicado del Ministerio de Relaciones Exteriores ruso.<\/p>\n<p>Mosc\u00fa dijo que hab\u00eda expulsado a las tropas ucranianas de la zona en abril y hab\u00eda dado las gracias a las fuerzas norcoreanas, con lo que reconoci\u00f3 por primera vez su implicaci\u00f3n directa en el conflicto.<\/p>\n<p>Este viaje de Lavrov se produce mes y medio despu\u00e9s de que el secretario del Consejo de Seguridad ruso, Sergu\u00e9i Shoig\u00fa, visitara Pionyang.<\/p>\n<p>Los dos pa\u00edses firmaron un acuerdo de defensa mutua durante una visita del presidente ruso Vladimir Putin a Corea del Norte el a\u00f1o pasado.<\/p>\n<p>RR AFP\/Reuters\/AP<\/p>\n<\/div>\n\n","protected":false},"excerpt":{"rendered":"<p>El canciller ruso Sergu\u00e9i Lavrov fue recibido este s\u00e1bado (12.07.2025) por el l\u00edder norcoreano Kim Jong-un\u00a0durante una visita oficial a Corea del Norte\u00a0y elogi\u00f3 el \u00abapoyo\u00bb del r\u00e9gimen de Pionyang en la invasi\u00f3n de Ucrania, en particular en la regi\u00f3n rusa de Kursk. En los \u00faltimos a\u00f1os, estos pa\u00edses han reforzado su cooperaci\u00f3n militar y &hellip;<\/p>\n","protected":false},"author":1,"featured_media":35630,"comment_status":"open","ping_status":"open","sticky":false,"template":"","format":"standard","meta":{"fifu_image_url":"https:\/\/static.dw.com\/image\/73251202_6.jpg","fifu_image_alt":"","footnotes":""},"categories":[13],"tags":[],"class_list":["post-35629","post","type-post","status-publish","format-standard","has-post-thumbnail","","category-mundo"],"_links":{"self":[{"href":"https:\/\/noticiasveraces.com\/index.php?rest_route=\/wp\/v2\/posts\/35629","targetHints":{"allow":["GET"]}}],"collection":[{"href":"https:\/\/noticiasveraces.com\/index.php?rest_route=\/wp\/v2\/posts"}],"about":[{"href":"https:\/\/noticiasveraces.com\/index.php?rest_route=\/wp\/v2\/types\/post"}],"author":[{"embeddable":true,"href":"https:\/\/noticiasveraces.com\/index.php?rest_route=\/wp\/v2\/users\/1"}],"replies":[{"embeddable":true,"href":"https:\/\/noticiasveraces.com\/index.php?rest_route=%2Fwp%2Fv2%2Fcomments&post=35629"}],"version-history":[{"count":0,"href":"https:\/\/noticiasveraces.com\/index.php?rest_route=\/wp\/v2\/posts\/35629\/revisions"}],"wp:featuredmedia":[{"embeddable":true,"href":"https:\/\/noticiasveraces.com\/index.php?rest_route=\/wp\/v2\/media\/35630"}],"wp:attachment":[{"href":"https:\/\/noticiasveraces.com\/index.php?rest_route=%2Fwp%2Fv2%2Fmedia&parent=35629"}],"wp:term":[{"taxonomy":"category","embeddable":true,"href":"https:\/\/noticiasveraces.com\/index.php?rest_route=%2Fwp%2Fv2%2Fcategories&post=35629"},{"taxonomy":"post_tag","embeddable":true,"href":"https:\/\/noticiasveraces.com\/index.php?rest_route=%2Fwp%2Fv2%2Ftags&post=35629"}],"curies":[{"name":"wp","href":"https:\/\/api.w.org\/{rel}","templated":true}]}}