{"id":35625,"date":"2025-07-12T07:57:09","date_gmt":"2025-07-12T11:57:09","guid":{"rendered":"https:\/\/noticiasveraces.com\/?p=35625"},"modified":"2025-07-12T07:57:09","modified_gmt":"2025-07-12T11:57:09","slug":"erdogan-celebra-inicio-de-desarme-de-separatistas-kurdos-dw-12-07-2025","status":"publish","type":"post","link":"https:\/\/noticiasveraces.com\/?p=35625","title":{"rendered":"Erdogan celebra inicio de desarme de separatistas kurdos \u2013 DW \u2013 12\/07\/2025"},"content":{"rendered":"<p> \n<\/p>\n<div>\n<p>\u00abTurqu\u00eda gan\u00f3, 86 millones de ciudadanos ganaron\u00bb, afirm\u00f3 este s\u00e1bado (12.07.2025) el presidente turco Recep Tayyip Erdogan, un d\u00eda despu\u00e9s de que el Partido de los Trabajadores del Kurdist\u00e1n (PKK) iniciara su proceso de desarme.<\/p>\n<p>\u00abSabemos lo que hacemos, nadie debe preocuparse, tener miedo o hacerse preguntas. Todo lo que hacemos es por Turqu\u00eda, por nuestro futuro y nuestra independencia\u00bb, agreg\u00f3.<\/p>\n<p>El PKK, considerado terrorista por Turqu\u00eda y sus aliados occidentales, se alz\u00f3 en armas contra Ankara en 1984 para lograr la creaci\u00f3n de un Estado kurdo, en un conflicto que ha dejado m\u00e1s de 40.000 muertos.<\/p>\n<p><strong>\u00abUn nuevo d\u00eda\u00bb y \u00abuna nueva p\u00e1gina\u00a0en la historia\u00bb de Turqu\u00eda<\/strong><\/p>\n<p>Ante miembros de su partido, el AKP, reunidos en asamblea, Erdogan record\u00f3 que al menos 2.000 soldados turcos murieron en el conflicto con la guerrilla.<\/p>\n<p>El viernes, una treintena de combatientes kurdos, hombres y mujeres, incluyendo cuatro comandantes, destruyeron sus armas durante una ceremonia de alto contenido simb\u00f3lico en el norte de Irak, cerca de sus bases, en la regi\u00f3n aut\u00f3noma del Kurdist\u00e1n.<\/p>\n<p>Erdogan, que este s\u00e1bado habl\u00f3 de \u00abun nuevo d\u00eda\u00bb y \u00abuna nueva p\u00e1gina\u00a0en la historia\u00bb de Turqu\u00eda, anunci\u00f3 que se crear\u00e1 una comisi\u00f3n en el Parlamento para continuar con el proceso de paz y estudiar \u00ablas exigencias jur\u00eddicas del proceso\u00bb.<\/p>\n<p>RR AFP\/Reuters\/AP<\/p>\n<\/div>\n\n","protected":false},"excerpt":{"rendered":"<p>\u00abTurqu\u00eda gan\u00f3, 86 millones de ciudadanos ganaron\u00bb, afirm\u00f3 este s\u00e1bado (12.07.2025) el presidente turco Recep Tayyip Erdogan, un d\u00eda despu\u00e9s de que el Partido de los Trabajadores del Kurdist\u00e1n (PKK) iniciara su proceso de desarme. \u00abSabemos lo que hacemos, nadie debe preocuparse, tener miedo o hacerse preguntas. Todo lo que hacemos es por Turqu\u00eda, por &hellip;<\/p>\n","protected":false},"author":1,"featured_media":35626,"comment_status":"open","ping_status":"open","sticky":false,"template":"","format":"standard","meta":{"fifu_image_url":"https:\/\/static.dw.com\/image\/73166574_6.jpg","fifu_image_alt":"","footnotes":""},"categories":[13],"tags":[],"class_list":["post-35625","post","type-post","status-publish","format-standard","has-post-thumbnail","","category-mundo"],"_links":{"self":[{"href":"https:\/\/noticiasveraces.com\/index.php?rest_route=\/wp\/v2\/posts\/35625","targetHints":{"allow":["GET"]}}],"collection":[{"href":"https:\/\/noticiasveraces.com\/index.php?rest_route=\/wp\/v2\/posts"}],"about":[{"href":"https:\/\/noticiasveraces.com\/index.php?rest_route=\/wp\/v2\/types\/post"}],"author":[{"embeddable":true,"href":"https:\/\/noticiasveraces.com\/index.php?rest_route=\/wp\/v2\/users\/1"}],"replies":[{"embeddable":true,"href":"https:\/\/noticiasveraces.com\/index.php?rest_route=%2Fwp%2Fv2%2Fcomments&post=35625"}],"version-history":[{"count":0,"href":"https:\/\/noticiasveraces.com\/index.php?rest_route=\/wp\/v2\/posts\/35625\/revisions"}],"wp:featuredmedia":[{"embeddable":true,"href":"https:\/\/noticiasveraces.com\/index.php?rest_route=\/wp\/v2\/media\/35626"}],"wp:attachment":[{"href":"https:\/\/noticiasveraces.com\/index.php?rest_route=%2Fwp%2Fv2%2Fmedia&parent=35625"}],"wp:term":[{"taxonomy":"category","embeddable":true,"href":"https:\/\/noticiasveraces.com\/index.php?rest_route=%2Fwp%2Fv2%2Fcategories&post=35625"},{"taxonomy":"post_tag","embeddable":true,"href":"https:\/\/noticiasveraces.com\/index.php?rest_route=%2Fwp%2Fv2%2Ftags&post=35625"}],"curies":[{"name":"wp","href":"https:\/\/api.w.org\/{rel}","templated":true}]}}