{"id":35595,"date":"2025-07-12T05:43:22","date_gmt":"2025-07-12T09:43:22","guid":{"rendered":"https:\/\/noticiasveraces.com\/?p=35595"},"modified":"2025-07-12T05:43:22","modified_gmt":"2025-07-12T09:43:22","slug":"jugador-de-santa-fe-vive-delicado-momento-ocurrio-un-grave-accidente","status":"publish","type":"post","link":"https:\/\/noticiasveraces.com\/?p=35595","title":{"rendered":"Jugador de Santa Fe vive delicado momento: ocurri\u00f3 un grave accidente"},"content":{"rendered":"<p> \n<br \/><img decoding=\"async\" src=\"https:\/\/www.futbolred.com\/files\/article_graphic\/uploads\/2025\/06\/29\/68621137996a0.jpeg\" \/><\/p>\n<header>\n<h3>\n<p>                Curiosidades de f\u00fatbol<br \/>\n            <\/h3>\n<h1>\n<p>            Jugador de Santa Fe vive delicado momento: ocurri\u00f3 un grave accidente<br \/>\n        <\/h1>\n<address>\n            <a>Cesar David Linares Ricaurte<br \/>\n        <\/address>\n<p>            11 de julio 2025 , 06:54 p.\u00a0m.<\/p>\n<\/header>\n<p>El amigo y conductor de Edwar L\u00f3pez, perdi\u00f3 la vida mientras se movilizaba por Antioquia.&nbsp;<\/p>\n<p>Edwar L\u00f3pez, actual delantero de Independiente Santa Fe, vive un delicado momento, luego de confirmarse el fallecimiento de su amigo y conductor, Daniel Garrido, quien sufri\u00f3 un aparatoso accidente de tr\u00e1nsito mientras circulaba por la carretera que conecta a Uramita y Ca\u00f1asgordas en Antioquia.&nbsp;<\/p>\n<p>Los hechos se habr\u00edan presentado el pasado mi\u00e9rcoles 9 de julio, en horas de la ma\u00f1ana, de acuerdo al reporte de las autoridades.&nbsp;<\/p>\n<p>Garrido alcanz\u00f3 a ser trasladado a un centro asistencial, sin embargo, perdi\u00f3 la vida mientras era atendido por los especialistas.&nbsp;<\/p>\n<p>Las primeras versiones indican que el conductor habr\u00eda llevado hasta Medell\u00edn a L\u00f3pez, quien estar\u00eda definiendo su futuro en el f\u00fatbol profesional.&nbsp;<\/p>\n<p>Fue hasta la ma\u00f1ana del mi\u00e9rcoles que el conductor emprendi\u00f3 un viaje con destino a la regi\u00f3n de Urab\u00e1, donde estar\u00eda Edwar tomando sus \u00faltimos d\u00edas de descanso.&nbsp;<\/p>\n<p>Por ahora, los hechos son materia de investigaci\u00f3n y hasta el momento, L\u00f3pez no se ha pronunciado oficialmente.&nbsp;<\/p>\n<p>Lo que s\u00ed se pudo conocer es que el atacante no pudo asistir a la condenaci\u00f3n que realiz\u00f3 el Concejo de Bogot\u00e1 a Independiente Santa Fe, al parecer, por este tr\u00e1gico acontecimiento.&nbsp;<\/p>\n\n","protected":false},"excerpt":{"rendered":"<p>Curiosidades de f\u00fatbol Jugador de Santa Fe vive delicado momento: ocurri\u00f3 un grave accidente Cesar David Linares Ricaurte 11 de julio 2025 , 06:54 p.\u00a0m. El amigo y conductor de Edwar L\u00f3pez, perdi\u00f3 la vida mientras se movilizaba por Antioquia.&nbsp; Edwar L\u00f3pez, actual delantero de Independiente Santa Fe, vive un delicado momento, luego de confirmarse &hellip;<\/p>\n","protected":false},"author":1,"featured_media":35597,"comment_status":"open","ping_status":"open","sticky":false,"template":"","format":"standard","meta":{"fifu_image_url":"https:\/\/www.futbolred.com\/files\/og_thumbnail\/uploads\/2025\/06\/29\/68621137996a0.jpeg","fifu_image_alt":"","footnotes":""},"categories":[6],"tags":[],"class_list":["post-35595","post","type-post","status-publish","format-standard","has-post-thumbnail","","category-deportes"],"_links":{"self":[{"href":"https:\/\/noticiasveraces.com\/index.php?rest_route=\/wp\/v2\/posts\/35595","targetHints":{"allow":["GET"]}}],"collection":[{"href":"https:\/\/noticiasveraces.com\/index.php?rest_route=\/wp\/v2\/posts"}],"about":[{"href":"https:\/\/noticiasveraces.com\/index.php?rest_route=\/wp\/v2\/types\/post"}],"author":[{"embeddable":true,"href":"https:\/\/noticiasveraces.com\/index.php?rest_route=\/wp\/v2\/users\/1"}],"replies":[{"embeddable":true,"href":"https:\/\/noticiasveraces.com\/index.php?rest_route=%2Fwp%2Fv2%2Fcomments&post=35595"}],"version-history":[{"count":0,"href":"https:\/\/noticiasveraces.com\/index.php?rest_route=\/wp\/v2\/posts\/35595\/revisions"}],"wp:featuredmedia":[{"embeddable":true,"href":"https:\/\/noticiasveraces.com\/index.php?rest_route=\/wp\/v2\/media\/35597"}],"wp:attachment":[{"href":"https:\/\/noticiasveraces.com\/index.php?rest_route=%2Fwp%2Fv2%2Fmedia&parent=35595"}],"wp:term":[{"taxonomy":"category","embeddable":true,"href":"https:\/\/noticiasveraces.com\/index.php?rest_route=%2Fwp%2Fv2%2Fcategories&post=35595"},{"taxonomy":"post_tag","embeddable":true,"href":"https:\/\/noticiasveraces.com\/index.php?rest_route=%2Fwp%2Fv2%2Ftags&post=35595"}],"curies":[{"name":"wp","href":"https:\/\/api.w.org\/{rel}","templated":true}]}}