{"id":35585,"date":"2025-07-12T02:41:24","date_gmt":"2025-07-12T06:41:24","guid":{"rendered":"https:\/\/noticiasveraces.com\/?p=35585"},"modified":"2025-07-12T02:41:24","modified_gmt":"2025-07-12T06:41:24","slug":"isxodo-la-caja-de-tela-dw-11-07-2025","status":"publish","type":"post","link":"https:\/\/noticiasveraces.com\/?p=35585","title":{"rendered":"\u00bfISXODO la caja de tela? &#8211; DW &#8211; 11\/07\/2025"},"content":{"rendered":"<p> \n<\/p>\n<div>\n<p><em>Adi\u00f3s<\/em> -adi\u00f3s- se apresta a decir la multinacional francesa Carrefour de tierras argentinas. El gigante del comercio minorista, con m\u00e1s de 600 locales y m\u00e1s de 17.000 empleados, ha decidido vender e irse, luego de m\u00e1s de 4 d\u00e9cadas de historia y negocios en aquellas latitudes.<\/p>\n<p>\u00bfQu\u00e9 la llev\u00f3 a tomar esta decisi\u00f3n? Y, sobre todo, \u00bfla seguir\u00e1n otras? \u00bfPuede hablarse de un \u00e9xodo de capitales multinacionales? \u00bfO es solo un caso aislado?<\/p>\n<p>\u201cCarrefour se va por falta de rentabilidad y porque no hay mercado en Argentina para el consumo suficiente para que ganen plata todas las cadenas presentes en el pa\u00eds\u201d, explica a DW el economista Alejandro Bercovich.<\/p>\n<p>\u201cNo es un caso aislado, hay efectivamente un \u00e9xodo de multinacionales de la Argentina, que tiene que ver b\u00e1sicamente con el estancamiento, con que cae el consumo, y con que este modelo tampoco ofrece un horizonte de crecimiento\u201d, asegura el experto desde la capital argentina.<\/p>\n<p>\u201cCarrefour qued\u00f3 grande para un pa\u00eds que qued\u00f3 chico\u201d, condensa, en el mismo sentido, la periodista especializada Silvia Naishtat. \u201cPorque, adem\u00e1s del porcentaje actual de pobreza del 30 por ciento, se calcula que la mitad de la poblaci\u00f3n no llega a fin de mes\u201d, indica en di\u00e1logo con este medio.<\/p>\n<p>\u201cEn t\u00e9rminos de consumo masivo, la Argentina es hoy un mercado como Chile, pero sin reglas de juego estables\u201d, agrega a la lista de factores que estar\u00edan detr\u00e1s de la decisi\u00f3n de la multinacional francesa.<\/p>\n<p>Asimismo, \u201chay un cansancio de la Argentina tras largos a\u00f1os de cepo (restricci\u00f3n cambiaria), en los que no pod\u00edan disponer de sus dividendos\u201d, destaca. \u201cEl gobierno de Milei\u00a0ha flexibilizado la operatoria cambiaria\u201d, precisa. \u201cMuchas multinacionales ven una oportunidad para salir de la Argentina\u201d, contextualiza la editora de econom\u00eda del argentino diario Clar\u00edn.<\/p>\n<figure class=\"placeholder-image master_landscape big\"><img data-format=\"MASTER_LANDSCAPE\" data-id=\"72829408\" data-url=\"https:\/\/static.dw.com\/image\/72829408_${formatId}.jpg\" data-aspect-ratio=\"16\/9\" alt=\"Javier Milei, presidente argentino.\" style=\"padding-bottom: 56.25%; height: 0; max-height: 0;\"\/><figcaption class=\"img-caption\">El gobierno de Javier Milei\u00a0flexibiliz\u00f3 la operatoria cambiaria en el pa\u00eds.<small class=\"copyright\">Imagen: Stephane Lemouton\/Imelo\/Bestimage<\/small><\/figcaption><\/figure>\n<p>\u201cLlama la atenci\u00f3n que el a\u00f1o pasado hab\u00edan anunciado una inversi\u00f3n de 300 millones de d\u00f3lares, y que ahora, finalmente, den una orden de venta\u201d, apunta Naishtat. Lo cual tambi\u00e9n podr\u00eda tener que ver, \u201ccon una decisi\u00f3n global de la compa\u00f1\u00eda, que est\u00e1 endeudada\u201d, eval\u00faa.<\/p>\n<p>Tampoco ella cree que la salida de Carrefour se trate de un hecho aislado: lo inscribe en \u201cuna salida de muchas multinacionales de la Argentina\u201d.<\/p>\n<h2>El caso como s\u00edntoma<\/h2>\n<p>\u201cNo es una buena se\u00f1al\u201d, dice sin dudar Bercovich. \u201cEn un contexto en el cual el gobierno dice que van a ser las inversiones extranjeras las que pongan en marcha la rueda de la producci\u00f3n y el consumo\u201d, destaca.<\/p>\n<p>\u00bfQu\u00e9 dice sobre la Argentina este cambio de rumbo de Carrefour? \u201cQue no creen que vaya a darse un proceso de crecimiento sostenido como el que promete el gobierno\u201d, interpreta el tambi\u00e9n periodista.<\/p>\n<p>\u201cEsto no le cae nada bien a Milei\u201d, suma, en la misma direcci\u00f3n, Naishtat. \u201c\u00c9l hab\u00eda prometido una Argentina que vuelve al radar mundial, un mayor flujo de inversiones extranjeras directas en el pa\u00eds\u201d, observa. \u201cY esto no se est\u00e1 verificando, todo lo contrario\u201d, contrapone.<\/p>\n<p><span data-slot-id=\"Article_InContent-1\" class=\"rich-text-ad\"\/><\/p>\n<h2>Empresas que se van, empresas que llegan<\/h2>\n<p>Muy distinta es la evaluaci\u00f3n del caso de Natalio Mario Grinman, presidente de la C\u00e1mara Argentina de Comercio y Servicios:<svg xmlns=\"http:\/\/www.w3.org\/2000\/svg\" width=\"20\" height=\"20\" viewbox=\"0 0 20 20\"><path d=\"M11.5 3.5 11.5 4.233C14.342 4.233 15.167 4.245 15.167 4.258L8.984 10.467 10.033 11.516C14.826 6.725 16.228 5.333 16.242 5.333L16.267 9 17.733 9 17.733 2.767 11.5 2.767 11.5 3.5M2.267 11 2.267 17.233 16.733 17.233 16.733 12 15.267 12 15.25 15.75 9.5 15.75 3.75 15.75 3.75 6.25 9.5 6.233 9.5 4.767 2.267 4.767 2.267 11 \"\/><\/svg>\u201cEs natural que algunas empresas abran y que otras cierren, que algunas compa\u00f1\u00edas lleguen al pa\u00eds y que otras se retiren\u00bb, relativiza en entrevista con este medio.<\/p>\n<p>\u00abNo veo que sea algo generalizado ni mucho menos\u00bb, descarta. \u00abM\u00e1s bien lo contrario\u00bb, sostiene.\u00a0\u00abNosotros notamos un marcado inter\u00e9s de empresas del exterior por establecer v\u00ednculos con Argentina\u00bb, refiere.<\/p>\n<p>Eso s\u00ed: \u201cNo todo es color de rosas. Tenemos un nivel de ingreso por habitante mucho menor que el que podr\u00edamos tener, la pobreza, aunque se redujo sensiblemente, a\u00fan permanece elevada, y arrastramos una historia de errores e incumplimientos que no se olvida de la noche a la ma\u00f1ana\u00bb, admite.<\/p>\n<h2>Pros y contras<\/h2>\n<p>Ahora bien, \u00bfcu\u00e1les son\u00a0los aspectos que atraen -o alejan- al capital extranjero?<\/p>\n<p>\u00abEl pa\u00eds avanz\u00f3 en \u00e1reas clave como la consolidaci\u00f3n fiscal, la eliminaci\u00f3n de m\u00faltiples regulaciones distorsivas y el sinceramiento de precios relativos\u201d, destaca en di\u00e1logo con DW Hans-Dieter Holtzmann, representante de la fundaci\u00f3n alemana Friedrich Naumann<svg xmlns=\"http:\/\/www.w3.org\/2000\/svg\" width=\"20\" height=\"20\" viewbox=\"0 0 20 20\"><path d=\"M11.5 3.5 11.5 4.233C14.342 4.233 15.167 4.245 15.167 4.258L8.984 10.467 10.033 11.516C14.826 6.725 16.228 5.333 16.242 5.333L16.267 9 17.733 9 17.733 2.767 11.5 2.767 11.5 3.5M2.267 11 2.267 17.233 16.733 17.233 16.733 12 15.267 12 15.25 15.75 9.5 15.75 3.75 15.75 3.75 6.25 9.5 6.233 9.5 4.767 2.267 4.767 2.267 11 \"\/><\/svg>para Argentina, Brasil, Paraguay y Uruguay.<\/p>\n<p>\u00abSin embargo, a\u00fan es necesario realizar reformas estructurales para afrontar la situaci\u00f3n macroecon\u00f3mica y los principales desaf\u00edos a abordar, como la inflaci\u00f3n acumulada, la recesi\u00f3n en la actividad econ\u00f3mica y el limitado cr\u00e9dito productivo\u201d, advierte el experto en finanzas.<\/p>\n<p>Pero \u00bfse ir\u00edan del pa\u00eds las empresas alemanas? Nada hace preverlo. \u00abLa gran mayor\u00eda planea mantener o aumentar su inversi\u00f3n en el pa\u00eds, lo que revela un voto de confianza a largo plazo pese a las dificultades actuales\u201d, asegura Holtzmann.<\/p>\n<p>\u00bfSeguir\u00e1n otras empresas el ejemplo de Carrefour? Eso est\u00e1 por ver. La respuesta depende en gran medida de Argentina.<\/p>\n<\/div>\n\n","protected":false},"excerpt":{"rendered":"<p>Adi\u00f3s -adi\u00f3s- se apresta a decir la multinacional francesa Carrefour de tierras argentinas. El gigante del comercio minorista, con m\u00e1s de 600 locales y m\u00e1s de 17.000 empleados, ha decidido vender e irse, luego de m\u00e1s de 4 d\u00e9cadas de historia y negocios en aquellas latitudes. \u00bfQu\u00e9 la llev\u00f3 a tomar esta decisi\u00f3n? Y, sobre &hellip;<\/p>\n","protected":false},"author":1,"featured_media":35586,"comment_status":"open","ping_status":"open","sticky":false,"template":"","format":"standard","meta":{"fifu_image_url":"https:\/\/static.dw.com\/image\/73233815_6.jpg","fifu_image_alt":"","footnotes":""},"categories":[13],"tags":[],"class_list":["post-35585","post","type-post","status-publish","format-standard","has-post-thumbnail","","category-mundo"],"_links":{"self":[{"href":"https:\/\/noticiasveraces.com\/index.php?rest_route=\/wp\/v2\/posts\/35585","targetHints":{"allow":["GET"]}}],"collection":[{"href":"https:\/\/noticiasveraces.com\/index.php?rest_route=\/wp\/v2\/posts"}],"about":[{"href":"https:\/\/noticiasveraces.com\/index.php?rest_route=\/wp\/v2\/types\/post"}],"author":[{"embeddable":true,"href":"https:\/\/noticiasveraces.com\/index.php?rest_route=\/wp\/v2\/users\/1"}],"replies":[{"embeddable":true,"href":"https:\/\/noticiasveraces.com\/index.php?rest_route=%2Fwp%2Fv2%2Fcomments&post=35585"}],"version-history":[{"count":0,"href":"https:\/\/noticiasveraces.com\/index.php?rest_route=\/wp\/v2\/posts\/35585\/revisions"}],"wp:featuredmedia":[{"embeddable":true,"href":"https:\/\/noticiasveraces.com\/index.php?rest_route=\/wp\/v2\/media\/35586"}],"wp:attachment":[{"href":"https:\/\/noticiasveraces.com\/index.php?rest_route=%2Fwp%2Fv2%2Fmedia&parent=35585"}],"wp:term":[{"taxonomy":"category","embeddable":true,"href":"https:\/\/noticiasveraces.com\/index.php?rest_route=%2Fwp%2Fv2%2Fcategories&post=35585"},{"taxonomy":"post_tag","embeddable":true,"href":"https:\/\/noticiasveraces.com\/index.php?rest_route=%2Fwp%2Fv2%2Ftags&post=35585"}],"curies":[{"name":"wp","href":"https:\/\/api.w.org\/{rel}","templated":true}]}}