{"id":35581,"date":"2025-07-12T00:39:03","date_gmt":"2025-07-12T04:39:03","guid":{"rendered":"https:\/\/noticiasveraces.com\/?p=35581"},"modified":"2025-07-12T00:39:03","modified_gmt":"2025-07-12T04:39:03","slug":"trump-ordena-despidos-masivos-en-el-departamento-de-estado-dw-12-07-2025","status":"publish","type":"post","link":"https:\/\/noticiasveraces.com\/?p=35581","title":{"rendered":"Trump ordena despidos masivos en el Departamento de Estado \u2013 DW \u2013 12\/07\/2025"},"content":{"rendered":"<p> \n<\/p>\n<div>\n<p>M\u00e1s de 1.300 empleados del Departamento de Estado estadounidense fueron despedidos el viernes por los recortes ordenados por el presidente Donald Trump, que seg\u00fan los cr\u00edticos limitar\u00e1 la influencia de Estados Unidos en el mundo.<\/p>\n<p>Los despidos se produjeron tres d\u00edas despu\u00e9s de que la Corte Suprema de Estados Unidos levantara un bloqueo temporal impuesto por un tribunal inferior a los planes de Trump de despedir a decenas de miles de funcionarios.<\/p>\n<p>Diplom\u00e1ticos y otros empleados aplaudieron el viernes a sus colegas despedidos en escenas emotivas en la sede en Washington del Departamento de Estado, que dirige la pol\u00edtica exterior estadounidense y la red mundial de embajadas.<\/p>\n<p>Algunos lloraban al abandonar el edifcio con cajas con sus pertenencias.<\/p>\n<p>Un funcionario del Departamento de Estado inform\u00f3 que fueron despedidos 1.107 funcionarios y 246 empleados del Servicio Exterior.<\/p>\n<p>Trump busca una \u00abtransformaci\u00f3n\u00bb de la burocracia federal. Desde que regres\u00f3 a la Casa Blanca en enero, el republicano de 79 a\u00f1os ha ordenado a las agencias federales que preparen planes de recorte de personal a gran escala.<\/p>\n<p>Su secretario de Estado, Marco Rubio, dice que en su departamento requiere una reducci\u00f3n del 15%.<\/p>\n<p>En un comunicado, el sindicato de los empleados del Departamento de Estado, se opuso \u00aben\u00e9rgicamente\u00bb a los despidos, que consider\u00f3 un \u00abgolpe catastr\u00f3fico\u00bb a los intereses del pa\u00eds.<\/p>\n<p>\u00abEn un momento de gran inestabilidad global, con la guerra en Ucrania, el conflicto entre Israel e Ir\u00e1n y los reg\u00edmenes autoritarios que ponen a prueba los l\u00edmites del orden internacional, Estados Unidos ha optado por desmantelar su fuerza diplom\u00e1tica de primera l\u00ednea\u00bb, declar\u00f3 la Asociaci\u00f3n Estadounidense del Servicio Exterior (AFSA, por sus siglas en ingl\u00e9s).<\/p>\n<p>El Departamento de Estado emple\u00f3 a m\u00e1s de 80.000 personas en todo el mundo el a\u00f1o pasado, de las cuales unas 17.700 desempe\u00f1aban funciones nacionales, seg\u00fan cifras oficiales.<\/p>\n<p>La Agencia de Estados Unidos para el Desarrollo Internacional (USAID) ya ha sido pr\u00e1cticamente desmantelada.<\/p>\n<p>Seg\u00fan el diario The Washington Post, a los empleados del Departamento de Estado se les inform\u00f3 de sus despidos por correo electr\u00f3nico.<\/p>\n<p>JC (AFP, AP, Efe)<\/p>\n<\/p>\n<\/div>\n\n","protected":false},"excerpt":{"rendered":"<p>M\u00e1s de 1.300 empleados del Departamento de Estado estadounidense fueron despedidos el viernes por los recortes ordenados por el presidente Donald Trump, que seg\u00fan los cr\u00edticos limitar\u00e1 la influencia de Estados Unidos en el mundo. Los despidos se produjeron tres d\u00edas despu\u00e9s de que la Corte Suprema de Estados Unidos levantara un bloqueo temporal impuesto &hellip;<\/p>\n","protected":false},"author":1,"featured_media":35582,"comment_status":"open","ping_status":"open","sticky":false,"template":"","format":"standard","meta":{"fifu_image_url":"https:\/\/static.dw.com\/image\/72602907_6.jpg","fifu_image_alt":"","footnotes":""},"categories":[13],"tags":[],"class_list":["post-35581","post","type-post","status-publish","format-standard","has-post-thumbnail","","category-mundo"],"_links":{"self":[{"href":"https:\/\/noticiasveraces.com\/index.php?rest_route=\/wp\/v2\/posts\/35581","targetHints":{"allow":["GET"]}}],"collection":[{"href":"https:\/\/noticiasveraces.com\/index.php?rest_route=\/wp\/v2\/posts"}],"about":[{"href":"https:\/\/noticiasveraces.com\/index.php?rest_route=\/wp\/v2\/types\/post"}],"author":[{"embeddable":true,"href":"https:\/\/noticiasveraces.com\/index.php?rest_route=\/wp\/v2\/users\/1"}],"replies":[{"embeddable":true,"href":"https:\/\/noticiasveraces.com\/index.php?rest_route=%2Fwp%2Fv2%2Fcomments&post=35581"}],"version-history":[{"count":0,"href":"https:\/\/noticiasveraces.com\/index.php?rest_route=\/wp\/v2\/posts\/35581\/revisions"}],"wp:featuredmedia":[{"embeddable":true,"href":"https:\/\/noticiasveraces.com\/index.php?rest_route=\/wp\/v2\/media\/35582"}],"wp:attachment":[{"href":"https:\/\/noticiasveraces.com\/index.php?rest_route=%2Fwp%2Fv2%2Fmedia&parent=35581"}],"wp:term":[{"taxonomy":"category","embeddable":true,"href":"https:\/\/noticiasveraces.com\/index.php?rest_route=%2Fwp%2Fv2%2Fcategories&post=35581"},{"taxonomy":"post_tag","embeddable":true,"href":"https:\/\/noticiasveraces.com\/index.php?rest_route=%2Fwp%2Fv2%2Ftags&post=35581"}],"curies":[{"name":"wp","href":"https:\/\/api.w.org\/{rel}","templated":true}]}}