{"id":35573,"date":"2025-07-11T23:37:04","date_gmt":"2025-07-12T03:37:04","guid":{"rendered":"https:\/\/noticiasveraces.com\/?p=35573"},"modified":"2025-07-11T23:37:04","modified_gmt":"2025-07-12T03:37:04","slug":"mas-preguntas-que-respuestas-dw-11-07-2025","status":"publish","type":"post","link":"https:\/\/noticiasveraces.com\/?p=35573","title":{"rendered":"m\u00e1s preguntas que respuestas \u2013 DW \u2013 11\/07\/2025"},"content":{"rendered":"<p> \n<\/p>\n<div>\n<p>Los kurdos, con una poblaci\u00f3n estimada de entre 25 y 30 millones de personas repartidos por Irak, Ir\u00e1n, Siria y Turqu\u00eda, son la etnia m\u00e1s grande del mundo sin un Estado propio. Esta fragmentaci\u00f3n y los complejos intereses regionales han convertido la cuesti\u00f3n kurda en Medio Oriente en un tema muy delicado y, a menudo, explosivo. Sin embargo, ahora se vislumbra un posible punto de inflexi\u00f3n.<\/p>\n<p>El Partido de los Trabajadores del Kurdist\u00e1n (PKK)\u00a0&#8211; que desde 1984 libraba una lucha armada por los derechos de los kurdos contra el Estado turco-, ha declarado el fin del conflicto e iniciado un proceso de desarme. El Gobierno turco se muestra satisfecho, ya que considera que se trata de un hito decisivo y una oportunidad para un futuro sin terrorismo.<\/p>\n<p>\u00bfSupondr\u00e1 esto el inicio de una nueva era de paz en la estancada cuesti\u00f3n kurda?<\/p>\n<p><span data-slot-id=\"Article_InContent-1\" class=\"rich-text-ad\"\/><\/p>\n<h2>Exigencias y obst\u00e1culos en el camino hacia la paz<\/h2>\n<p>El PKK subray\u00f3 en su declaraci\u00f3n del jueves que el abandono de las armas es solo el comienzo de un largo proceso cuyo \u00e9xito depende en gran medida de la buena voluntad del Gobierno turco. De hecho, el acto simb\u00f3lico de deponer las armas es una clara se\u00f1al de su voluntad de paz, aunque la parte turca a\u00fan no haya hecho sus \u00abdeberes\u00bb. El desarme completo y la disoluci\u00f3n del PKK requieren medidas pol\u00edticas, legales y sociales por parte de Turqu\u00eda.<\/p>\n<p>Concretamente, el PKK exige la liberaci\u00f3n del l\u00edder del PKK, Abdullah \u00d6calan, encarcelado desde 1999, para que el proceso de paz tenga \u00e9xito. Tambi\u00e9n exige cambios en las leyes penales que permitan la liberaci\u00f3n de miles de presos pol\u00edticos kurdos. Para los combatientes que entreguen sus armas, el PKK exige la impunidad y la posibilidad de pasar a la pol\u00edtica legal.<\/p>\n<p>Sin embargo, hasta ahora el Gobierno turco no ha tomado medidas concretas. Ankara quiere esperar primero a ver si el desarme y la disoluci\u00f3n son sinceros.<\/p>\n<figure class=\"placeholder-image master_landscape big\"><img data-format=\"MASTER_LANDSCAPE\" data-id=\"73207475\" data-url=\"https:\/\/static.dw.com\/image\/73207475_${formatId}.png\" data-aspect-ratio=\"16\/9\" alt=\"Fotograma del mensaje de v\u00eddeo del l\u00edder del PKK, Abdullah \u00d6calan.\" style=\"padding-bottom: 56.25%; height: 0; max-height: 0;\"\/><figcaption class=\"img-caption\">El mi\u00e9rcoles, el l\u00edder del PKK, Abdullah \u00d6calan, encarcelado desde 1999, llam\u00f3 a sus seguidores a poner fin a la lucha armada, pues la negaci\u00f3n original de la existencia kurda ya no se aplica.<small class=\"copyright\">Imagen: ANKA<\/small><\/figcaption><\/figure>\n<p>Vahap Coskun, director del Instituto de Investigaci\u00f3n Pol\u00edtica y Social de Diyarbakir (Turqu\u00eda), considera normal este acercamiento cauteloso. En los procesos de paz dif\u00edciles, la confianza mutua suele surgir con el tiempo, cuando las partes se acercan.<\/p>\n<h2>Futuro de los combatientes y de los arsenales de armas<\/h2>\n<p>Las negociaciones con una organizaci\u00f3n que el Estado ha definido durante mucho tiempo como \u00abel enemigo n\u00famero uno\u00bb son extremadamente dif\u00edciles, y el Gobierno turco se encuentra precisamente en esta situaci\u00f3n. Por ello, Erdogan insiste en que el PKK debe disolver todas sus estructuras antes de que Ankara d\u00e9 nuevos pasos.<\/p>\n<p>De hecho, Coskun prev\u00e9 que, en los pr\u00f3ximos meses, el PKK baje de las monta\u00f1as en peque\u00f1os grupos de entre 40 y 50 combatientes y entregue sus armas. Mientras, medios de comunicaci\u00f3n cercanos al Gobierno informan de que se est\u00e1n definiendo lugares espec\u00edficos para esta entrega, supervisados conjuntamente por el Gobierno central iraqu\u00ed y la administraci\u00f3n regional kurda. All\u00ed se registrar\u00e1n y destruir\u00e1n las armas para evitar que caigan en manos de otros grupos kurdos.<\/p>\n<p>El PKK ha dado su consentimiento a este plan, pero no quiere ceder tan r\u00e1pidamente todo el control.<\/p>\n<figure class=\"placeholder-image master_landscape big\"><img data-format=\"MASTER_LANDSCAPE\" data-id=\"72532140\" data-url=\"https:\/\/static.dw.com\/image\/72532140_${formatId}.jpg\" data-aspect-ratio=\"16\/9\" alt=\"Kurdos celebrando la disoluci\u00f3n del PKK en Diyarbakir.\" style=\"padding-bottom: 56.25%; height: 0; max-height: 0;\"\/><figcaption class=\"img-caption\">Despu\u00e9s de 40 a\u00f1os de sangrientos combates, los kurdos de la metr\u00f3polis de Diyarbakir esperan una paz duradera.<small class=\"copyright\">Imagen: DHA<\/small><\/figcaption><\/figure>\n<h2>Dimensi\u00f3n internacional<\/h2>\n<p>Coskun se muestra optimista sobre las posibilidades del proceso de paz pues, en su opini\u00f3n, el Gobierno y el PKK han aprendido de anteriores intentos fallidos de acercamiento. A partir de octubre, cuando el Parlamento se re\u00fana tras el par\u00f3n estival, se empezar\u00e1 a trabajar en una soluci\u00f3n pol\u00edtica. \u00abPara ello son necesarios cambios en el C\u00f3digo Penal turco, en las leyes antiterroristas y en la legislaci\u00f3n ejecutiva\u00bb, indica el experto.<\/p>\n<p>El proceso de paz tendr\u00e1 repercusiones no solo en la pol\u00edtica interna, sino tambi\u00e9n en la internacional. Coskun cree que las relaciones de Ankara con los kurdos de Irak y Siria podr\u00edan mejorar. El experto tambi\u00e9n est\u00e1 convencido de que una soluci\u00f3n al conflicto kurdo dar\u00eda a Ankara m\u00e1s libertad de movimiento en pol\u00edtica exterior, lo que podr\u00eda convertir a Turqu\u00eda en un actor m\u00e1s importante en Medio Oriente.<\/p>\n<p>(AA\/GG)<\/p>\n<\/div>\n\n","protected":false},"excerpt":{"rendered":"<p>Los kurdos, con una poblaci\u00f3n estimada de entre 25 y 30 millones de personas repartidos por Irak, Ir\u00e1n, Siria y Turqu\u00eda, son la etnia m\u00e1s grande del mundo sin un Estado propio. Esta fragmentaci\u00f3n y los complejos intereses regionales han convertido la cuesti\u00f3n kurda en Medio Oriente en un tema muy delicado y, a menudo, &hellip;<\/p>\n","protected":false},"author":1,"featured_media":35574,"comment_status":"open","ping_status":"open","sticky":false,"template":"","format":"standard","meta":{"fifu_image_url":"https:\/\/static.dw.com\/image\/73240679_6.jpg","fifu_image_alt":"","footnotes":""},"categories":[13],"tags":[],"class_list":["post-35573","post","type-post","status-publish","format-standard","has-post-thumbnail","","category-mundo"],"_links":{"self":[{"href":"https:\/\/noticiasveraces.com\/index.php?rest_route=\/wp\/v2\/posts\/35573","targetHints":{"allow":["GET"]}}],"collection":[{"href":"https:\/\/noticiasveraces.com\/index.php?rest_route=\/wp\/v2\/posts"}],"about":[{"href":"https:\/\/noticiasveraces.com\/index.php?rest_route=\/wp\/v2\/types\/post"}],"author":[{"embeddable":true,"href":"https:\/\/noticiasveraces.com\/index.php?rest_route=\/wp\/v2\/users\/1"}],"replies":[{"embeddable":true,"href":"https:\/\/noticiasveraces.com\/index.php?rest_route=%2Fwp%2Fv2%2Fcomments&post=35573"}],"version-history":[{"count":0,"href":"https:\/\/noticiasveraces.com\/index.php?rest_route=\/wp\/v2\/posts\/35573\/revisions"}],"wp:featuredmedia":[{"embeddable":true,"href":"https:\/\/noticiasveraces.com\/index.php?rest_route=\/wp\/v2\/media\/35574"}],"wp:attachment":[{"href":"https:\/\/noticiasveraces.com\/index.php?rest_route=%2Fwp%2Fv2%2Fmedia&parent=35573"}],"wp:term":[{"taxonomy":"category","embeddable":true,"href":"https:\/\/noticiasveraces.com\/index.php?rest_route=%2Fwp%2Fv2%2Fcategories&post=35573"},{"taxonomy":"post_tag","embeddable":true,"href":"https:\/\/noticiasveraces.com\/index.php?rest_route=%2Fwp%2Fv2%2Ftags&post=35573"}],"curies":[{"name":"wp","href":"https:\/\/api.w.org\/{rel}","templated":true}]}}