{"id":35568,"date":"2025-07-11T22:52:04","date_gmt":"2025-07-12T02:52:04","guid":{"rendered":"https:\/\/noticiasveraces.com\/?p=35568"},"modified":"2025-07-11T22:52:04","modified_gmt":"2025-07-12T02:52:04","slug":"nos-encanta-el-vestido-elegante-de-la-duquesa-sophie-recrea-su-mirada-a-debenhams-real-noticias","status":"publish","type":"post","link":"https:\/\/noticiasveraces.com\/?p=35568","title":{"rendered":"Nos encanta el vestido elegante de la duquesa Sophie: recrea su mirada a Debenhams | Real | Noticias"},"content":{"rendered":"<p> \n<\/p>\n<div>\n<p data-mce-linkchecker-status=\"valid\">Los estampados de lunares han sido durante mucho tiempo un favorito de la duquesa de Edimburgo, y no pudimos tener suficiente del elegante vestido de Prada que llevaba en Bosnia el jueves como parte de su viaje en extranjero en el extranjero. Si bien el patr\u00f3n manchado cl\u00e1sico es innegablemente atemporal, tambi\u00e9n est\u00e1 teniendo un gran momento en la calle esta temporada, y hemos encontrado un partido cercano en Debenhams por una fracci\u00f3n del precio de \u00a3 3,500 que Sophie pag\u00f3. <\/p>\n<p data-mce-linkchecker-status=\"valid\">La duquesa llevaba una pieza de dise\u00f1ador dise\u00f1ada a partir de tela liviana con un frente con botones que es lo suficientemente elegante y vers\u00e1til para usar durante todo el a\u00f1o. La duquesa debut\u00f3 por primera vez en diciembre y ya la ha repetido varias veces, demostrando su apelaci\u00f3n atemporal.<\/p>\n<p>The Daily Express ha rastreado el vestido de dise\u00f1ador exacto que usaba Royal, junto con un aspecto parecido de un favorito de la calle. Y si buscas opciones de manga corta perfectas para el verano, no te preocupes, te tenemos cubierto.<\/p>\n<\/div>\n<div>\n<p>La duquesa opt\u00f3 por una apariencia refinada pero juguetona en este vestido midi de lunares marina y blanco de Prada. Hecho a mano de nylon liviano, el vestido presenta una falda suavemente plisada, un frente con botones y pu\u00f1os de color beige y un collar contrastante que agrega un giro contempor\u00e1neo a la impresi\u00f3n inspirada en la vintage. Su cintura a medida y silueta fluida lo hacen ideal para una apariencia de d\u00eda pulido.<\/p>\n<p><em>Actualmente, solo se deja un medio de tama\u00f1o en stock, as\u00ed que act\u00fae r\u00e1pido si espera tomarlo.<\/em><\/p>\n<\/div>\n<div>\n<p>Este elegante vestido de lunares marina de Wallis Petite ofrece un encanto atemporal con una silueta moderna halagadora. Con una cintura ce\u00f1ida y pu\u00f1os de botones inteligentes, est\u00e1 dise\u00f1ado para acentuar la figura mientras mantiene la comodidad y la facilidad. Ideal para marcos m\u00e1s peque\u00f1os, la pieza de longitud midi est\u00e1 actualmente disponible en los tama\u00f1os 8 y 16, perfecto para eventos diurnos o ocasiones de verano pulidas.<\/p>\n<p><strong>C\u00f3digo de uso adicional de 25% de descuento: extra25<\/strong><\/p>\n<\/div>\n<div>\n<p>Este vestido de lunares de polka sin esfuerzo de Ghost es una elecci\u00f3n perfecta para el verano, con sus mangas de aleteo aireadas y tela ligera y fluida. Nos encanta la silueta halagadora y el frente con botones. Disponible en tama\u00f1os XS a L, tambi\u00e9n viene en una delicada opci\u00f3n floral blanca: ideal para fiestas de jard\u00edn o ocasiones de verano.<\/p>\n<\/div>\n<div>\n<p>Este vestido de lunares azul marino de Boden es un elemento b\u00e1sico aprobado por Royal: la Duquesa Sophie a menudo se ve en la marca. Hecho de una mezcla transpirable de 50% de algod\u00f3n y 50% Tencel \u2122, presenta una silueta halagadora de ajuste y flanquea y est\u00e1 disponible en los tama\u00f1os de 4 a 22, con una opci\u00f3n peque\u00f1a. Tambi\u00e9n viene en un elegante estampado floral, lo que lo convierte en una elecci\u00f3n vers\u00e1til para ocasiones de verano informales y formales.<\/p>\n<\/div>\n<div>\n<p>Este vestido de Halterneck de lunares de nadie, una marca a menudo favorecida por mujeres de la familia real. Hecho de viscosa liviana, presenta un detalle de corbata halagador y un dobladillo suave, que ofrece una silueta f\u00e1cil pero femenina. Tambi\u00e9n disponible en estampados de cereza y florales. Este vestido se vende r\u00e1pido y viene en tama\u00f1os 6, 12, 14 y 18. <\/p>\n<\/div>\n\n","protected":false},"excerpt":{"rendered":"<p>Los estampados de lunares han sido durante mucho tiempo un favorito de la duquesa de Edimburgo, y no pudimos tener suficiente del elegante vestido de Prada que llevaba en Bosnia el jueves como parte de su viaje en extranjero en el extranjero. Si bien el patr\u00f3n manchado cl\u00e1sico es innegablemente atemporal, tambi\u00e9n est\u00e1 teniendo un &hellip;<\/p>\n","protected":false},"author":1,"featured_media":35569,"comment_status":"open","ping_status":"open","sticky":false,"template":"","format":"standard","meta":{"fifu_image_url":"https:\/\/cdn.images.express.co.uk\/img\/dynamic\/106\/1200x630\/6287659.jpg","fifu_image_alt":"","footnotes":""},"categories":[10],"tags":[],"class_list":["post-35568","post","type-post","status-publish","format-standard","has-post-thumbnail","","category-moda"],"_links":{"self":[{"href":"https:\/\/noticiasveraces.com\/index.php?rest_route=\/wp\/v2\/posts\/35568","targetHints":{"allow":["GET"]}}],"collection":[{"href":"https:\/\/noticiasveraces.com\/index.php?rest_route=\/wp\/v2\/posts"}],"about":[{"href":"https:\/\/noticiasveraces.com\/index.php?rest_route=\/wp\/v2\/types\/post"}],"author":[{"embeddable":true,"href":"https:\/\/noticiasveraces.com\/index.php?rest_route=\/wp\/v2\/users\/1"}],"replies":[{"embeddable":true,"href":"https:\/\/noticiasveraces.com\/index.php?rest_route=%2Fwp%2Fv2%2Fcomments&post=35568"}],"version-history":[{"count":0,"href":"https:\/\/noticiasveraces.com\/index.php?rest_route=\/wp\/v2\/posts\/35568\/revisions"}],"wp:featuredmedia":[{"embeddable":true,"href":"https:\/\/noticiasveraces.com\/index.php?rest_route=\/wp\/v2\/media\/35569"}],"wp:attachment":[{"href":"https:\/\/noticiasveraces.com\/index.php?rest_route=%2Fwp%2Fv2%2Fmedia&parent=35568"}],"wp:term":[{"taxonomy":"category","embeddable":true,"href":"https:\/\/noticiasveraces.com\/index.php?rest_route=%2Fwp%2Fv2%2Fcategories&post=35568"},{"taxonomy":"post_tag","embeddable":true,"href":"https:\/\/noticiasveraces.com\/index.php?rest_route=%2Fwp%2Fv2%2Ftags&post=35568"}],"curies":[{"name":"wp","href":"https:\/\/api.w.org\/{rel}","templated":true}]}}