{"id":35541,"date":"2025-07-11T19:50:13","date_gmt":"2025-07-11T23:50:13","guid":{"rendered":"https:\/\/noticiasveraces.com\/?p=35541"},"modified":"2025-07-11T19:50:13","modified_gmt":"2025-07-11T23:50:13","slug":"portugal-reforzara-la-persecucion-de-la-violacion-al-definirla-como-delito-publico-sociedad","status":"publish","type":"post","link":"https:\/\/noticiasveraces.com\/?p=35541","title":{"rendered":"Portugal reforzar\u00e1 la persecuci\u00f3n de la violaci\u00f3n al definirla como delito p\u00fablico | Sociedad"},"content":{"rendered":"<p> \n<br \/><img decoding=\"async\" src=\"https:\/\/imagenes.elpais.com\/resizer\/v2\/HOVM66Z24VCURMY567PIRAFUJM.jpg?auth=30925e01673735b31933b77ebce516667ef144acdcffa8b22d1d782666532d85\" \/><\/p>\n<div data-dtm-region=\"articulo_cuerpo\">\n<p class=\"\">El C\u00f3digo Penal portugu\u00e9s no considera una violaci\u00f3n como un delito p\u00fablico. Esto cambiar\u00e1 tras la nueva, y extra\u00f1a, mayor\u00eda parlamentaria que este viernes vot\u00f3 a favor de las propuestas de partidos tan divergentes como el ultraderechista Chega, los izquierdistas Livre o Bloco de Esquerda y el animalista PAN para reforzar la persecuci\u00f3n de los delitos sexuales y el apoyo a las v\u00edctimas. La nueva tipificaci\u00f3n de la violaci\u00f3n, que pasar\u00e1 de ser un delito semip\u00fablico a p\u00fablico, permitir\u00e1 que pueda ser perseguida con independencia de que exista o no denuncia de la v\u00edctima. <\/p>\n<p class=\"\">La votaci\u00f3n de hoy no es el paso final, pero representa un avance respecto a otras tentativas similares. Las iniciativas aprobadas este viernes pasar\u00e1n ahora a debatirse en la Comisi\u00f3n de Asuntos Constitucionales, Derechos, Libertades y Garant\u00edas, antes de regresar al pleno para su votaci\u00f3n final con las enmiendas que se incorporen.<\/p>\n<p class=\"\">Hasta ahora los intentos para cambiar la tipificaci\u00f3n penal hab\u00edan fracasado por la oposici\u00f3n de las dos formaciones que hab\u00edan sido mayoritarias hasta las elecciones de mayo, Partido Socialista y Partido Social Dem\u00f3crata (PSD, centro derecha). En esta ocasi\u00f3n, el PSD, que ahora forma parte de la coalici\u00f3n de gobierno AD, decidi\u00f3 variar su posici\u00f3n y apoyar las propuestas de los restantes partidos para endurecer la tipificaci\u00f3n. <\/p>\n<p class=\"\">No fue el camino seguido por el grupo parlamentario socialista, que decidi\u00f3 abstenerse, aunque varios una docena de diputados se desmarcaron y votaron a favor, entre ellos su antiguo secretario general, Pedro Nuno Santos, que dimiti\u00f3 del cargo tras su p\u00e9simo resultado electoral al ser superado por Chega como segunda fuerza. Tambi\u00e9n los tres diputados comunistas se abstuvieron. No hubo votos en contra. <\/p>\n<p class=\"\">El l\u00edder del grupo parlamentario socialista, Eurico Brilhante Dias, justific\u00f3 la abstenci\u00f3n de su formaci\u00f3n con el argumento de que las v\u00edctimas, a partir de ahora, no ser\u00e1n escuchadas para seguir adelante con el proceso. \u201cEl car\u00e1cter autom\u00e1tico de transformarlo en un delito p\u00fablico deja fuera la participaci\u00f3n de la v\u00edctima y nosotros no podemos dejar a la v\u00edctima de un delito horrible fuera de ese proceso penal\u201d, indic\u00f3. <\/p>\n<p class=\"\">Portugal es uno de los pa\u00edses de la Uni\u00f3n Europea con una legislaci\u00f3n m\u00e1s blanda respecto a la violencia sexual, a pesar de que ha ido endureciendo las leyes en la \u00faltima d\u00e9cada. En 2015 se reform\u00f3 para incorporar cualquier tipo de coerci\u00f3n para forzar un acto sexual y no solo la fuerza f\u00edsica o las amenazas, como ocurr\u00eda hasta entonces. Cuatro a\u00f1os m\u00e1s tarde se perfil\u00f3 en la ley el significado de coerci\u00f3n como cualquier acto realizado contra el consentimiento de la v\u00edctima. <\/p>\n<p class=\"\">De los 22 pa\u00edses de la UE que firmaron el Convenio de Estambul, que identifica las diferentes violencias contra las mujeres, Portugal es uno de los cuatro con penas m\u00e1s livianas para los agresores sexuales junto a Finlandia, Estonia y Eslovenia. En ninguno de estos pa\u00edses la pena m\u00e1xima por un delito de violaci\u00f3n supera los seis a\u00f1os (cinco en el caso esloveno), la mitad de la pena m\u00e1xima contemplada en el C\u00f3digo Penal espa\u00f1ol. La violencia sexual no ha dejado de crecer en los pa\u00edses comunitarios desde 2013, seg\u00fan Eurostat. Las violaciones, en concreto, aumentaron un 141% entre ese a\u00f1o y 2023. <\/p>\n<p class=\"\">Lo que no se alterar\u00e1 de momento en la legislaci\u00f3n portuguesa son los tiempos de prescripci\u00f3n, ya que la mayor\u00eda de la Asamblea de la Rep\u00fablica vot\u00f3 contra la iniciativa de In\u00eas Sousa Real, la \u00fanica diputada del partido animalista PAN, para ampliar los plazos para presentar denuncias por agresi\u00f3n sexual. En la actualidad las v\u00edctimas solo disponen de seis meses desde la violaci\u00f3n para presentar una denuncia.<\/p>\n<p class=\"\">Tras la reciente violaci\u00f3n a una adolescente de 16 a\u00f1os, ocurrida en febrero y aireada en redes sociales, ha habido varios actos de protesta para exigir el endurecimiento de la legislaci\u00f3n y aumentar la protecci\u00f3n sobre las mujeres. <\/p>\n<\/div>\n\n","protected":false},"excerpt":{"rendered":"<p>El C\u00f3digo Penal portugu\u00e9s no considera una violaci\u00f3n como un delito p\u00fablico. Esto cambiar\u00e1 tras la nueva, y extra\u00f1a, mayor\u00eda parlamentaria que este viernes vot\u00f3 a favor de las propuestas de partidos tan divergentes como el ultraderechista Chega, los izquierdistas Livre o Bloco de Esquerda y el animalista PAN para reforzar la persecuci\u00f3n de los &hellip;<\/p>\n","protected":false},"author":1,"featured_media":35543,"comment_status":"open","ping_status":"open","sticky":false,"template":"","format":"standard","meta":{"fifu_image_url":"https:\/\/imagenes.elpais.com\/resizer\/v2\/HOVM66Z24VCURMY567PIRAFUJM.jpg?auth=30925e01673735b31933b77ebce516667ef144acdcffa8b22d1d782666532d85&width=1200","fifu_image_alt":"","footnotes":""},"categories":[11],"tags":[],"class_list":["post-35541","post","type-post","status-publish","format-standard","has-post-thumbnail","","category-viaje"],"_links":{"self":[{"href":"https:\/\/noticiasveraces.com\/index.php?rest_route=\/wp\/v2\/posts\/35541","targetHints":{"allow":["GET"]}}],"collection":[{"href":"https:\/\/noticiasveraces.com\/index.php?rest_route=\/wp\/v2\/posts"}],"about":[{"href":"https:\/\/noticiasveraces.com\/index.php?rest_route=\/wp\/v2\/types\/post"}],"author":[{"embeddable":true,"href":"https:\/\/noticiasveraces.com\/index.php?rest_route=\/wp\/v2\/users\/1"}],"replies":[{"embeddable":true,"href":"https:\/\/noticiasveraces.com\/index.php?rest_route=%2Fwp%2Fv2%2Fcomments&post=35541"}],"version-history":[{"count":0,"href":"https:\/\/noticiasveraces.com\/index.php?rest_route=\/wp\/v2\/posts\/35541\/revisions"}],"wp:featuredmedia":[{"embeddable":true,"href":"https:\/\/noticiasveraces.com\/index.php?rest_route=\/wp\/v2\/media\/35543"}],"wp:attachment":[{"href":"https:\/\/noticiasveraces.com\/index.php?rest_route=%2Fwp%2Fv2%2Fmedia&parent=35541"}],"wp:term":[{"taxonomy":"category","embeddable":true,"href":"https:\/\/noticiasveraces.com\/index.php?rest_route=%2Fwp%2Fv2%2Fcategories&post=35541"},{"taxonomy":"post_tag","embeddable":true,"href":"https:\/\/noticiasveraces.com\/index.php?rest_route=%2Fwp%2Fv2%2Ftags&post=35541"}],"curies":[{"name":"wp","href":"https:\/\/api.w.org\/{rel}","templated":true}]}}