{"id":35539,"date":"2025-07-11T19:32:40","date_gmt":"2025-07-11T23:32:40","guid":{"rendered":"https:\/\/noticiasveraces.com\/?p=35539"},"modified":"2025-07-11T19:32:40","modified_gmt":"2025-07-11T23:32:40","slug":"gaza-informa-de-30-muertos-en-ataques-israelies-dw-12-07-2025","status":"publish","type":"post","link":"https:\/\/noticiasveraces.com\/?p=35539","title":{"rendered":"Gaza informa de 30 muertos en ataques israel\u00edes \u2013 DW \u2013 12\/07\/2025"},"content":{"rendered":"<p> \n<\/p>\n<div>\n<p>La Defensa Civil de la Franja de Gaza inform\u00f3 este viernes (11.07.2025) que al menos 30 personas murieron en varias operaciones militares israel\u00edes a lo largo del territorio palestino, devastado por m\u00e1s de 21 meses de guerra.<\/p>\n<p>Seg\u00fan Mohamad al Mughayir, responsable de esa organizaci\u00f3n, diez personas murieron por disparos del ej\u00e9rcito israel\u00ed mientras esperaban para recibir ayuda humanitaria cerca de Rafah, en el sur de Gaza.<\/p>\n<p>Un anterior balance daba cuenta de 16 fallecidos. La ONU anunci\u00f3 que casi 800 personas murieron desde fines de mayo al intentar conseguir ayuda humanitaria en la Franja, sobre todo cerca de los puntos de reparto de la Fundaci\u00f3n Humanitaria para Gaza (GHF, por sus siglas en ingl\u00e9s), respaldada por Estados Unidos e Israel.<\/p>\n<p>Un testigo dijo haber visto blindados israel\u00edes en la zona de Al Maslaj, cerca de Jan Yunis, en el sur de la Franja. <\/p>\n<h2>\u00abUna c\u00e9lula terrorista\u00bb<\/h2>\n<p>\u00abLa situaci\u00f3n sigue siendo extremadamente dif\u00edcil en la zona, con disparos nutridos, bombardeos a\u00e9reos intermitentes, ataques de artiller\u00eda, y la destrucci\u00f3n por medio de buld\u00f3ceres de los campos de desplazados y de terrenos agr\u00edcolas al sur, al oeste y al norte de Al Maslaj\u00bb, explic\u00f3 ese testigo a la AFP, prefiriendo mantenerse en el anonimato.<\/p>\n<p>El Ej\u00e9rcito israel\u00ed indic\u00f3 en un comunicado que en los \u00faltimos d\u00edas desmantel\u00f3 \u00abuna c\u00e9lula terrorista\u00bb en Jan Yunis, confiscando armas y material militar, adem\u00e1s de destruir un t\u00fanel de aproximadamente un kil\u00f3metro de longitud.<\/p>\n<p>Tambi\u00e9n anunci\u00f3 haber matado a Fadl Abu al Ata, un responsable de la Yihad Isl\u00e1mica en Chujaiya, al este de la ciudad de Gaza, as\u00ed como a otro combatiente del mismo grupo armado palestino.<\/p>\n<p>Seg\u00fan el Ej\u00e9rcito, Fadl Abu al Ata hab\u00eda coordinado \u00abnumerosos ataques\u00bb contra las tropas israel\u00edes y particip\u00f3 en el ataque del 7 de octubre de 2023 en Israel, origen de la guerra.<\/p>\n<p>A causa de las restricciones de Israel a la presencia de medios en Gaza y las dificultades de acceso, AFP no puede verificar de forma independiente el n\u00famero de v\u00edctimas ni las afirmaciones de las partes en conflicto.<\/p>\n<p>Mg (AFP, AP)<\/p>\n<\/p>\n<\/div>\n\n","protected":false},"excerpt":{"rendered":"<p>La Defensa Civil de la Franja de Gaza inform\u00f3 este viernes (11.07.2025) que al menos 30 personas murieron en varias operaciones militares israel\u00edes a lo largo del territorio palestino, devastado por m\u00e1s de 21 meses de guerra. Seg\u00fan Mohamad al Mughayir, responsable de esa organizaci\u00f3n, diez personas murieron por disparos del ej\u00e9rcito israel\u00ed mientras esperaban &hellip;<\/p>\n","protected":false},"author":1,"featured_media":35540,"comment_status":"open","ping_status":"open","sticky":false,"template":"","format":"standard","meta":{"fifu_image_url":"https:\/\/static.dw.com\/image\/73247735_6.jpg","fifu_image_alt":"","footnotes":""},"categories":[13],"tags":[],"class_list":["post-35539","post","type-post","status-publish","format-standard","has-post-thumbnail","","category-mundo"],"_links":{"self":[{"href":"https:\/\/noticiasveraces.com\/index.php?rest_route=\/wp\/v2\/posts\/35539","targetHints":{"allow":["GET"]}}],"collection":[{"href":"https:\/\/noticiasveraces.com\/index.php?rest_route=\/wp\/v2\/posts"}],"about":[{"href":"https:\/\/noticiasveraces.com\/index.php?rest_route=\/wp\/v2\/types\/post"}],"author":[{"embeddable":true,"href":"https:\/\/noticiasveraces.com\/index.php?rest_route=\/wp\/v2\/users\/1"}],"replies":[{"embeddable":true,"href":"https:\/\/noticiasveraces.com\/index.php?rest_route=%2Fwp%2Fv2%2Fcomments&post=35539"}],"version-history":[{"count":0,"href":"https:\/\/noticiasveraces.com\/index.php?rest_route=\/wp\/v2\/posts\/35539\/revisions"}],"wp:featuredmedia":[{"embeddable":true,"href":"https:\/\/noticiasveraces.com\/index.php?rest_route=\/wp\/v2\/media\/35540"}],"wp:attachment":[{"href":"https:\/\/noticiasveraces.com\/index.php?rest_route=%2Fwp%2Fv2%2Fmedia&parent=35539"}],"wp:term":[{"taxonomy":"category","embeddable":true,"href":"https:\/\/noticiasveraces.com\/index.php?rest_route=%2Fwp%2Fv2%2Fcategories&post=35539"},{"taxonomy":"post_tag","embeddable":true,"href":"https:\/\/noticiasveraces.com\/index.php?rest_route=%2Fwp%2Fv2%2Ftags&post=35539"}],"curies":[{"name":"wp","href":"https:\/\/api.w.org\/{rel}","templated":true}]}}