{"id":35523,"date":"2025-07-11T15:28:54","date_gmt":"2025-07-11T19:28:54","guid":{"rendered":"https:\/\/noticiasveraces.com\/?p=35523"},"modified":"2025-07-11T15:28:54","modified_gmt":"2025-07-11T19:28:54","slug":"mas-de-8-000-tazas-en-recuerdo-de-srebrenica-dw-11-07-2025","status":"publish","type":"post","link":"https:\/\/noticiasveraces.com\/?p=35523","title":{"rendered":"M\u00e1s de 8.000 tazas en recuerdo de Srebrenica \u2013 DW \u2013 11\/07\/2025"},"content":{"rendered":"<p> \n<\/p>\n<div>\n<p>En silencio, los visitantes llevan taza tras taza a las estanter\u00edas met\u00e1licas y las colocan cuidadosamente una al lado de la otra. Son tazas peque\u00f1as de porcelana sin asa, algunas sencillas y blancas, otras con motivos coloridos; su forma es siempre la misma. Son las tazas de los muertos del genocidio de Srebrenica de hace 30 a\u00f1os.<\/p>\n<p>Su recuerdo es el tema central de la vida de la artista bosnio-estadounidense Aida Sehovic. En la antigua iglesia carmelita de M\u00fanich, que hoy se utiliza como sala de exposiciones, present\u00f3 en mayo de 2025 su instalaci\u00f3n \u00abSto te Nema\u00bb, que en bosnio significa \u00ab\u00bfD\u00f3nde has estado?\u00bb, dentro del festival \u00abAusArten &#8211; Perspektivwechel durch Kunst\u00bb (<em>Cambio de perspectiva a trav\u00e9s del arte<\/em>).<\/p>\n<p>Hace 30 a\u00f1os, m\u00e1s de 8000 ni\u00f1os y hombres musulmanes fueron asesinados en Srebrenica. En 2007, la Corte Internacional de Justicia de La Haya calific\u00f3 los hechos como genocidio y en 2024, la Asamblea General de las Naciones Unidas declar\u00f3 el 11 de julio D\u00eda Internacional en Memoria de las V\u00edctimas del Genocidio de Srebrenica. Serbia y la Rep\u00fablica Srpska (Rep\u00fablica Serbia de Bosnia), en Bosnia y Herzegovina, habitada mayoritariamente por serbios, siguen negando hasta hoy que se haya cometido un genocidio en Srebrenica.<\/p>\n<figure class=\"placeholder-image master_landscape big\"><img data-format=\"MASTER_LANDSCAPE\" data-id=\"73181196\" data-url=\"https:\/\/static.dw.com\/image\/73181196_${formatId}.jpg\" data-aspect-ratio=\"16\/9\" alt=\"Unas personas colocan tazas de porcelana sobre estanter\u00edas met\u00e1licas.\" style=\"padding-bottom: 56.25%; height: 0; max-height: 0;\"\/><figcaption class=\"img-caption\">Las peque\u00f1as tazas de porcelana recuerdan el ritual de tomar caf\u00e9 juntos, algo fundamental en la cultura bosnia.<small class=\"copyright\">Imagen: Claudia Mende\/DW<\/small><\/figcaption><\/figure>\n<h2>Una taza por cada v\u00edctima<\/h2>\n<p>Nacida en 1977 en Banja Luka, Sehovic pudo huir con su familia a Estados Unidos a tiempo tras el estallido de la guerra en 1992. All\u00ed estudi\u00f3 arte en la Universidad de Vermont. Pero la huida de su familia y los acontecimientos en su Bosnia natal la han marcado hasta hoy. As\u00ed que Sehovic pidi\u00f3 a amigos y familiares en Bosnia y Herzegovina que le regalaran tazas para recordar a las v\u00edctimas.<\/p>\n<p>Las peque\u00f1as tazas de porcelana recuerdan el ritual de tomar caf\u00e9 juntos, algo fundamental en la cultura bosnia. \u00abNunca tomamos el caf\u00e9 en estas tazas solos delante del ordenador\u00bb, explica Sehovic.<\/p>\n<p>Algunas tazas las utilizaron las propias v\u00edctimas del genocidio, otras fueron recogidas por amigos y familiares y entregadas a la artista. Hasta ahora, ha reunido m\u00e1s de 8372 tazas, la misma cantidad que el n\u00famero oficial de v\u00edctimas identificadas de Srebrenica. Las tazas sobrantes representan a aquellas v\u00edctimas que no figuran en las estad\u00edsticas oficiales, pero que siguen desaparecidas hasta hoy.<\/p>\n<figure class=\"placeholder-image master_landscape big\"><img data-format=\"MASTER_LANDSCAPE\" data-id=\"73185411\" data-url=\"https:\/\/static.dw.com\/image\/73185411_${formatId}.jpg\" data-aspect-ratio=\"16\/9\" alt=\"Personas alrededor de unas tazas colocadas en el suelo. \" style=\"padding-bottom: 56.25%; height: 0; max-height: 0;\"\/><figcaption class=\"img-caption\">Imagen de la performance \u00abSto te nema\u00bb, de la artista bosnio-estadounidense Aida Sehovic.<small class=\"copyright\">Imagen: Adnan Saciragic<\/small><\/figcaption><\/figure>\n<h2>Una actuaci\u00f3n en el lugar del genocidio<\/h2>\n<p>\u00abEmpec\u00e9 con 923 tazas\u00bb, cuenta Sehovic, \u00aby luego fueron cada vez m\u00e1s\u00bb. Al principio, ella misma colocaba y llenaba las tazas, pero m\u00e1s tarde se encargaron de ello unos voluntarios. En 2020, ya ten\u00eda tantas tazas como v\u00edctimas y realiz\u00f3 su performance directamente en el lugar del genocidio, en Srebrenica. Sehovic coloc\u00f3 las tazas exactamente en el lugar donde, hace 30 a\u00f1os, los ni\u00f1os y los hombres fueron separados de las mujeres y las ni\u00f1as antes de ser asesinados. Muchas familias se vieron all\u00ed por \u00faltima vez. Sus familiares asistieron a la actuaci\u00f3n.<\/p>\n<p>\u00abEn cuanto tocamos una taza, nos conectamos con la historia de las v\u00edctimas\u00bb, afirma Sehovic. \u00abEs algo muy diferente a leer sobre Srebrenica en una pantalla\u00bb.<\/p>\n<p><span data-slot-id=\"Article_InContent-1\" class=\"rich-text-ad\"\/><\/p>\n<h2>S\u00edmbolos de la humanidad<\/h2>\n<p>Por supuesto, es importante documentar las atrocidades, opina Sehovic, \u00abpero no creo en la eficacia de las im\u00e1genes brutales\u00bb. Por eso decidi\u00f3 no trabajar con fotograf\u00edas u otros objetos que mostraran directamente la crueldad de los acontecimientos de Srebrenica. Las tazas de caf\u00e9, en cambio, representan el encuentro, son un s\u00edmbolo de humanidad.<\/p>\n<p>(AA\/GG)<\/p>\n<\/div>\n\n","protected":false},"excerpt":{"rendered":"<p>En silencio, los visitantes llevan taza tras taza a las estanter\u00edas met\u00e1licas y las colocan cuidadosamente una al lado de la otra. Son tazas peque\u00f1as de porcelana sin asa, algunas sencillas y blancas, otras con motivos coloridos; su forma es siempre la misma. Son las tazas de los muertos del genocidio de Srebrenica de hace &hellip;<\/p>\n","protected":false},"author":1,"featured_media":35524,"comment_status":"open","ping_status":"open","sticky":false,"template":"","format":"standard","meta":{"fifu_image_url":"https:\/\/static.dw.com\/image\/73185459_6.jpg","fifu_image_alt":"","footnotes":""},"categories":[13],"tags":[],"class_list":["post-35523","post","type-post","status-publish","format-standard","has-post-thumbnail","","category-mundo"],"_links":{"self":[{"href":"https:\/\/noticiasveraces.com\/index.php?rest_route=\/wp\/v2\/posts\/35523","targetHints":{"allow":["GET"]}}],"collection":[{"href":"https:\/\/noticiasveraces.com\/index.php?rest_route=\/wp\/v2\/posts"}],"about":[{"href":"https:\/\/noticiasveraces.com\/index.php?rest_route=\/wp\/v2\/types\/post"}],"author":[{"embeddable":true,"href":"https:\/\/noticiasveraces.com\/index.php?rest_route=\/wp\/v2\/users\/1"}],"replies":[{"embeddable":true,"href":"https:\/\/noticiasveraces.com\/index.php?rest_route=%2Fwp%2Fv2%2Fcomments&post=35523"}],"version-history":[{"count":0,"href":"https:\/\/noticiasveraces.com\/index.php?rest_route=\/wp\/v2\/posts\/35523\/revisions"}],"wp:featuredmedia":[{"embeddable":true,"href":"https:\/\/noticiasveraces.com\/index.php?rest_route=\/wp\/v2\/media\/35524"}],"wp:attachment":[{"href":"https:\/\/noticiasveraces.com\/index.php?rest_route=%2Fwp%2Fv2%2Fmedia&parent=35523"}],"wp:term":[{"taxonomy":"category","embeddable":true,"href":"https:\/\/noticiasveraces.com\/index.php?rest_route=%2Fwp%2Fv2%2Fcategories&post=35523"},{"taxonomy":"post_tag","embeddable":true,"href":"https:\/\/noticiasveraces.com\/index.php?rest_route=%2Fwp%2Fv2%2Ftags&post=35523"}],"curies":[{"name":"wp","href":"https:\/\/api.w.org\/{rel}","templated":true}]}}