{"id":35502,"date":"2025-07-11T13:27:21","date_gmt":"2025-07-11T17:27:21","guid":{"rendered":"https:\/\/noticiasveraces.com\/?p=35502"},"modified":"2025-07-11T13:27:21","modified_gmt":"2025-07-11T17:27:21","slug":"superviviente-de-srebrenica-contar-en-nombre-de-los-muertos","status":"publish","type":"post","link":"https:\/\/noticiasveraces.com\/?p=35502","title":{"rendered":"Superviviente de Srebrenica: contar en nombre de los muertos"},"content":{"rendered":"<p> \n<br \/>Hasan Hasanovic perdi\u00f3 a su hermano gemelo y a su padre en el genocidio de Srebrenica. \u00c9l mismo sobrevivi\u00f3 a la marcha de la muerte. Contar su historia y entrevistar a otros supervivientes es ahora la misi\u00f3n de su vida.<br \/>\n<br \/>\n","protected":false},"excerpt":{"rendered":"<p>Hasan Hasanovic perdi\u00f3 a su hermano gemelo y a su padre en el genocidio de Srebrenica. \u00c9l mismo sobrevivi\u00f3 a la marcha de la muerte. Contar su historia y entrevistar a otros supervivientes es ahora la misi\u00f3n de su vida.<\/p>\n","protected":false},"author":1,"featured_media":35503,"comment_status":"open","ping_status":"open","sticky":false,"template":"","format":"standard","meta":{"fifu_image_url":"https:\/\/static.dw.com\/image\/73194298_6.jpg","fifu_image_alt":"","footnotes":""},"categories":[13],"tags":[],"class_list":["post-35502","post","type-post","status-publish","format-standard","has-post-thumbnail","","category-mundo"],"_links":{"self":[{"href":"https:\/\/noticiasveraces.com\/index.php?rest_route=\/wp\/v2\/posts\/35502","targetHints":{"allow":["GET"]}}],"collection":[{"href":"https:\/\/noticiasveraces.com\/index.php?rest_route=\/wp\/v2\/posts"}],"about":[{"href":"https:\/\/noticiasveraces.com\/index.php?rest_route=\/wp\/v2\/types\/post"}],"author":[{"embeddable":true,"href":"https:\/\/noticiasveraces.com\/index.php?rest_route=\/wp\/v2\/users\/1"}],"replies":[{"embeddable":true,"href":"https:\/\/noticiasveraces.com\/index.php?rest_route=%2Fwp%2Fv2%2Fcomments&post=35502"}],"version-history":[{"count":0,"href":"https:\/\/noticiasveraces.com\/index.php?rest_route=\/wp\/v2\/posts\/35502\/revisions"}],"wp:featuredmedia":[{"embeddable":true,"href":"https:\/\/noticiasveraces.com\/index.php?rest_route=\/wp\/v2\/media\/35503"}],"wp:attachment":[{"href":"https:\/\/noticiasveraces.com\/index.php?rest_route=%2Fwp%2Fv2%2Fmedia&parent=35502"}],"wp:term":[{"taxonomy":"category","embeddable":true,"href":"https:\/\/noticiasveraces.com\/index.php?rest_route=%2Fwp%2Fv2%2Fcategories&post=35502"},{"taxonomy":"post_tag","embeddable":true,"href":"https:\/\/noticiasveraces.com\/index.php?rest_route=%2Fwp%2Fv2%2Ftags&post=35502"}],"curies":[{"name":"wp","href":"https:\/\/api.w.org\/{rel}","templated":true}]}}