{"id":35487,"date":"2025-07-11T10:20:14","date_gmt":"2025-07-11T14:20:14","guid":{"rendered":"https:\/\/noticiasveraces.com\/?p=35487"},"modified":"2025-07-11T10:20:14","modified_gmt":"2025-07-11T14:20:14","slug":"la-guerrilla-kurda-pkk-inicio-su-desarme-en-el-norte-de-irak-dw-11-07-2025","status":"publish","type":"post","link":"https:\/\/noticiasveraces.com\/?p=35487","title":{"rendered":"La guerrilla kurda PKK inici\u00f3 su desarme en el norte de Irak \u2013 DW \u2013 11\/07\/2025"},"content":{"rendered":"<p> \n<\/p>\n<div>\n<p>La guerrilla kurda PKK inici\u00f3 este viernes (11.07.2025) su desarme mediante la destrucci\u00f3n de armas en el norte de Irak, lo que el grupo, que lucha desde 1984 contra el Estado turco, calific\u00f3 en un comunicado como un paso de \u00abbuena voluntad\u00bb para el \u00ab\u00e9xito pr\u00e1ctico del proceso de paz\u00bb.<\/p>\n<p>\u00abComo muestra de buena voluntad y de nuestra determinaci\u00f3n por el \u00e9xito pr\u00e1ctico del proceso de paz y con el objetivo de continuar nuestra lucha por la libertad, la democracia y el socialismo mediante la pol\u00edtica democr\u00e1tica y por v\u00edas legales, nos presentamos hoy aqu\u00ed para destruir nuestras armas por voluntad propia\u00bb, se\u00f1ala el comunicado difundido a trav\u00e9s de la agencia kurda ANF.<\/p>\n<p>En la ceremonia participaron 30 miembros de la guerrilla, 15 hombres y 15 mujeres, entre ellas Bese Hozat, una de las m\u00e1ximas dirigentes del PKK, informa la citada agencia, proscrita en Turqu\u00eda.<\/p>\n<p>Un v\u00eddeo distribuido por la propia guerrilla en internet muestra un espacio acondicionado con una tribuna y gradas para observadores ante una cueva, as\u00ed como un enorme caldero met\u00e1lico.<\/p>\n<p>Tras la lectura del comunicado en turco y en kurdo, Hozat dijo que \u00absin duda hacen falta reformas legales profundas, para llevar a buen puerto esta iniciativa hist\u00f3rica\u00bb.<\/p>\n<p>\u00abDeben hacerse reformas legislativas y constitucionales para que este proceso llegue a buen fin. Para ello, ante vosotros como testigos, destruimos nuestra armas\u00bb, agreg\u00f3.<\/p>\n<p>CT (EFE, AFP)<\/p>\n<\/div>\n\n","protected":false},"excerpt":{"rendered":"<p>La guerrilla kurda PKK inici\u00f3 este viernes (11.07.2025) su desarme mediante la destrucci\u00f3n de armas en el norte de Irak, lo que el grupo, que lucha desde 1984 contra el Estado turco, calific\u00f3 en un comunicado como un paso de \u00abbuena voluntad\u00bb para el \u00ab\u00e9xito pr\u00e1ctico del proceso de paz\u00bb. \u00abComo muestra de buena voluntad &hellip;<\/p>\n","protected":false},"author":1,"featured_media":35488,"comment_status":"open","ping_status":"open","sticky":false,"template":"","format":"standard","meta":{"fifu_image_url":"https:\/\/static.dw.com\/image\/73239473_6.jpg","fifu_image_alt":"","footnotes":""},"categories":[13],"tags":[],"class_list":["post-35487","post","type-post","status-publish","format-standard","has-post-thumbnail","","category-mundo"],"_links":{"self":[{"href":"https:\/\/noticiasveraces.com\/index.php?rest_route=\/wp\/v2\/posts\/35487","targetHints":{"allow":["GET"]}}],"collection":[{"href":"https:\/\/noticiasveraces.com\/index.php?rest_route=\/wp\/v2\/posts"}],"about":[{"href":"https:\/\/noticiasveraces.com\/index.php?rest_route=\/wp\/v2\/types\/post"}],"author":[{"embeddable":true,"href":"https:\/\/noticiasveraces.com\/index.php?rest_route=\/wp\/v2\/users\/1"}],"replies":[{"embeddable":true,"href":"https:\/\/noticiasveraces.com\/index.php?rest_route=%2Fwp%2Fv2%2Fcomments&post=35487"}],"version-history":[{"count":0,"href":"https:\/\/noticiasveraces.com\/index.php?rest_route=\/wp\/v2\/posts\/35487\/revisions"}],"wp:featuredmedia":[{"embeddable":true,"href":"https:\/\/noticiasveraces.com\/index.php?rest_route=\/wp\/v2\/media\/35488"}],"wp:attachment":[{"href":"https:\/\/noticiasveraces.com\/index.php?rest_route=%2Fwp%2Fv2%2Fmedia&parent=35487"}],"wp:term":[{"taxonomy":"category","embeddable":true,"href":"https:\/\/noticiasveraces.com\/index.php?rest_route=%2Fwp%2Fv2%2Fcategories&post=35487"},{"taxonomy":"post_tag","embeddable":true,"href":"https:\/\/noticiasveraces.com\/index.php?rest_route=%2Fwp%2Fv2%2Ftags&post=35487"}],"curies":[{"name":"wp","href":"https:\/\/api.w.org\/{rel}","templated":true}]}}