{"id":35485,"date":"2025-07-11T09:18:51","date_gmt":"2025-07-11T13:18:51","guid":{"rendered":"https:\/\/noticiasveraces.com\/?p=35485"},"modified":"2025-07-11T09:18:51","modified_gmt":"2025-07-11T13:18:51","slug":"desde-el-agotamiento-hasta-la-final-de-wimbledon-dw-11-07-2","status":"publish","type":"post","link":"https:\/\/noticiasveraces.com\/?p=35485","title":{"rendered":"Desde el agotamiento hasta la final de Wimbledon &#8211; DW &#8211; 11\/07\/2"},"content":{"rendered":"<p> \n<\/p>\n<div>\n<p>Amanda Anisimova no pod\u00eda m\u00e1s. \u00abDesde el verano de 2022, he estado luchando con mi salud mental y el desgaste profesional extremo\u00bb, anunci\u00f3 la talentos\u00edsima atleta en mayo de 2023. Anisimova, que ya hab\u00eda alcanzado las semifinales del Abierto de Francia a los 17 a\u00f1os y a quien los expertos le auguraban una gran carrera, se retir\u00f3 por completo del agotador circuito ten\u00edstico. La ausencia dur\u00f3 largos meses.<\/p>\n<p>De hecho, han pasado aproximadamente dos a\u00f1os desde aquel importante rev\u00e9s en la carrera de la estadounidense. Pero hoy Anisimova est\u00e1 de vuelta, m\u00e1s fuerte que nunca, con la oportunidad de lograr su primer gran triunfo en Wimbledon.<\/p>\n<p>La joven de 23 a\u00f1os se enfrentar\u00e1 a la cinco veces campeona de Grand Slam, Iga Swiatek, en la final del torneo m\u00e1s destacado del a\u00f1o y podr\u00e1 cumplir su sue\u00f1o.<\/p>\n<p><span data-slot-id=\"Article_InContent-1\" class=\"rich-text-ad\"\/><\/p>\n<h2>Desde el agotamiento hasta la final de Wimbledon<\/h2>\n<p>\u00abMucha gente me dec\u00eda que nunca volver\u00eda a la cima\u00bb, declar\u00f3 Anisimova, quien llevaba tiempo conmocion\u00e1ndose por la prematura muerte de su padre a los 52 a\u00f1os tras un infarto. Las cr\u00edticas hacia ella fueron \u00abdif\u00edciles de digerir\u00bb, a\u00f1adi\u00f3 tras su triunfo en semifinales en el cl\u00e1sico sobre el c\u00e9sped contra la n\u00famero uno del mundo, Aryna Sabalenka: \u00abPero quer\u00eda volver, lograr m\u00e1s y alg\u00fan d\u00eda ganar un Grand Slam\u00bb.<\/p>\n<p>Por lo tanto, llegar a la final de Wimbledon\u00a0es una gran satisfacci\u00f3n para Anisimova. \u00abCreo que he enviado un mensaje muy especial con esto\u00bb, declar\u00f3 la n\u00famero 12 del mundo, quien considera su descanso\u00a0de los torneos del interminable circuito del tenis como un punto de inflexi\u00f3n.<\/p>\n<h2>C\u00f3mo Anisimova super\u00f3 el desgaste extremo<\/h2>\n<p>\u00abAprend\u00ed mucho sobre m\u00ed misma, sobre mis intereses fuera de la pista\u00bb, declar\u00f3 la tenista a la emisora BBC Radio 5. Simplemente necesitaba un tiempo para respirar y llevar una vida \u00abnormal\u00bb.<\/p>\n<figure class=\"placeholder-image master_landscape big\"><img data-format=\"MASTER_LANDSCAPE\" data-id=\"70911470\" data-url=\"https:\/\/static.dw.com\/image\/70911470_${formatId}.jpg\" data-aspect-ratio=\"16\/9\" alt=\"Iga Swiatek hace un saque con la vista fija en la pelota\" style=\"padding-bottom: 56.25%; height: 0; max-height: 0;\"\/><figcaption class=\"img-caption\">El rival Polaca Iga Swiatek Ser\u00e1 la Amanda Anisimova en la final Femenina de Wimbledon 2025<small class=\"copyright\">Imagen: Manu Fern\u00e1ndez\/AP Photo\/Picture Alliance <\/small><\/figcaption><\/figure>\n<p>Anisimova estudi\u00f3 presencialmente durante un semestre en la Universidad Nova Southeastern de Florida, se reuni\u00f3 con amigos y descubri\u00f3 la pintura. La deportista originaria de New Jersey don\u00f3 sus obras de arte a causas ben\u00e9ficas. Cuando regres\u00f3 al circuito, a principios de la temporada 2024, ocupaba el puesto 442 del ranking y necesitaba tiempo para recuperar su alto nivel.<\/p>\n<h2>Batalla contra la favorita<\/h2>\n<p>Ahora, la potente jugadora parece lista para una tarea tit\u00e1nica contra Swiatek, quien tambi\u00e9n podr\u00eda triunfar por primera vez en la hist\u00f3rica Cancha Central de Wimbledon. La polaca tambi\u00e9n es una atleta que aborda conscientemente el tema de la salud mental. Sin embargo, al igual que Anisimova, actualmente se siente enormemente c\u00f3moda en el sagrado c\u00e9sped. \u00abCuando juegas bien, es f\u00e1cil disfrutarlo\u00bb, dijo Swiatek, quien figura como favorita.<\/p>\n<p>(Sid\/El)<\/p>\n<\/div>\n\n","protected":false},"excerpt":{"rendered":"<p>Amanda Anisimova no pod\u00eda m\u00e1s. \u00abDesde el verano de 2022, he estado luchando con mi salud mental y el desgaste profesional extremo\u00bb, anunci\u00f3 la talentos\u00edsima atleta en mayo de 2023. Anisimova, que ya hab\u00eda alcanzado las semifinales del Abierto de Francia a los 17 a\u00f1os y a quien los expertos le auguraban una gran carrera, &hellip;<\/p>\n","protected":false},"author":1,"featured_media":35486,"comment_status":"open","ping_status":"open","sticky":false,"template":"","format":"standard","meta":{"fifu_image_url":"https:\/\/static.dw.com\/image\/49086295_6.jpg","fifu_image_alt":"","footnotes":""},"categories":[13],"tags":[],"class_list":["post-35485","post","type-post","status-publish","format-standard","has-post-thumbnail","","category-mundo"],"_links":{"self":[{"href":"https:\/\/noticiasveraces.com\/index.php?rest_route=\/wp\/v2\/posts\/35485","targetHints":{"allow":["GET"]}}],"collection":[{"href":"https:\/\/noticiasveraces.com\/index.php?rest_route=\/wp\/v2\/posts"}],"about":[{"href":"https:\/\/noticiasveraces.com\/index.php?rest_route=\/wp\/v2\/types\/post"}],"author":[{"embeddable":true,"href":"https:\/\/noticiasveraces.com\/index.php?rest_route=\/wp\/v2\/users\/1"}],"replies":[{"embeddable":true,"href":"https:\/\/noticiasveraces.com\/index.php?rest_route=%2Fwp%2Fv2%2Fcomments&post=35485"}],"version-history":[{"count":0,"href":"https:\/\/noticiasveraces.com\/index.php?rest_route=\/wp\/v2\/posts\/35485\/revisions"}],"wp:featuredmedia":[{"embeddable":true,"href":"https:\/\/noticiasveraces.com\/index.php?rest_route=\/wp\/v2\/media\/35486"}],"wp:attachment":[{"href":"https:\/\/noticiasveraces.com\/index.php?rest_route=%2Fwp%2Fv2%2Fmedia&parent=35485"}],"wp:term":[{"taxonomy":"category","embeddable":true,"href":"https:\/\/noticiasveraces.com\/index.php?rest_route=%2Fwp%2Fv2%2Fcategories&post=35485"},{"taxonomy":"post_tag","embeddable":true,"href":"https:\/\/noticiasveraces.com\/index.php?rest_route=%2Fwp%2Fv2%2Ftags&post=35485"}],"curies":[{"name":"wp","href":"https:\/\/api.w.org\/{rel}","templated":true}]}}