{"id":35478,"date":"2025-07-11T07:14:46","date_gmt":"2025-07-11T11:14:46","guid":{"rendered":"https:\/\/noticiasveraces.com\/?p=35478"},"modified":"2025-07-11T07:14:46","modified_gmt":"2025-07-11T11:14:46","slug":"ue-conmemora-el-30-aniversario-del-genocidio-de-srebrenica-dw-11-07-2025","status":"publish","type":"post","link":"https:\/\/noticiasveraces.com\/?p=35478","title":{"rendered":"UE conmemora el 30 aniversario del genocidio de Srebrenica \u2013 DW \u2013 11\/07\/2025"},"content":{"rendered":"<p> \n<\/p>\n<div>\n<p>El presidente del Consejo Europeo, Ant\u00f3nio Costa, y la comisaria de Ampliaci\u00f3n, Marta Kos, asisten este viernes (11.07.2025) en Srebrenica a la conmemoraci\u00f3n del 30 aniversario del genocidio perpetrado all\u00ed contra poblaci\u00f3n bosnio musulmana.<\/p>\n<p>En el marco de la ceremonia, en la que se espera la participaci\u00f3n de m\u00e1s de 150.000 personas, se organiza el funeral y entierro de los restos mortales de otras siete v\u00edctimas de la matanza de m\u00e1s de 8.300 civiles bosnios ocurrida el 11 de julio de 1995.<\/p>\n<p>\u00abEs nuestro deber recordar. Es nuestro deber alzar la voz y nunca apartar la mirada cuando se cuestionan los derechos humanos y se menoscaba la dignidad de otros\u00bb, escribi\u00f3 Kos en las redes sociales. <\/p>\n<figure class=\"placeholder-image master_landscape big\"><img data-format=\"MASTER_LANDSCAPE\" data-id=\"73239635\" data-url=\"https:\/\/static.dw.com\/image\/73239635_${formatId}.jpg\" data-aspect-ratio=\"16\/9\" alt=\"Ant\u00f3nio Costa, el presidente del Consejo Europeo, en la ceremonia oficial en Srebrenica.\" style=\"padding-bottom: 56.25%; height: 0; max-height: 0;\"\/><figcaption class=\"img-caption\">Ant\u00f3nio Costa, el presidente del Consejo Europeo, en la ceremonia oficial en Srebrenica.<small class=\"copyright\">Imagen: Armin Durgut\/AP Photo\/Picture Alliance<\/small><\/figcaption><\/figure>\n<p>Tambi\u00e9n Ant\u00f3nio Costa comparti\u00f3 un mensaje desde su cuenta en X, en el que reafirm\u00f3 el compromiso de la Uni\u00f3n Europea con la justicia y la reconciliaci\u00f3n, y con el futuro comunitario de Bosnia.<\/p>\n<p>\u00abEstoy en Srebrenica para rendir tributo a las v\u00edctimas del genocidio, a la memoria de quienes fueron asesinados brutalmente, a sus familias y a quienes a\u00fan est\u00e1n desaparecidos 30 a\u00f1os despu\u00e9s\u00bb, se\u00f1al\u00f3 Costa.<\/p>\n<p>\u00abNo hay lugar en Europa -ni en ning\u00fan otro sitio- para la negaci\u00f3n del genocidio, el revisionismo o la glorificaci\u00f3n de los responsables. Caminemos juntos hacia la reconciliaci\u00f3n\u00bb, agreg\u00f3 el pol\u00edtico portugu\u00e9s.<\/p>\n<p>En Srebrenica se conmemora el 30 aniversario del mayor crimen cometido en Europa desde la Segunda Guerra Mundial, cuando fuerzas serbobosnias irrumpieron en la &#8216;zona protegida por la ONU&#8217; de Srebrenica, custodiada por cascos azules neerlandeses, donde se hab\u00edan refugiado miles de civiles bosnio musulmanes.<\/p>\n<p>CT (EFE, AP)<\/p>\n<\/div>\n\n","protected":false},"excerpt":{"rendered":"<p>El presidente del Consejo Europeo, Ant\u00f3nio Costa, y la comisaria de Ampliaci\u00f3n, Marta Kos, asisten este viernes (11.07.2025) en Srebrenica a la conmemoraci\u00f3n del 30 aniversario del genocidio perpetrado all\u00ed contra poblaci\u00f3n bosnio musulmana. En el marco de la ceremonia, en la que se espera la participaci\u00f3n de m\u00e1s de 150.000 personas, se organiza el &hellip;<\/p>\n","protected":false},"author":1,"featured_media":35479,"comment_status":"open","ping_status":"open","sticky":false,"template":"","format":"standard","meta":{"fifu_image_url":"https:\/\/static.dw.com\/image\/73237891_6.jpg","fifu_image_alt":"","footnotes":""},"categories":[13],"tags":[],"class_list":["post-35478","post","type-post","status-publish","format-standard","has-post-thumbnail","","category-mundo"],"_links":{"self":[{"href":"https:\/\/noticiasveraces.com\/index.php?rest_route=\/wp\/v2\/posts\/35478","targetHints":{"allow":["GET"]}}],"collection":[{"href":"https:\/\/noticiasveraces.com\/index.php?rest_route=\/wp\/v2\/posts"}],"about":[{"href":"https:\/\/noticiasveraces.com\/index.php?rest_route=\/wp\/v2\/types\/post"}],"author":[{"embeddable":true,"href":"https:\/\/noticiasveraces.com\/index.php?rest_route=\/wp\/v2\/users\/1"}],"replies":[{"embeddable":true,"href":"https:\/\/noticiasveraces.com\/index.php?rest_route=%2Fwp%2Fv2%2Fcomments&post=35478"}],"version-history":[{"count":0,"href":"https:\/\/noticiasveraces.com\/index.php?rest_route=\/wp\/v2\/posts\/35478\/revisions"}],"wp:featuredmedia":[{"embeddable":true,"href":"https:\/\/noticiasveraces.com\/index.php?rest_route=\/wp\/v2\/media\/35479"}],"wp:attachment":[{"href":"https:\/\/noticiasveraces.com\/index.php?rest_route=%2Fwp%2Fv2%2Fmedia&parent=35478"}],"wp:term":[{"taxonomy":"category","embeddable":true,"href":"https:\/\/noticiasveraces.com\/index.php?rest_route=%2Fwp%2Fv2%2Fcategories&post=35478"},{"taxonomy":"post_tag","embeddable":true,"href":"https:\/\/noticiasveraces.com\/index.php?rest_route=%2Fwp%2Fv2%2Ftags&post=35478"}],"curies":[{"name":"wp","href":"https:\/\/api.w.org\/{rel}","templated":true}]}}