{"id":35467,"date":"2025-07-11T06:13:25","date_gmt":"2025-07-11T10:13:25","guid":{"rendered":"https:\/\/noticiasveraces.com\/?p=35467"},"modified":"2025-07-11T06:13:25","modified_gmt":"2025-07-11T10:13:25","slug":"insurgentes-en-pakistan-ejecutan-a-9-pasajeros-en-autobus-dw-11-07-2025","status":"publish","type":"post","link":"https:\/\/noticiasveraces.com\/?p=35467","title":{"rendered":"Insurgentes en Pakist\u00e1n ejecutan a 9 pasajeros en autob\u00fas \u2013 DW \u2013 11\/07\/2025"},"content":{"rendered":"<p> \n<\/p>\n<div>\n<p>Un grupo de hombres armados secuestr\u00f3 y asesin\u00f3 a nueve pasajeros de un autob\u00fas en la convulsa provincia de Baluchist\u00e1n, en el suroeste de Pakist\u00e1n, tras identificarlos como originarios de la vecina regi\u00f3n de Punjab, en un ataque de corte \u00e9tnico que fue reivindicado por un grupo separatista.<\/p>\n<p>El ataque ocurri\u00f3 en la noche del jueves, cuando los asaltantes detuvieron dos autobuses en el distrito de Zhob. \u00abComprobaron los documentos de identidad de los pasajeros y se llevaron a nueve personas de Punjab\u00bb, confirm\u00f3 este viernes a EFE el portavoz del gobierno de Baluchist\u00e1n, Shahid Rind.<\/p>\n<p>\u00abEstos hombres fueron llevados a cierta distancia de la carretera principal y asesinados a tiros\u00bb, a\u00f1adi\u00f3.<\/p>\n<p>El prohibido Frente de Liberaci\u00f3n de Baluchist\u00e1n (BLF) reivindic\u00f3 la autor\u00eda de la matanza, que fue condenada de inmediato por el primer ministro paquistan\u00ed, Shehbaz Sharif, quien culp\u00f3 del suceso a \u00abmilitantes respaldados por la India\u00bb.<\/p>\n<p>La acusaci\u00f3n de Sharif, aunque sin presentar pruebas, sigue la l\u00ednea habitual de Islamabad, que sostiene que la India, a trav\u00e9s de sus agencias de inteligencia, apoya a los grupos separatistas baluches para desestabilizar el pa\u00eds.<\/p>\n<p>Nueva Delhi, por su parte, ha negado sistem\u00e1ticamente estas afirmaciones, calific\u00e1ndolas de un intento de desviar la atenci\u00f3n de la presunta responsabilidad de Pakist\u00e1n en el apoyo a grupos terroristas que act\u00faan en la Cachemira india.<\/p>\n<p>CT (Efe, Reuters)<\/p>\n<\/div>\n\n","protected":false},"excerpt":{"rendered":"<p>Un grupo de hombres armados secuestr\u00f3 y asesin\u00f3 a nueve pasajeros de un autob\u00fas en la convulsa provincia de Baluchist\u00e1n, en el suroeste de Pakist\u00e1n, tras identificarlos como originarios de la vecina regi\u00f3n de Punjab, en un ataque de corte \u00e9tnico que fue reivindicado por un grupo separatista. El ataque ocurri\u00f3 en la noche del &hellip;<\/p>\n","protected":false},"author":1,"featured_media":35468,"comment_status":"open","ping_status":"open","sticky":false,"template":"","format":"standard","meta":{"fifu_image_url":"https:\/\/static.dw.com\/image\/73235981_6.jpg","fifu_image_alt":"","footnotes":""},"categories":[13],"tags":[],"class_list":["post-35467","post","type-post","status-publish","format-standard","has-post-thumbnail","","category-mundo"],"_links":{"self":[{"href":"https:\/\/noticiasveraces.com\/index.php?rest_route=\/wp\/v2\/posts\/35467","targetHints":{"allow":["GET"]}}],"collection":[{"href":"https:\/\/noticiasveraces.com\/index.php?rest_route=\/wp\/v2\/posts"}],"about":[{"href":"https:\/\/noticiasveraces.com\/index.php?rest_route=\/wp\/v2\/types\/post"}],"author":[{"embeddable":true,"href":"https:\/\/noticiasveraces.com\/index.php?rest_route=\/wp\/v2\/users\/1"}],"replies":[{"embeddable":true,"href":"https:\/\/noticiasveraces.com\/index.php?rest_route=%2Fwp%2Fv2%2Fcomments&post=35467"}],"version-history":[{"count":0,"href":"https:\/\/noticiasveraces.com\/index.php?rest_route=\/wp\/v2\/posts\/35467\/revisions"}],"wp:featuredmedia":[{"embeddable":true,"href":"https:\/\/noticiasveraces.com\/index.php?rest_route=\/wp\/v2\/media\/35468"}],"wp:attachment":[{"href":"https:\/\/noticiasveraces.com\/index.php?rest_route=%2Fwp%2Fv2%2Fmedia&parent=35467"}],"wp:term":[{"taxonomy":"category","embeddable":true,"href":"https:\/\/noticiasveraces.com\/index.php?rest_route=%2Fwp%2Fv2%2Fcategories&post=35467"},{"taxonomy":"post_tag","embeddable":true,"href":"https:\/\/noticiasveraces.com\/index.php?rest_route=%2Fwp%2Fv2%2Ftags&post=35467"}],"curies":[{"name":"wp","href":"https:\/\/api.w.org\/{rel}","templated":true}]}}