{"id":35417,"date":"2025-07-10T22:00:15","date_gmt":"2025-07-11T02:00:15","guid":{"rendered":"https:\/\/noticiasveraces.com\/?p=35417"},"modified":"2025-07-10T22:00:15","modified_gmt":"2025-07-11T02:00:15","slug":"francia-y-reino-unido-acuerdan-intercambio-de-migrantes-dw-11-07-2025","status":"publish","type":"post","link":"https:\/\/noticiasveraces.com\/?p=35417","title":{"rendered":"Francia y Reino Unido acuerdan intercambio de migrantes \u2013 DW \u2013 11\/07\/2025"},"content":{"rendered":"<p> \n<\/p>\n<div>\n<p>Francia y Reino Unido acordaron el jueves (10.07.2025) un \u00abproyecto piloto\u00bb para el intercambio de migrantes, al cierre de una visita de tres d\u00edas del presidente Emmanuel Macron, cuando los cruces ilegales del Canal de la Mancha alcanzan cifras r\u00e9cord.<\/p>\n<p>Este acuerdo, que a\u00fan debe ser presentado a la Comisi\u00f3n Europea antes de ser firmado, se basa en el principio de \u00abuno por uno\u00bb.<\/p>\n<p>En concreto, Francia se compromete a aceptar el retorno de migrantes indocumentados que crucen hacia Reino Unido desde sus costas en peque\u00f1as embarcaciones.<\/p>\n<p>A cambio, Londres aceptar\u00e1 a solicitantes de asilo que est\u00e9n en Francia y que tengan v\u00ednculos, en particular familiares, con Reino Unido.<\/p>\n<p>\u00abPor primera vez, los migrantes que lleguen en peque\u00f1as embarcaciones ser\u00e1n detenidos y r\u00e1pidamente devueltos a Francia\u00bb, declar\u00f3 el primer ministro brit\u00e1nico, Keir Starmer, celebrando un acuerdo \u00abrevolucionario\u00bb sobre un proyecto que podr\u00eda comenzar \u00aben las pr\u00f3ximas semanas\u00bb.<\/p>\n<p>\u00abA cambio de cada devoluci\u00f3n, se permitir\u00e1 a un individuo diferente venir aqu\u00ed\u00bb de forma segura, a\u00f1adi\u00f3 Starmer.<\/p>\n<p>Aunque Starmer no dijo cu\u00e1ntas personas podr\u00edan ser devueltas a Francia, los medios de comunicaci\u00f3n afirman que inicialmente podr\u00edan ser unas 50 personas a la semana.<\/p>\n<p>M\u00e1s de 21.000 migrantes han cruzado el Canal de la Mancha desde comienzos de a\u00f1o, una cifra r\u00e9cord.<\/p>\n<p>El mandatario laborista brit\u00e1nico est\u00e1 bajo presi\u00f3n ante el ascenso del partido antiinmigraci\u00f3n Reform UK.<\/p>\n<p>Macron, por su parte, responsabiliz\u00f3 de la situaci\u00f3n al Brexit -la salida de Reino Unido de la Uni\u00f3n Europea (UE) en 2020. Estim\u00f3 que desde entonces \u00abno existe ning\u00fan acuerdo migratorio con la UE\u00bb, lo que crea un \u00abincentivo\u00bb para cruzar el canal.<\/p>\n<p>GS (AFP, Efe) <\/p>\n<div class=\"vjs-wrapper embed big\">\n<h2 aria-label=\"Video integrado \u2014 Crece el control en Francia sobre los migrantes\" class=\"headline\"><svg xmlns=\"http:\/\/www.w3.org\/2000\/svg\" viewbox=\"0 0 20 20\"><g fill-rule=\"evenodd\"><path d=\"M14.114 7.599H13.5l.002 4.706h.601l4.582 3.25-.005-11.11zM11.084 4.444l-9.007.002-1.336.797.002 9.514 1.334.793 9.007.006 1.509-.799-.004-9.516z\"\/><\/g><\/svg>Crece el control en Francia sobre los migrantes<\/h2>\n<p><video id=\"video-65248136\" controls=\"\" playsinline=\"\" preload=\"none\" poster=\"data:image\/png;base64,iVBORw0KGgoAAAANSUhEUgAAAAEAAAABCAQAAAC1HAwCAAAAC0lEQVR42mNkYAAAAAYAAjCB0C8AAAAASUVORK5CYII=\" data-id=\"65248136\" data-posterurl=\"https:\/\/static.dw.com\/image\/59442736_605.webp\" data-duration=\"05:31\"><source src=\"https:\/\/hlsvod.dw.com\/i\/dwtv_video\/flv\/es\/es230406_frankreich_,AVC_480x270,AVC_512x288,AVC_640x360,AVC_960x540,AVC_1280x720,AVC_1920x1080,.mp4.csmil\/master.m3u8\" type=\"application\/x-mpegURL\"><source src=\"https:\/\/tvdownloaddw-a.akamaihd.net\/dwtv_video\/flv\/es\/es230406_frankreich_AVC_1920x1080.mp4\" type=\"video\/mp4\"><p class=\"vjs-no-js\">Para ver este video, habilite JavaScript y considere actualizar a un navegador web que admite el video HTML5<\/p>\n<p><\/source><\/source><\/video><\/div>\n<\/div>\n\n","protected":false},"excerpt":{"rendered":"<p>Francia y Reino Unido acordaron el jueves (10.07.2025) un \u00abproyecto piloto\u00bb para el intercambio de migrantes, al cierre de una visita de tres d\u00edas del presidente Emmanuel Macron, cuando los cruces ilegales del Canal de la Mancha alcanzan cifras r\u00e9cord. Este acuerdo, que a\u00fan debe ser presentado a la Comisi\u00f3n Europea antes de ser firmado, &hellip;<\/p>\n","protected":false},"author":1,"featured_media":35418,"comment_status":"open","ping_status":"open","sticky":false,"template":"","format":"standard","meta":{"fifu_image_url":"https:\/\/static.dw.com\/image\/69640264_6.jpg","fifu_image_alt":"","footnotes":""},"categories":[13],"tags":[],"class_list":["post-35417","post","type-post","status-publish","format-standard","has-post-thumbnail","","category-mundo"],"_links":{"self":[{"href":"https:\/\/noticiasveraces.com\/index.php?rest_route=\/wp\/v2\/posts\/35417","targetHints":{"allow":["GET"]}}],"collection":[{"href":"https:\/\/noticiasveraces.com\/index.php?rest_route=\/wp\/v2\/posts"}],"about":[{"href":"https:\/\/noticiasveraces.com\/index.php?rest_route=\/wp\/v2\/types\/post"}],"author":[{"embeddable":true,"href":"https:\/\/noticiasveraces.com\/index.php?rest_route=\/wp\/v2\/users\/1"}],"replies":[{"embeddable":true,"href":"https:\/\/noticiasveraces.com\/index.php?rest_route=%2Fwp%2Fv2%2Fcomments&post=35417"}],"version-history":[{"count":0,"href":"https:\/\/noticiasveraces.com\/index.php?rest_route=\/wp\/v2\/posts\/35417\/revisions"}],"wp:featuredmedia":[{"embeddable":true,"href":"https:\/\/noticiasveraces.com\/index.php?rest_route=\/wp\/v2\/media\/35418"}],"wp:attachment":[{"href":"https:\/\/noticiasveraces.com\/index.php?rest_route=%2Fwp%2Fv2%2Fmedia&parent=35417"}],"wp:term":[{"taxonomy":"category","embeddable":true,"href":"https:\/\/noticiasveraces.com\/index.php?rest_route=%2Fwp%2Fv2%2Fcategories&post=35417"},{"taxonomy":"post_tag","embeddable":true,"href":"https:\/\/noticiasveraces.com\/index.php?rest_route=%2Fwp%2Fv2%2Ftags&post=35417"}],"curies":[{"name":"wp","href":"https:\/\/api.w.org\/{rel}","templated":true}]}}