{"id":35377,"date":"2025-07-10T14:15:13","date_gmt":"2025-07-10T18:15:13","guid":{"rendered":"https:\/\/noticiasveraces.com\/?p=35377"},"modified":"2025-07-10T14:15:13","modified_gmt":"2025-07-10T18:15:13","slug":"oasis-una-revista-de-celebracion-no-oficial-musica-entretenimiento","status":"publish","type":"post","link":"https:\/\/noticiasveraces.com\/?p=35377","title":{"rendered":"Oasis: una revista de celebraci\u00f3n no oficial | M\u00fasica | Entretenimiento"},"content":{"rendered":"<p> \n<\/p>\n<div>\n<p>Algunas palabras simples en las redes sociales el 27 de agosto en 2024 fueron suficientes para despertar el pandemonio entre los fan\u00e1ticos de Oasis y fueron el catalizador de los conciertos m\u00e1s esperados del Reino Unido de todos los tiempos.<\/p>\n<p>Esta revista especial no oficial, disponible para ordenar aqu\u00ed, marca la reuni\u00f3n y honra a la banda tanto ahora como a lo abajo de los a\u00f1os con nuestro incre\u00edble archivo de fotos y entrevistas, \u00a1y con rese\u00f1as y fotograf\u00edas exclusivas de su primer show!<\/p>\n<p>Esta es una celebraci\u00f3n, no solo de su gira de regreso, sino tambi\u00e9n de la energ\u00eda cruda, la incre\u00edble presencia en el escenario y la rivalidad \u00fanica de hermanos que convierte a Oasis en la banda que es.<\/p>\n<p>Entender qu\u00e9 hace que esta banda, y lo que hace que Oasis sea amado por tantos millones, es regresar a donde todo comenz\u00f3. Desde entonces, han pasado m\u00e1s de treinta a\u00f1os y han pasado tres d\u00e9cadas desde (\u00bfcu\u00e1l es la historia) la gloria de la ma\u00f1ana? Sali\u00f3 y consolid\u00f3 la posici\u00f3n de la banda como una de las m\u00e1s grandes del mundo.<\/p>\n<p>El \u00e1lbum todav\u00eda suena fresco y emocionante ahora para millones, y es por eso que todos quieren estar en los shows este verano.<\/p>\n<p>\u00a1Esperamos que esta revista pueda ayudarlo a recordar los buenos momentos que tuvo con Oasis y describir el primer show de reuni\u00f3n en Cardiff si no pod\u00eda estar all\u00ed!<\/p>\n<p>Orden Oasis: \u00bfCu\u00e1l es su historia? Desde la tienda Reach aqu\u00ed, para la entrega del lunes 14 de julio de 2025.<\/p>\n<\/div>\n\n","protected":false},"excerpt":{"rendered":"<p>Algunas palabras simples en las redes sociales el 27 de agosto en 2024 fueron suficientes para despertar el pandemonio entre los fan\u00e1ticos de Oasis y fueron el catalizador de los conciertos m\u00e1s esperados del Reino Unido de todos los tiempos. Esta revista especial no oficial, disponible para ordenar aqu\u00ed, marca la reuni\u00f3n y honra a &hellip;<\/p>\n","protected":false},"author":1,"featured_media":35378,"comment_status":"open","ping_status":"open","sticky":false,"template":"","format":"standard","meta":{"fifu_image_url":"https:\/\/cdn.images.express.co.uk\/img\/dynamic\/35\/1200x630\/6285271.jpg","fifu_image_alt":"","footnotes":""},"categories":[766],"tags":[],"class_list":["post-35377","post","type-post","status-publish","format-standard","has-post-thumbnail","","category-musica"],"_links":{"self":[{"href":"https:\/\/noticiasveraces.com\/index.php?rest_route=\/wp\/v2\/posts\/35377","targetHints":{"allow":["GET"]}}],"collection":[{"href":"https:\/\/noticiasveraces.com\/index.php?rest_route=\/wp\/v2\/posts"}],"about":[{"href":"https:\/\/noticiasveraces.com\/index.php?rest_route=\/wp\/v2\/types\/post"}],"author":[{"embeddable":true,"href":"https:\/\/noticiasveraces.com\/index.php?rest_route=\/wp\/v2\/users\/1"}],"replies":[{"embeddable":true,"href":"https:\/\/noticiasveraces.com\/index.php?rest_route=%2Fwp%2Fv2%2Fcomments&post=35377"}],"version-history":[{"count":0,"href":"https:\/\/noticiasveraces.com\/index.php?rest_route=\/wp\/v2\/posts\/35377\/revisions"}],"wp:featuredmedia":[{"embeddable":true,"href":"https:\/\/noticiasveraces.com\/index.php?rest_route=\/wp\/v2\/media\/35378"}],"wp:attachment":[{"href":"https:\/\/noticiasveraces.com\/index.php?rest_route=%2Fwp%2Fv2%2Fmedia&parent=35377"}],"wp:term":[{"taxonomy":"category","embeddable":true,"href":"https:\/\/noticiasveraces.com\/index.php?rest_route=%2Fwp%2Fv2%2Fcategories&post=35377"},{"taxonomy":"post_tag","embeddable":true,"href":"https:\/\/noticiasveraces.com\/index.php?rest_route=%2Fwp%2Fv2%2Ftags&post=35377"}],"curies":[{"name":"wp","href":"https:\/\/api.w.org\/{rel}","templated":true}]}}