{"id":35356,"date":"2025-07-10T11:33:07","date_gmt":"2025-07-10T15:33:07","guid":{"rendered":"https:\/\/noticiasveraces.com\/?p=35356"},"modified":"2025-07-10T11:33:07","modified_gmt":"2025-07-10T15:33:07","slug":"luis-diaz-asistio-a-misa-de-homenaje-a-diogo-jota-tras-criticas-emocion-y-lagrimas-colombianos-en-el-exterior","status":"publish","type":"post","link":"https:\/\/noticiasveraces.com\/?p=35356","title":{"rendered":"Luis D\u00edaz asisti\u00f3 a misa de homenaje a Diogo Jota tras cr\u00edticas: emoci\u00f3n y l\u00e1grimas | Colombianos en el Exterior"},"content":{"rendered":"<p> \n<br \/><img decoding=\"async\" src=\"https:\/\/www.futbolred.com\/files\/article_graphic\/uploads\/2025\/05\/11\/68210a8a7665d.jpeg\" \/><\/p>\n<div id=\"cuerpoArticulo\">\n<p class=\"texto intro\" id=\"p250570-m462-461-463\">Luis D\u00edaz finaliz\u00f3 sus vacaciones por Colombia y tuvo que presentarse en Liverpool para iniciar pretemporada, pero aprovechando que lleg\u00f3 a territorio europeo, el colombiano decidi\u00f3 viajar de manera sorpresiva a la misa de homenaje a Diogo Jota y su hermano Andr\u00e9 Silva.<\/p>\n<p class=\"texto contenido-parrafo-articulo\" id=\"p250570-m480-2-481\">Luego de las cr\u00edticas que desat\u00f3 su ausencia en el funeral de Jota tras el fat\u00eddico accidente de tr\u00e1nsito en su Lamborghini en Zamora, Espa\u00f1a, el colombiano no se habr\u00eda pronunciado, pero su viaje a Portugal a la misa de su excompa\u00f1ero y gran amigo calm\u00f3 un poco las aguas en los aficionados del Liverpool que se sintieron al verlo preferir estar en eventos privados con streamers. <\/p>\n<p>La iglesia parroquial de Gondomar en Portugal fue el lugar donde un buen aglomerado de personas decidieron asistir a la misa del s\u00e9ptimo d\u00eda en honor a Diogo Jota y Andr\u00e9 Silva, siendo Luis D\u00edaz, el arquero Alisson Becker, Jos\u00e9 S\u00e1, R\u00faben Neves, Diogo Costa, Jo\u00e3o M\u00e1rio, Andr\u00e9 Horta, Jorge Mendes, entre otros los que estuvieron presentes.<\/p>\n<p>Lo que m\u00e1s llam\u00f3 la atenci\u00f3n fue la actitud de Luis D\u00edaz, quien fue fotografiado en el evento y all\u00ed se mostr\u00f3 devastado, dejando ver l\u00e1grimas e impotencia por la perdida de un amigo.<\/p>\n<div id=\"p250570-m531-4-532\" class=\"\">\n<blockquote class=\"twitter-tweet\">\n<p lang=\"es\" dir=\"ltr\">La A Igreja Matriz de Gondomar acogi\u00f3 este mi\u00e9rcoles la misa de s\u00e9ptimo d\u00eda en memoria de los hermanos Diogo Jota y Andr\u00e9 Silva. Entre los asistentes se encontraba Luis D\u00edaz, que hab\u00eda sido objeto de cr\u00edticas por no haber asistido al funeral.<\/p>\n<p>Tambi\u00e9n Alisson, asisti\u00f3 a la misa,\u2026 <a href=\"https:\/\/t.co\/Vum56xofFO\">pic.twitter.com\/vum56xoffo<\/a><\/p>\n<p>\u2014 \ud83d\udd34 Esto Es Anfield #Liverpool (@estoesanfield_) <a href=\"https:\/\/twitter.com\/estoesanfield_\/status\/1943215794994720833?ref_src=twsrc%5Etfw\">10 de julio de 2025<\/a><\/p><\/blockquote><\/div>\n<p class=\"texto contenido-parrafo-articulo\" id=\"p250570-m537-5-538\">La imagen de Luis D\u00edaz bastante impactado por la muerte de Diogo Jota toc\u00f3 fibras y le dio la vuelta al mundo, dejando atr\u00e1s esas cr\u00edticas que seguro lo afectaron a nivel personal por ser tildado de mala persona al no estar en un momento tan dif\u00edcil para todo el equipo del Liverpool.<\/p>\n<p>Cabe recordar que todos recordaron que Diogo Jota le dedic\u00f3 un gol cuando su padre &#8216;Mane&#8217; D\u00edaz fue secuestrado y no haber estado presente en ese funeral gener\u00f3 un gran eco en todo el mundo, pero tras este homenaje en la misa, el colombiano puede haber saldado cuentas.<\/p>\n<p>Despu\u00e9s de ello, habr\u00e1 que esperar si Luis D\u00edaz contin\u00faa en Liverpool, debido a que hay una posible salida en la que Bayern M\u00fanich est\u00e1 ganando el pulso para hacerse con sus servicios.<\/p>\n<\/p><\/div>\n<p><script async src=\"https:\/\/platform.twitter.com\/widgets.js\" charset=\"utf-8\"><\/script><br \/>\n<br \/>\n","protected":false},"excerpt":{"rendered":"<p>Luis D\u00edaz finaliz\u00f3 sus vacaciones por Colombia y tuvo que presentarse en Liverpool para iniciar pretemporada, pero aprovechando que lleg\u00f3 a territorio europeo, el colombiano decidi\u00f3 viajar de manera sorpresiva a la misa de homenaje a Diogo Jota y su hermano Andr\u00e9 Silva. Luego de las cr\u00edticas que desat\u00f3 su ausencia en el funeral de &hellip;<\/p>\n","protected":false},"author":1,"featured_media":35358,"comment_status":"open","ping_status":"open","sticky":false,"template":"","format":"standard","meta":{"fifu_image_url":"https:\/\/www.futbolred.com\/files\/og_thumbnail\/uploads\/2025\/05\/11\/68210a8a7665d.jpeg","fifu_image_alt":"","footnotes":""},"categories":[6],"tags":[],"class_list":["post-35356","post","type-post","status-publish","format-standard","has-post-thumbnail","","category-deportes"],"_links":{"self":[{"href":"https:\/\/noticiasveraces.com\/index.php?rest_route=\/wp\/v2\/posts\/35356","targetHints":{"allow":["GET"]}}],"collection":[{"href":"https:\/\/noticiasveraces.com\/index.php?rest_route=\/wp\/v2\/posts"}],"about":[{"href":"https:\/\/noticiasveraces.com\/index.php?rest_route=\/wp\/v2\/types\/post"}],"author":[{"embeddable":true,"href":"https:\/\/noticiasveraces.com\/index.php?rest_route=\/wp\/v2\/users\/1"}],"replies":[{"embeddable":true,"href":"https:\/\/noticiasveraces.com\/index.php?rest_route=%2Fwp%2Fv2%2Fcomments&post=35356"}],"version-history":[{"count":0,"href":"https:\/\/noticiasveraces.com\/index.php?rest_route=\/wp\/v2\/posts\/35356\/revisions"}],"wp:featuredmedia":[{"embeddable":true,"href":"https:\/\/noticiasveraces.com\/index.php?rest_route=\/wp\/v2\/media\/35358"}],"wp:attachment":[{"href":"https:\/\/noticiasveraces.com\/index.php?rest_route=%2Fwp%2Fv2%2Fmedia&parent=35356"}],"wp:term":[{"taxonomy":"category","embeddable":true,"href":"https:\/\/noticiasveraces.com\/index.php?rest_route=%2Fwp%2Fv2%2Fcategories&post=35356"},{"taxonomy":"post_tag","embeddable":true,"href":"https:\/\/noticiasveraces.com\/index.php?rest_route=%2Fwp%2Fv2%2Ftags&post=35356"}],"curies":[{"name":"wp","href":"https:\/\/api.w.org\/{rel}","templated":true}]}}