{"id":35349,"date":"2025-07-10T09:43:29","date_gmt":"2025-07-10T13:43:29","guid":{"rendered":"https:\/\/noticiasveraces.com\/?p=35349"},"modified":"2025-07-10T09:43:29","modified_gmt":"2025-07-10T13:43:29","slug":"tribunal-descarta-discriminacion-a-atleta-hiperandrogena-dw-10-07-2025","status":"publish","type":"post","link":"https:\/\/noticiasveraces.com\/?p=35349","title":{"rendered":"Tribunal descarta discriminaci\u00f3n a atleta hiperandr\u00f3gena \u2013 DW \u2013 10\/07\/2025"},"content":{"rendered":"<p> \n<\/p>\n<div>\n<p>Suiza viol\u00f3 el derecho a un juicio justo de la atleta hiperandr\u00f3gena Caster Semenya, fall\u00f3 este jueves el Tribunal Europeo de Derechos Humanos (TEDH), sin pronunciarse sobre el tratamiento hormonal que le impone World Athletics para competir.<\/p>\n<p>El Alto Tribunal de Estrasburgo, sin embargo, no apreci\u00f3 que, como denunciaba Semenya, haya habido una violaci\u00f3n de su derecho a la privacidad ni a poder presentar un recurso judicial efectivo, ni tampoco que en lo relativo a la discriminaci\u00f3n de la que ella denunci\u00f3 ser objeto.<\/p>\n<p>La decisi\u00f3n del TEDH era muy esperada en el mundo del deporte, donde la cuesti\u00f3n del g\u00e9nero de las atletas sigue latente, como ocurri\u00f3 durante los Juegos Ol\u00edmpicos de Par\u00eds-2024 con la boxeadora argelina y\u00a0\u00a0campeona ol\u00edmpica Imane Khelif.<\/p>\n<p><span data-slot-id=\"Article_InContent-1\" class=\"rich-text-ad\"\/><\/p>\n<h2>Ausencia en competencias internacionales<\/h2>\n<p>Desde 2018, la doble campeona ol\u00edmpica sudafricana no participa en competencias internacionales y lucha en los tribunales contra el tratamiento hormonal para reducir su tasa de testosterona, que le impone la federaci\u00f3n mundial de atletismo para poder competir.<\/p>\n<p>La doble campeona ol\u00edmpica de los 800 metros (2012 y 2016) y triple campeona del mundo (2009, 2011 y 2017) produce de manera natural un exceso de hormonas masculinas (andr\u00f3genos), que pueden aumentar su masa muscular y mejorar su rendimiento.<\/p>\n<p>Sin embargo, World Athletics impone desde 2018 a las atletas hiperandr\u00f3genas reducir su tasa natural de testosterona con un tratamiento hormonal para participar en competiciones internacionales en categor\u00eda femenina. <\/p>\n<figure class=\"placeholder-image master_landscape big\"><img data-format=\"MASTER_LANDSCAPE\" data-id=\"73224757\" data-url=\"https:\/\/static.dw.com\/image\/73224757_${formatId}.jpg\" data-aspect-ratio=\"16\/9\" alt=\"Caster Semenya acudi\u00f3 a las audiencias relacionadas con su demanda en la que denunciaba discriminaci\u00f3n\" style=\"padding-bottom: 56.25%; height: 0; max-height: 0;\"\/><figcaption class=\"img-caption\">Caster Semenya acudi\u00f3 a las audiencias relacionadas con su demanda en la que denunciaba discriminaci\u00f3n<small class=\"copyright\">Imagen: Antonin Utz\/AP Photo\/Picture Allianceandonin Utz\/AP Photo\/Picture Alliance<\/small><\/figcaption><\/figure>\n<h2>Carsten Semenya se mostr\u00f3 satisfecha<\/h2>\n<p>Semenya rechaza esta regla que considera discriminatoria. Pero sus recursos ante el Tribunal Arbitral del Deporte (TAS, con sede en Lausana) y ante el Tribunal Supremo Federal de Suiza se saldaron con un jarro de agua fr\u00eda en 2019 y 2020.<\/p>\n<p>El tribunal helv\u00e9tico rechaz\u00f3 su recurso en nombre de la equidad en las competencias, al entender que una tasa de testosterona comparable a la de los hombres confiere a las atletas femeninas \u00abuna ventaja insuperable\u00bb.<\/p>\n<p>La sudafricana Caster Semenya, doble campeona ol\u00edmpica en los 800 metros, se mostr\u00f3 satisfecha con la sentencia definitiva del Tribunal Europeo de Derechos Humanos (TEDH), aunque no haya ratificado la discriminaci\u00f3n que s\u00ed se le hab\u00eda reconocido en una primera decisi\u00f3n del TEDH de 2023.<\/p>\n<p>\u00abHa sido un resultado positivo. Se trata de un aviso a los dirigentes de que la prioridad es la protecci\u00f3n de los deportistas\u00bb, declar\u00f3 este jueves ante los medios Semenya, quien acudi\u00f3 a Estrasburgo, sede del TEDH, acompa\u00f1ada por cuatro abogados, para escuchar la lectura de la decisi\u00f3n.<\/p>\n<p>(efe, apff\/el)<\/p>\n<\/p>\n<\/div>\n\n","protected":false},"excerpt":{"rendered":"<p>Suiza viol\u00f3 el derecho a un juicio justo de la atleta hiperandr\u00f3gena Caster Semenya, fall\u00f3 este jueves el Tribunal Europeo de Derechos Humanos (TEDH), sin pronunciarse sobre el tratamiento hormonal que le impone World Athletics para competir. El Alto Tribunal de Estrasburgo, sin embargo, no apreci\u00f3 que, como denunciaba Semenya, haya habido una violaci\u00f3n de &hellip;<\/p>\n","protected":false},"author":1,"featured_media":35350,"comment_status":"open","ping_status":"open","sticky":false,"template":"","format":"standard","meta":{"fifu_image_url":"https:\/\/static.dw.com\/image\/66190078_6.jpg","fifu_image_alt":"","footnotes":""},"categories":[13],"tags":[],"class_list":["post-35349","post","type-post","status-publish","format-standard","has-post-thumbnail","","category-mundo"],"_links":{"self":[{"href":"https:\/\/noticiasveraces.com\/index.php?rest_route=\/wp\/v2\/posts\/35349","targetHints":{"allow":["GET"]}}],"collection":[{"href":"https:\/\/noticiasveraces.com\/index.php?rest_route=\/wp\/v2\/posts"}],"about":[{"href":"https:\/\/noticiasveraces.com\/index.php?rest_route=\/wp\/v2\/types\/post"}],"author":[{"embeddable":true,"href":"https:\/\/noticiasveraces.com\/index.php?rest_route=\/wp\/v2\/users\/1"}],"replies":[{"embeddable":true,"href":"https:\/\/noticiasveraces.com\/index.php?rest_route=%2Fwp%2Fv2%2Fcomments&post=35349"}],"version-history":[{"count":0,"href":"https:\/\/noticiasveraces.com\/index.php?rest_route=\/wp\/v2\/posts\/35349\/revisions"}],"wp:featuredmedia":[{"embeddable":true,"href":"https:\/\/noticiasveraces.com\/index.php?rest_route=\/wp\/v2\/media\/35350"}],"wp:attachment":[{"href":"https:\/\/noticiasveraces.com\/index.php?rest_route=%2Fwp%2Fv2%2Fmedia&parent=35349"}],"wp:term":[{"taxonomy":"category","embeddable":true,"href":"https:\/\/noticiasveraces.com\/index.php?rest_route=%2Fwp%2Fv2%2Fcategories&post=35349"},{"taxonomy":"post_tag","embeddable":true,"href":"https:\/\/noticiasveraces.com\/index.php?rest_route=%2Fwp%2Fv2%2Ftags&post=35349"}],"curies":[{"name":"wp","href":"https:\/\/api.w.org\/{rel}","templated":true}]}}