{"id":35340,"date":"2025-07-10T07:46:09","date_gmt":"2025-07-10T11:46:09","guid":{"rendered":"https:\/\/noticiasveraces.com\/?p=35340"},"modified":"2025-07-10T07:46:09","modified_gmt":"2025-07-10T11:46:09","slug":"inteligencia-artificial-ia-y-declaraciones-responsables-mas-corrupcion-clima-y-medio-ambiente","status":"publish","type":"post","link":"https:\/\/noticiasveraces.com\/?p=35340","title":{"rendered":"Inteligencia Artificial (IA) y declaraciones responsables: \u00bfM\u00e1s corrupci\u00f3n? | Clima y Medio Ambiente"},"content":{"rendered":"<p> \n<br \/><img decoding=\"async\" src=\"https:\/\/imagenes.elpais.com\/resizer\/v2\/MBYP5XP3BVD7YG25CZHZY6U3VU.jpg?auth=885d6b8a39b8091aa17f94eb51d0eae6c3d320ab063bf7cadab295255595e048\" \/><\/p>\n<div data-dtm-region=\"articulo_cuerpo\">\n<p class=\"\">Aunque parezca raro, lo cierto es que se ha conseguido poner cierto orden en el tema de urbanismo y ordenaci\u00f3n del territorio en Espa\u00f1a, despu\u00e9s de muchos a\u00f1os de trabajo en la materia y de resoluciones de diferente tipo (judiciales, administrativas&#8230;) buscando evitar desvar\u00edos al respecto. Tambi\u00e9n es cierto que un amplio sector social se ha percatado de los graves problemas que implica esta materia y de las injusticias que conlleva. Me sorprende que se haya hablado tan poco en este pa\u00eds del <i>Informe en Euken<\/i>del Parlamento Europeo, que, en su momento, puso de relieve la existencia de una situaci\u00f3n kafkiana en Espa\u00f1a por los abusos cometidos contra los extranjeros que adquir\u00edan vivienda en nuestro pa\u00eds y que determin\u00f3 importantes novedades con ocasi\u00f3n de la reforma del C\u00f3digo Penal de 2015. En cualquier caso, el informe est\u00e1 ah\u00ed, pero el problema reside, sobre todo, en la poca memoria que, intencionalmente, tenemos cuando se trata de cosas que no convienen o que no interesan. <\/p>\n<p class=\"\">Ahora, sin embargo, las novedades afloran y las perspectivas cambian, aunque la base del problema sigue existiendo, dado que el turismo sigue exigiendo m\u00e1s habit\u00e1culos, igual que las generaciones m\u00e1s j\u00f3venes, lo cual determina la b\u00fasqueda de nuevas soluciones. Y una de ellas \u2014no la \u00fanica\u2014, son las declaraciones responsables. A medida que el tiempo avanza veo m\u00e1s problemas y menos sensatez a la hora de proceder a su aplicaci\u00f3n. Pero si, adem\u00e1s, hacemos uso de la Inteligencia Artificial, la cosa se complica. Es sabido que la IA consiste en la simulaci\u00f3n de la inteligencia humana en m\u00e1quinas que est\u00e1n programadas para pensar y actuar como seres humanos. Hasta ah\u00ed, perfectamente. La cuesti\u00f3n que inmediatamente aflora es \u00bfen qu\u00e9 estamos pensando los seres humanos? \u00bftenemos presente la legalidad a ultranza, como debiera ser? \u00bfO, como ocurre con frecuencia, lo que se busca es la conveniencia y la oportunidad, en l\u00ednea con el <i>modo de operaci\u00f3n<\/i> de la corrupci\u00f3n? <\/p>\n<p class=\"\">Veamos c\u00f3mo est\u00e1n las cosas. Las declaraciones responsables constituyen una instituci\u00f3n que permite prescindir, por ejemplo, de la correspondiente licencia, en supuestos en los que la licencia, como forma de control, ser\u00eda obligatoria. A su vez, en una de las m\u00faltiples vistas creadas con IA, que pululan en las redes y por el mundo inform\u00e1tico, se se\u00f1ala que \u201clas declaraciones responsables ofrecen ventajas como la rapidez y agilidad en el inicio de actividades, simplificaci\u00f3n administrativa y reducci\u00f3n de costos\u201d, lo cual es absolutamente cierto. Pero tambi\u00e9n se indica que todo esto implica riesgos. El primero de los riesgos que se subraya en las redes es que \u201csi la informaci\u00f3n declarada es falsa o se incumple la normativa, pueden imponerse sanciones administrativas, civiles o, incluso, penales.\u201d Lo que no se menciona, sin embargo, son las diferentes posibilidades relacionadas con la corrupci\u00f3n.<\/p>\n<p class=\"\">El problema radica en que el planteamiento que se hace no deber\u00eda de ser considerado como un simple riesgo, como consecuencia de haber aportado informaci\u00f3n falsa y del que uno puede escapar si decide asumir el riesgo en cuesti\u00f3n. Insisto, no es un riesgo, sino un verdadero delito, de cumplirse las condiciones que establece el C\u00f3digo Penal en materia de falsedades, o incluso otro tipo de supuestos, como la corrupci\u00f3n. Sin embargo, la forma en la que se expone el problema parte de que se trata de un simple riesgo, que uno puede asumir o no, y luego, que Dios reparta suerte. Sinceramente, creo que se est\u00e1n desvirtuando los principios esenciales que deben de regular la conducta correcta de los seres humanos. Ser\u00eda algo as\u00ed como si estuvi\u00e9ramos diciendo: \u201cmire, robe usted, si bien, con esa esa conducta, corre el riesgo de que lo descubran, lo cual constituye un serio inconveniente, porque podr\u00eda acabar en la c\u00e1rcel\u201d.<\/p>\n<p class=\"\">Creo que lo l\u00f3gico ser\u00eda proceder de una manera ordenada y sensata a la hora de afrontar este tipo de problemas novedosos. Lo que vemos, sin embargo, es que determinados sectores ven oportunidades que creen que hay que explotar, que, adem\u00e1s, el tiempo corre y, sin embargo, esa velocidad mal entendida puede llevar a situaciones, como la descrita, en temas en los que es f\u00e1cil cometer serios dislates. <\/p>\n<p class=\"\">Todo ello sin olvidar que las declaraciones responsables se est\u00e1n llevando al complicado mundo urban\u00edstico, en el que dudo que debieran estar, porque adem\u00e1s son parad\u00f3jicas y hasta contradictorias con el concepto de silencio administrativo negativo, propio de la tem\u00e1tica ambiental. Es decir, se est\u00e1 entrando en un terreno altamente cenagoso, por as\u00ed decirlo, y la incipiente experiencia ya est\u00e1 empezando a demostrarlo. <\/p>\n<aside class=\"a_np\">\n<p><strong>Antonio Vercher nogal<\/strong> es fiscal de Sala de Medio Ambiente y Urbanismo. <\/p>\n<\/aside>\n<\/div>\n\n","protected":false},"excerpt":{"rendered":"<p>Aunque parezca raro, lo cierto es que se ha conseguido poner cierto orden en el tema de urbanismo y ordenaci\u00f3n del territorio en Espa\u00f1a, despu\u00e9s de muchos a\u00f1os de trabajo en la materia y de resoluciones de diferente tipo (judiciales, administrativas&#8230;) buscando evitar desvar\u00edos al respecto. Tambi\u00e9n es cierto que un amplio sector social se &hellip;<\/p>\n","protected":false},"author":1,"featured_media":35342,"comment_status":"open","ping_status":"open","sticky":false,"template":"","format":"standard","meta":{"fifu_image_url":"https:\/\/imagenes.elpais.com\/resizer\/v2\/MBYP5XP3BVD7YG25CZHZY6U3VU.jpg?auth=885d6b8a39b8091aa17f94eb51d0eae6c3d320ab063bf7cadab295255595e048&width=1200","fifu_image_alt":"","footnotes":""},"categories":[11],"tags":[],"class_list":["post-35340","post","type-post","status-publish","format-standard","has-post-thumbnail","","category-viaje"],"_links":{"self":[{"href":"https:\/\/noticiasveraces.com\/index.php?rest_route=\/wp\/v2\/posts\/35340","targetHints":{"allow":["GET"]}}],"collection":[{"href":"https:\/\/noticiasveraces.com\/index.php?rest_route=\/wp\/v2\/posts"}],"about":[{"href":"https:\/\/noticiasveraces.com\/index.php?rest_route=\/wp\/v2\/types\/post"}],"author":[{"embeddable":true,"href":"https:\/\/noticiasveraces.com\/index.php?rest_route=\/wp\/v2\/users\/1"}],"replies":[{"embeddable":true,"href":"https:\/\/noticiasveraces.com\/index.php?rest_route=%2Fwp%2Fv2%2Fcomments&post=35340"}],"version-history":[{"count":0,"href":"https:\/\/noticiasveraces.com\/index.php?rest_route=\/wp\/v2\/posts\/35340\/revisions"}],"wp:featuredmedia":[{"embeddable":true,"href":"https:\/\/noticiasveraces.com\/index.php?rest_route=\/wp\/v2\/media\/35342"}],"wp:attachment":[{"href":"https:\/\/noticiasveraces.com\/index.php?rest_route=%2Fwp%2Fv2%2Fmedia&parent=35340"}],"wp:term":[{"taxonomy":"category","embeddable":true,"href":"https:\/\/noticiasveraces.com\/index.php?rest_route=%2Fwp%2Fv2%2Fcategories&post=35340"},{"taxonomy":"post_tag","embeddable":true,"href":"https:\/\/noticiasveraces.com\/index.php?rest_route=%2Fwp%2Fv2%2Ftags&post=35340"}],"curies":[{"name":"wp","href":"https:\/\/api.w.org\/{rel}","templated":true}]}}