{"id":35319,"date":"2025-07-10T05:50:15","date_gmt":"2025-07-10T09:50:15","guid":{"rendered":"https:\/\/noticiasveraces.com\/?p=35319"},"modified":"2025-07-10T05:50:15","modified_gmt":"2025-07-10T09:50:15","slug":"superman-o-superwoke-los-criticos-de-derecha-de-la-nueva-pelicula-de-dc-dicen-que-este-ultimo","status":"publish","type":"post","link":"https:\/\/noticiasveraces.com\/?p=35319","title":{"rendered":"Superman o &#8216;Superwoke&#8217;? Los cr\u00edticos de derecha de la nueva pel\u00edcula de DC dicen que este \u00faltimo"},"content":{"rendered":"<p> \n<\/p>\n<div>\n<p id=\"anchor-26fa79\" class=\"body-graf\">Superman lleg\u00f3 a la Tierra un refugiado de un mundo moribundo, adoptado por agricultores en el coraz\u00f3n estadounidense. Pero a medida que el hombre de acero aterriza en los cines con un nuevo reinicio este fin de semana, algunos cr\u00edticos conservadores est\u00e1n en desacuerdo con la saga de superh\u00e9roes enmarcada como la historia de un inmigrante.<\/p>\n<p id=\"anchor-a460e2\" class=\"body-graf\">La indignaci\u00f3n, principalmente de los comentaristas de la derecha, comenz\u00f3 a filtrarse en la \u00faltima semana, antes de que muchos hubieran visto la pel\u00edcula. La cr\u00edtica se centra en los comentarios recientes hechos por el director James Gunn, quien subray\u00f3 c\u00f3mo la identidad de inmigrantes de Superman se entrelaza en la historia de la pel\u00edcula. <\/p>\n<p id=\"anchor-907982\" class=\"body-graf\">\u00abQuiero decir, Superman es la historia de Am\u00e9rica\u00bb, dijo Gunn al peri\u00f3dico Times of London en una entrevista publicada la semana pasada. \u00abUn inmigrante que vino de otros lugares y pobl\u00f3 el pa\u00eds. Pero para m\u00ed es principalmente una historia que dice que la amabilidad humana b\u00e1sica es un valor y es algo que hemos perdido\u00bb.<\/p>\n<p id=\"anchor-90ef97\" class=\"body-graf\">Desde entonces, Gunn ha repetido estribos similares durante la gira de prensa de la pel\u00edcula, alimentando los sentimientos de los cr\u00edticos que dicen que ha politizado innecesariamente al superh\u00e9roe. <\/p>\n<p id=\"anchor-8d7668\" class=\"body-graf\">Hist\u00f3ricamente, los c\u00f3mics de los superh\u00e9roes no han rehuido los temas pol\u00edticos: el Capit\u00e1n Am\u00e9rica, por ejemplo, golpe\u00f3 a Adolf Hitler en una portada c\u00f3mica de 1941, y Superman luch\u00f3 contra el Ku Klux Klan en una transmisi\u00f3n de radio de 1946.<\/p>\n<figure class=\"styles_inlineImage__FvnTh styles_medium__MEKii\" id=\"anchor-42525e\"><picture class=\"styles_image__i32F7\" data-testid=\"picture\"><source media=\"(min-width: 1000px)\" srcset=\"https:\/\/media-cldnry.s-nbcnews.com\/image\/upload\/t_fit-560w,f_avif,q_auto:eco,dpr_2\/rockcms\/2024-12\/241219-superman-ch-1409-058eb8.jpg 2x, https:\/\/media-cldnry.s-nbcnews.com\/image\/upload\/t_fit-560w,f_auto,q_auto:best\/rockcms\/2024-12\/241219-superman-ch-1409-058eb8.jpg 1x\"\/><source media=\"(min-width: 320px)\" srcset=\"https:\/\/media-cldnry.s-nbcnews.com\/image\/upload\/t_fit-760w,f_avif,q_auto:eco,dpr_2\/rockcms\/2024-12\/241219-superman-ch-1409-058eb8.jpg 2x, https:\/\/media-cldnry.s-nbcnews.com\/image\/upload\/t_fit-760w,f_auto,q_auto:best\/rockcms\/2024-12\/241219-superman-ch-1409-058eb8.jpg 1x\"\/><img decoding=\"async\" loading=\"lazy\" src=\"https:\/\/media-cldnry.s-nbcnews.com\/image\/upload\/t_fit-760w,f_auto,q_auto:best\/rockcms\/2024-12\/241219-superman-ch-1409-058eb8.jpg\" alt=\"P\u00f3ster de Superman.\" height=\"1667\" width=\"2500\"\/><\/picture><figcaption class=\"caption styles_caption__TCewG\" data-testid=\"caption\"><span class=\"caption__container\" data-testid=\"caption__container\">La nueva pel\u00edcula de \u00abSuperman\u00bb debuta el viernes en los cines en todo el pa\u00eds.<\/span><span class=\"caption__source\" data-testid=\"caption__source\">Alon Amir \/ Warner Bros.<\/span><\/figcaption><\/figure>\n<p id=\"anchor-4d538c\" class=\"body-graf\">Pero la nueva entrega de \u00abSuperman\u00bb, que est\u00e1 siendo lanzada por Warner Bros., se ha convertido en la \u00faltima pel\u00edcula de superh\u00e9roes en convertirse en un punto de vista pol\u00edtico para los comentaristas que han criticado p\u00fablicamente a Hollywood por su liberalismo percibido.<\/p>\n<p id=\"anchor-04c45c\" class=\"body-graf\">A principios de este a\u00f1o, algunos fan\u00e1ticos amenazaron con boicotear \u00abCapit\u00e1n Am\u00e9rica: Brave New World\u00bb sobre los comentarios hechos por Anthony Mackie, el primer hombre negro en interpretar al Capit\u00e1n Am\u00e9rica, sobre la identidad de los superh\u00e9roes. <\/p>\n<p id=\"anchor-455e47\" class=\"body-graf\">Despu\u00e9s de los comentarios recientes de Gunn, la popular cuenta X \u00abEnd Wokeness\u00bb declar\u00f3 en una publicaci\u00f3n, \u00abHollywood literalmente nunca aprende\u00bb. Y en un segmento de lunes, Fox News etiquet\u00f3 la pel\u00edcula \u00abSuperwoke\u00bb. La pancarta del segmento dec\u00eda: \u00abPel\u00edcula ic\u00f3nica de h\u00e9roes para abrazar los temas pro inmigrantes\u00bb.<\/p>\n<p id=\"anchor-b19803\" class=\"body-graf\">\u00ab\u00bfSabes lo que dice en su Cabo? MS-13\u00bb, brome\u00f3 la presentadora de Fox News Jessie Watters, refiri\u00e9ndose a la pandilla criminal internacional que la administraci\u00f3n del presidente Donald Trump afirma que est\u00e1 apuntando a sus redadas de inmigraci\u00f3n.<\/p>\n<p id=\"anchor-17a545\" class=\"body-graf\">Otro anfitri\u00f3n de Fox, Greg Gutfeld, acus\u00f3 a Gunn de tratar de crear un \u00abfoso de una opini\u00f3n despertada e iluminada a su alrededor\u00bb despu\u00e9s de haber sido \u00abcancelado\u00bb y disparado desde Disney como resultado de tweets resurgidos que contienen chistes de pedofilia.<\/p>\n<p id=\"anchor-d34384\" class=\"body-graf\">La colaboradora de Fox News, Kellyanne Conway, una ex asistente de Trump, se ocup\u00f3 de manera similar con \u00abSuperman\u00bb, citando una entrevista reciente de \u00abSunday Morning\u00bb de CBS News con la estrella David Corenswet en la que el actor no mencion\u00f3 la palabra \u00abestadounidense\u00bb al referirse al eslogan de \u00abVerdad, Justicia y la manera estadounidense\u00bb de Superman \u00ab. <\/p>\n<p id=\"anchor-762525\" class=\"body-graf\">\u00abNo puedo creer que hayamos bajado a eso\u00bb, dijo Conway. \u00abNo vamos al cine para ser conferencias y para que alguien arroje su ideolog\u00eda sobre nosotros\u00bb, dijo en el aire, especulando si la pel\u00edcula \u00abser\u00eda exitosa\u00bb.<\/p>\n<p id=\"anchor-db8618\" class=\"body-graf\">Los representantes de Corenswet no respondieron de inmediato a una solicitud de comentarios. <\/p>\n<p id=\"anchor-4ee153\" class=\"body-graf\">La nueva pel\u00edcula, que tambi\u00e9n est\u00e1 protagonizada por Rachel Brosnahan como Lois Lane y Nicholas Hoult como Lex Luthor, ha sido certificada fresca en Rotten Tomatoes a medida que avanzaban las calificaciones tempranas.   <\/p>\n<p id=\"anchor-896b43\" class=\"body-graf\">Es un lanzamiento fundamental para Warner Bros., ya que llega despu\u00e9s de la noticia de que su empresa matriz, Warner Bros. Discovery, planea dividirse en dos empresas p\u00fablicas. El estudio tiene muchas cosas financieras en \u00abSuperman\u00bb, que, seg\u00fan los informes, ten\u00eda $ 363.8 millones<strong> <\/strong>presupuesto. El estudio tambi\u00e9n est\u00e1 operando en un entorno pol\u00edtico sobrealimentado a medida que Trump presiona a las organizaciones de medios para que acepte sus demandas, acus\u00e1ndolas de sesgo pol\u00edtico.<\/p>\n<p id=\"anchor-70b940\" class=\"body-graf\">Un representante de Warner Bros. no respondi\u00f3 de inmediato a una solicitud de comentarios.<\/p>\n<p id=\"anchor-d5cd37\" class=\"body-graf\">En la entrevista del Times, Gunn admiti\u00f3 que la pel\u00edcula trata sobre pol\u00edtica, pero agreg\u00f3 que tambi\u00e9n es \u00absobre la bondad humana\u00bb.<\/p>\n<p id=\"anchor-6031d0\" class=\"body-graf\">\u00abEste Superman parece llegar en un momento particular cuando las personas sienten una p\u00e9rdida de esperanza en la bondad de otras personas\u00bb, agreg\u00f3 Gunn. \u00abEstoy contando una historia sobre un tipo que es \u00fanico, y que se siente necesario ahora porque hay una mezquindad que ha surgido debido a que las cifras culturales son malas en l\u00ednea\u00bb.<\/p>\n<p id=\"anchor-0caace\" class=\"body-graf\">Los fan\u00e1ticos como Jack Deegan, que dirige un canal de YouTube sobre los c\u00f3mics y sus adaptaciones cinematogr\u00e1ficas, dijeron que los elementos pol\u00edticos de la historia de Superman han sido claros desde el principio: es un alien\u00edgena que creci\u00f3 en Kansas como refugiado despu\u00e9s de ingresar ilegalmente a los Estados Unidos.<\/p>\n<p id=\"anchor-122eb9\" class=\"body-graf\">\u00abEs un elemento fundamental tan n\u00facleo de su personaje que siento que tendr\u00edas que leerlo completamente incorrectamente para perder el punto de qui\u00e9n es Superman, ni siquiera notar el hecho de que tiene todos estos temas vinculados a su historia de origen\u00bb, dijo Deegan.<\/p>\n<p id=\"anchor-f72769\" class=\"body-graf\">En l\u00ednea, los fan\u00e1ticos del superh\u00e9roe tambi\u00e9n expresaron la incredulidad de que los cr\u00edticos ya no sab\u00edan que era un inmigrante. Muchos se\u00f1alaron que Superman siempre ha sido pol\u00edtico, y que la serie c\u00f3mica tambi\u00e9n fue creada por hijos de inmigrantes jud\u00edos en 1938, ya que la Alemania nazi de Hitler persegu\u00eda a los jud\u00edos.<\/p>\n<p id=\"anchor-37ad7c\" class=\"body-graf\">Deegan dijo que es \u00abextra\u00f1o\u00bb ver la controversia que surgi\u00f3 en torno a la pol\u00edtica supuestamente \u00abdespertada\u00bb de Superman cuando el personaje ha sido descrito en los c\u00f3mics como un \u00abcampe\u00f3n de los oprimidos\u00bb, a menudo lucha contra la corrupci\u00f3n y por la clase trabajadora. Su arqueemis principal es Lex Luthor, un multimillonario obsesionado con el poder.<\/p>\n<p id=\"anchor-bfde89\" class=\"body-graf\">Deegan se\u00f1al\u00f3 que muchas adaptaciones pasadas del superh\u00e9roe de DC Comics han explorado temas pol\u00edticos. En \u00abSuperman IV: The Quest for Peace de 1987, el h\u00e9roe asumi\u00f3 la proliferaci\u00f3n nuclear, por ejemplo. Algunos incluyeron historias que involucran el estado de inmigraci\u00f3n de Superman como un punto de trama directo.<\/p>\n<p id=\"anchor-5593bb\" class=\"body-graf\">La serie de televisi\u00f3n \u00abSmallville\u00bb, que se emiti\u00f3 de 2001 a 2011 en WB y luego CW, se centra en el adolescente Clark Kent (Tom Welling) en su ciudad natal ficticia. En el sexto episodio de la primera temporada, Clark rescata a otro inmigrante indocumentado, Javier, de la polic\u00eda. <\/p>\n<p id=\"anchor-5bad5a\" class=\"body-graf\">\u00ab\u00bfFue legal cuando forjaste mis documentos de adopci\u00f3n?\u00bb Clark responde cuando su madre se niega a albergar ilegalmente a Javier en un clip que ha sido recirculado en las redes sociales. \u00abSoy una inmigrante ilegal, mam\u00e1. Me has estado albergando durante m\u00e1s de 17 a\u00f1os\u00bb.<\/p>\n<p id=\"anchor-349d05\" class=\"body-graf\">En un n\u00famero de la serie de c\u00f3mics original de Superman, Superman defiende a un grupo de inmigrantes indocumentados de un crimen de odio cuando un hombre les abre fuego, acus\u00e1ndolos de robar su trabajo. Y en la reciente adaptaci\u00f3n c\u00f3mica \u00abAbsolute Superman\u00bb, la experiencia de inmigrantes de Superman es fundamental para la historia, ya que vive entre otros trabajadores inmigrantes, sin estado.<\/p>\n<p id=\"anchor-89979c\" class=\"body-graf\">En el estreno de la alfombra roja de la pel\u00edcula en Los \u00c1ngeles el lunes, Gunn respondi\u00f3 a la creciente reacci\u00f3n violenta de los comentaristas de derecha, dici\u00e9ndole a Variety que no tiene \u00abnada que decirle a nadie\u00bb que difunde la negatividad en la pel\u00edcula.<\/p>\n<p id=\"anchor-0cd41c\" class=\"body-graf\">Nathan Fillion, quien interpreta la linterna verde en \u00abSuperman\u00bb de Gunn, tambi\u00e9n se ri\u00f3 cuando Variety le pidi\u00f3 su respuesta.<\/p>\n<p id=\"anchor-0a3687\" class=\"body-graf\">\u00abAw, alguien necesita un abrazo\u00bb, dijo Fillion a la publicaci\u00f3n. \u00abEs solo una pel\u00edcula, muchachos. Es solo una pel\u00edcula\u00bb.<\/p>\n<p id=\"anchor-0945b7\" class=\"body-graf\">El hermano de James Gunn, Sean Gunn, quien interpreta al magnate de negocios del supervillano Maxwell Lord, dijo que Superman es un inmigrante \u00abes exactamente de lo que se trata la pel\u00edcula, creo: que apoyamos a nuestra gente, \u00bfsabes? AMOS a nuestros inmigrantes\u00bb.<\/p>\n<p id=\"anchor-1b98c0\" class=\"endmark body-graf\">\u00abS\u00ed, Superman es un inmigrante, y s\u00ed, las personas que apoyamos en este pa\u00eds son inmigrantes y si no te gusta, entonces no eres estadounidense\u00bb, dijo Gunn a Variety en el estreno. \u00abLas personas que dicen no a los inmigrantes est\u00e1n en contra de la manera estadounidense. Est\u00e1n en contra de lo que se trata el sue\u00f1o americano\u00bb.<\/p>\n<\/div>\n\n","protected":false},"excerpt":{"rendered":"<p>Superman lleg\u00f3 a la Tierra un refugiado de un mundo moribundo, adoptado por agricultores en el coraz\u00f3n estadounidense. Pero a medida que el hombre de acero aterriza en los cines con un nuevo reinicio este fin de semana, algunos cr\u00edticos conservadores est\u00e1n en desacuerdo con la saga de superh\u00e9roes enmarcada como la historia de un &hellip;<\/p>\n","protected":false},"author":1,"featured_media":35321,"comment_status":"open","ping_status":"open","sticky":false,"template":"","format":"standard","meta":{"fifu_image_url":"https:\/\/media-cldnry.s-nbcnews.com\/image\/upload\/t_nbcnews-fp-1200-630,f_auto,q_auto:best\/rockcms\/2024-12\/241219-superman-ch-1409-058eb8.jpg","fifu_image_alt":"","footnotes":""},"categories":[4],"tags":[],"class_list":["post-35319","post","type-post","status-publish","format-standard","has-post-thumbnail","","category-historias-destacadas"],"_links":{"self":[{"href":"https:\/\/noticiasveraces.com\/index.php?rest_route=\/wp\/v2\/posts\/35319","targetHints":{"allow":["GET"]}}],"collection":[{"href":"https:\/\/noticiasveraces.com\/index.php?rest_route=\/wp\/v2\/posts"}],"about":[{"href":"https:\/\/noticiasveraces.com\/index.php?rest_route=\/wp\/v2\/types\/post"}],"author":[{"embeddable":true,"href":"https:\/\/noticiasveraces.com\/index.php?rest_route=\/wp\/v2\/users\/1"}],"replies":[{"embeddable":true,"href":"https:\/\/noticiasveraces.com\/index.php?rest_route=%2Fwp%2Fv2%2Fcomments&post=35319"}],"version-history":[{"count":0,"href":"https:\/\/noticiasveraces.com\/index.php?rest_route=\/wp\/v2\/posts\/35319\/revisions"}],"wp:featuredmedia":[{"embeddable":true,"href":"https:\/\/noticiasveraces.com\/index.php?rest_route=\/wp\/v2\/media\/35321"}],"wp:attachment":[{"href":"https:\/\/noticiasveraces.com\/index.php?rest_route=%2Fwp%2Fv2%2Fmedia&parent=35319"}],"wp:term":[{"taxonomy":"category","embeddable":true,"href":"https:\/\/noticiasveraces.com\/index.php?rest_route=%2Fwp%2Fv2%2Fcategories&post=35319"},{"taxonomy":"post_tag","embeddable":true,"href":"https:\/\/noticiasveraces.com\/index.php?rest_route=%2Fwp%2Fv2%2Ftags&post=35319"}],"curies":[{"name":"wp","href":"https:\/\/api.w.org\/{rel}","templated":true}]}}