{"id":35307,"date":"2025-07-10T03:34:51","date_gmt":"2025-07-10T07:34:51","guid":{"rendered":"https:\/\/noticiasveraces.com\/?p=35307"},"modified":"2025-07-10T03:34:51","modified_gmt":"2025-07-10T07:34:51","slug":"arrestan-de-nuevo-al-expresidente-surcoreano-yoon-dw-10-07-2025","status":"publish","type":"post","link":"https:\/\/noticiasveraces.com\/?p=35307","title":{"rendered":"Arrestan de nuevo al expresidente surcoreano Yoon \u2013 DW \u2013 10\/07\/2025"},"content":{"rendered":"<p> \n<\/p>\n<div>\n<p>El expresidente surcoreano Yoon Suk-yeol fue puesto bajo custodia policial este jueves (10.07.2025) por segunda vez por varios cargos relacionados con el antes y el despu\u00e9s de su fallido intento de imponer la ley marcial en el pa\u00eds el pasado mes de diciembre.<\/p>\n<p>El juez Nam Se-jin, del Tribunal del Distrito Central de Se\u00fal, emiti\u00f3 de madrugada una orden de arresto contra el exmandatario, solicitada por el fiscal especial Cho Eun-suk, alegando preocupaci\u00f3n de que pudiera destruir pruebas vinculadas a su procesamiento penal.<\/p>\n<p>El equipo de la Fiscal\u00eda liderado por Cho solicit\u00f3 la orden de detenci\u00f3n por cinco cargos: obstrucci\u00f3n especial de deberes oficiales, violaci\u00f3n de la ley del Servicio de Seguridad Presidencial (SSP), abuso de autoridad para obstruir derechos, falsificaci\u00f3n de documentos oficiales y destrucci\u00f3n o manipulaci\u00f3n de registros p\u00fablicos.<\/p>\n<p>Yoon y sus abogados asistieron en la v\u00edspera a la audiencia por la petici\u00f3n y rechazaron todas las acusaciones, antes de que el expresidente fuera trasladado al Centro de Detenci\u00f3n de Se\u00fal, en Uiwang, al sur de la capital, donde estuvo esperando al fallo y ser\u00eda posteriormente puesto bajo custodia de las autoridades.<\/p>\n<p>Es la segunda vez que Yoon es detenido. Su primer encarcelamiento se produjo el pasado enero, cuando ya estaba suspendido de sus funciones como presidente tras su &#8216;impeachment&#8217; por parte del Parlamento, pero antes de ser destituido oficialmente.<\/p>\n<p>Yoon fue destituido en abril al declararse inconstitucional su decreto de estado de excepci\u00f3n. Seg\u00fan la investigaci\u00f3n dirigida por Cho, Yoon trat\u00f3 de legitimar esa acci\u00f3n mediante una serie de decisiones y maniobras que sustentan el arresto. <\/p>\n<p><span data-slot-id=\"Article_InContent-1\" class=\"rich-text-ad\"\/><\/p>\n<h2>La primera acusaci\u00f3n<\/h2>\n<p>Entre las acusaciones m\u00e1s relevantes figura la manera en que Yoon convoc\u00f3 y condujo la reuni\u00f3n de Gabinete previa a la declaraci\u00f3n de la ley marcial.<\/p>\n<p>Seg\u00fan los fiscales, el 3 de diciembre de 2024 cit\u00f3 \u00fanicamente a 10 de los 19 ministros del Gabinete, todos considerados leales a su causa, excluyendo deliberadamente a los restantes para impedir que pudieran oponerse o cuestionar su decisi\u00f3n.<\/p>\n<p>La reuni\u00f3n dur\u00f3 menos de cinco minutos y fue presentada como un tr\u00e1mite formal para legitimar su proclamaci\u00f3n del estado de excepci\u00f3n, pese a que la Constituci\u00f3n exige deliberaci\u00f3n plena del Gabinete.<\/p>\n<p>Posteriormente, un funcionario presidencial, tambi\u00e9n imputado en la investigaci\u00f3n, habr\u00eda falsificado las actas para aparentar que la reuni\u00f3n dur\u00f3 40 minutos y se realiz\u00f3 con mayor participaci\u00f3n y debate del que realmente hubo.<\/p>\n<p>Asimismo, Yoon habr\u00eda instruido a su portavoz para medios extranjeros difundir declaraciones falsas de que el decreto de ley marcial no violaba el orden constitucional y que los legisladores no hab\u00edan sido restringidos para entrar a la Asamblea Nacional y votar por la suspensi\u00f3n del estado de emergencia.<\/p>\n<p>Otras acusaciones detallan que Yoon dijo en enero a su personal de seguridad que desenfundaran sus armas en caso de un intento de detenci\u00f3n en su contra para intimidar a los agentes.<\/p>\n<p>Tambi\u00e9n se le imputa haber ordenado al entonces subjefe del SSP la eliminaci\u00f3n de los registros de canales cifrados usados por militares implicados y, adicionalmente, se se\u00f1ala que se redactaron documentos antedatados para dar apariencia de legalidad a la ley marcial, los cuales luego fueron destruidos.<\/p>\n<p>MG (EFE, DPA)<\/p>\n<\/p>\n<\/div>\n\n","protected":false},"excerpt":{"rendered":"<p>El expresidente surcoreano Yoon Suk-yeol fue puesto bajo custodia policial este jueves (10.07.2025) por segunda vez por varios cargos relacionados con el antes y el despu\u00e9s de su fallido intento de imponer la ley marcial en el pa\u00eds el pasado mes de diciembre. El juez Nam Se-jin, del Tribunal del Distrito Central de Se\u00fal, emiti\u00f3 &hellip;<\/p>\n","protected":false},"author":1,"featured_media":35308,"comment_status":"open","ping_status":"open","sticky":false,"template":"","format":"standard","meta":{"fifu_image_url":"https:\/\/static.dw.com\/image\/73185583_6.jpg","fifu_image_alt":"","footnotes":""},"categories":[13],"tags":[],"class_list":["post-35307","post","type-post","status-publish","format-standard","has-post-thumbnail","","category-mundo"],"_links":{"self":[{"href":"https:\/\/noticiasveraces.com\/index.php?rest_route=\/wp\/v2\/posts\/35307","targetHints":{"allow":["GET"]}}],"collection":[{"href":"https:\/\/noticiasveraces.com\/index.php?rest_route=\/wp\/v2\/posts"}],"about":[{"href":"https:\/\/noticiasveraces.com\/index.php?rest_route=\/wp\/v2\/types\/post"}],"author":[{"embeddable":true,"href":"https:\/\/noticiasveraces.com\/index.php?rest_route=\/wp\/v2\/users\/1"}],"replies":[{"embeddable":true,"href":"https:\/\/noticiasveraces.com\/index.php?rest_route=%2Fwp%2Fv2%2Fcomments&post=35307"}],"version-history":[{"count":0,"href":"https:\/\/noticiasveraces.com\/index.php?rest_route=\/wp\/v2\/posts\/35307\/revisions"}],"wp:featuredmedia":[{"embeddable":true,"href":"https:\/\/noticiasveraces.com\/index.php?rest_route=\/wp\/v2\/media\/35308"}],"wp:attachment":[{"href":"https:\/\/noticiasveraces.com\/index.php?rest_route=%2Fwp%2Fv2%2Fmedia&parent=35307"}],"wp:term":[{"taxonomy":"category","embeddable":true,"href":"https:\/\/noticiasveraces.com\/index.php?rest_route=%2Fwp%2Fv2%2Fcategories&post=35307"},{"taxonomy":"post_tag","embeddable":true,"href":"https:\/\/noticiasveraces.com\/index.php?rest_route=%2Fwp%2Fv2%2Ftags&post=35307"}],"curies":[{"name":"wp","href":"https:\/\/api.w.org\/{rel}","templated":true}]}}