{"id":35283,"date":"2025-07-09T22:18:32","date_gmt":"2025-07-10T02:18:32","guid":{"rendered":"https:\/\/noticiasveraces.com\/?p=35283"},"modified":"2025-07-09T22:18:32","modified_gmt":"2025-07-10T02:18:32","slug":"la-nueva-y-conmovedora-pelicula-de-andrea-bocelli-obtiene-fecha-de-lanzamiento-cinematografica-musica-entretenimiento","status":"publish","type":"post","link":"https:\/\/noticiasveraces.com\/?p=35283","title":{"rendered":"La nueva y conmovedora pel\u00edcula de Andrea Bocelli obtiene fecha de lanzamiento cinematogr\u00e1fica | M\u00fasica | Entretenimiento"},"content":{"rendered":"<p> \n<\/p>\n<div>\n<p>El tenor italiano ha estado recorriendo el mundo como de costumbre este a\u00f1o y ha anunciado hoy el lanzamiento sin precedentes de un documental cinematogr\u00e1fico sobre su vida.<\/p>\n<p>Andrea Bocelli: Debido a que creo que es una \u00abpel\u00edcula bellamente dise\u00f1ada que ofrece una rara vista detr\u00e1s de escena de la vida de uno de los mejores cantantes del mundo. Mezcla de im\u00e1genes de archivo y entrevistas con momentos sinceros y sinceros de la pared, la pel\u00edcula traza el viaje de una voz que ha trasladado millones de millones, desde comienzos humildes hasta espect\u00e1culos vendidos en todo el mundo.<\/p>\n<p>\u00abCon el acceso sin precedentes a la vida del tenor c\u00e9lebre, la directora Cosima Spender sigui\u00f3 a Andrea Bocelli m\u00e1s all\u00e1 de las luces de los pies para revelar a un artista intransigente y un hombre de familia dedicado con una valiente pasi\u00f3n por la vida, y por primera vez permitiendo que Bocelli cuente a su propia historia en sus propias palabras. Pel\u00edcula inspiradora para que sus fan\u00e1ticos se unan y disfruten en la pantalla grande \u00ab.<\/p>\n<\/div>\n<div>\n<p>El propio Bocelli se burl\u00f3: \u201cLa raz\u00f3n por la que recib\u00ed con entusiasmo y gratitud, la propuesta de capturar toda mi vida en el cine de Cosima, en su totalidad, sin filtros, se refleja en el t\u00edtulo mismo del documental: porque creo. Creo en las personas, en la vida y en nuestro padre celestial que se lo dio a nosotros. Creo en el poder de amor, la fuerza que se mueve el mundo, un mundo, un amor, me ha hecho la vida y me dio la vida y me dio la vida y me dio la vida y me dio la vida y me dio la vida. es por el bien de este mensaje, del cual permanezco pero un modesto mensajero, que espero que se vea esta pel\u00edcula \u201d.<\/p>\n<p><em><strong data-mce-linkchecker-status=\"valid\">Andrea Bocelli: Porque creo que llega a los cines el 21 de septiembre y las entradas salen a la venta a partir del 16 de julio aqu\u00ed.<\/strong><\/em><\/p>\n<\/div>\n\n","protected":false},"excerpt":{"rendered":"<p>El tenor italiano ha estado recorriendo el mundo como de costumbre este a\u00f1o y ha anunciado hoy el lanzamiento sin precedentes de un documental cinematogr\u00e1fico sobre su vida. Andrea Bocelli: Debido a que creo que es una \u00abpel\u00edcula bellamente dise\u00f1ada que ofrece una rara vista detr\u00e1s de escena de la vida de uno de los &hellip;<\/p>\n","protected":false},"author":1,"featured_media":35284,"comment_status":"open","ping_status":"open","sticky":false,"template":"","format":"standard","meta":{"fifu_image_url":"https:\/\/cdn.images.express.co.uk\/img\/dynamic\/35\/1200x630\/6284550.jpg","fifu_image_alt":"","footnotes":""},"categories":[765],"tags":[],"class_list":["post-35283","post","type-post","status-publish","format-standard","has-post-thumbnail","","category-peliculas"],"_links":{"self":[{"href":"https:\/\/noticiasveraces.com\/index.php?rest_route=\/wp\/v2\/posts\/35283","targetHints":{"allow":["GET"]}}],"collection":[{"href":"https:\/\/noticiasveraces.com\/index.php?rest_route=\/wp\/v2\/posts"}],"about":[{"href":"https:\/\/noticiasveraces.com\/index.php?rest_route=\/wp\/v2\/types\/post"}],"author":[{"embeddable":true,"href":"https:\/\/noticiasveraces.com\/index.php?rest_route=\/wp\/v2\/users\/1"}],"replies":[{"embeddable":true,"href":"https:\/\/noticiasveraces.com\/index.php?rest_route=%2Fwp%2Fv2%2Fcomments&post=35283"}],"version-history":[{"count":0,"href":"https:\/\/noticiasveraces.com\/index.php?rest_route=\/wp\/v2\/posts\/35283\/revisions"}],"wp:featuredmedia":[{"embeddable":true,"href":"https:\/\/noticiasveraces.com\/index.php?rest_route=\/wp\/v2\/media\/35284"}],"wp:attachment":[{"href":"https:\/\/noticiasveraces.com\/index.php?rest_route=%2Fwp%2Fv2%2Fmedia&parent=35283"}],"wp:term":[{"taxonomy":"category","embeddable":true,"href":"https:\/\/noticiasveraces.com\/index.php?rest_route=%2Fwp%2Fv2%2Fcategories&post=35283"},{"taxonomy":"post_tag","embeddable":true,"href":"https:\/\/noticiasveraces.com\/index.php?rest_route=%2Fwp%2Fv2%2Ftags&post=35283"}],"curies":[{"name":"wp","href":"https:\/\/api.w.org\/{rel}","templated":true}]}}