{"id":35260,"date":"2025-07-09T19:25:15","date_gmt":"2025-07-09T23:25:15","guid":{"rendered":"https:\/\/noticiasveraces.com\/?p=35260"},"modified":"2025-07-09T19:25:15","modified_gmt":"2025-07-09T23:25:15","slug":"rubio-impone-sanciones-a-los-reporteros-de-la-onu-sobre-la-campana-anti-israel","status":"publish","type":"post","link":"https:\/\/noticiasveraces.com\/?p=35260","title":{"rendered":"Rubio impone sanciones a los reporteros de la ONU sobre la campa\u00f1a anti-Israel"},"content":{"rendered":"<p> \n<\/p>\n<div>\n<div id=\"beyondwords-wrapper\" class=\"beyondwords-wrapper\">\n<p><span class=\"label-bg\">NUEVO<\/span>\u00a1Ahora puedes escuchar art\u00edculos de Fox News!\n  <\/p>\n<\/div>\n<p class=\"speakable\">Los guantes para ni\u00f1os de la era Biden est\u00e1n apagados.<\/p>\n<p class=\"speakable\">El mi\u00e9rcoles, el Secretario de Estado Marco Rubio anunci\u00f3 que Estados Unidos est\u00e1 imponiendo sanciones a Francesca Albanese, el controvertido relator especial de las Naciones Unidas (ONU) sobre los derechos palestinos.<\/p>\n<p>\u00abLa campa\u00f1a de guerra pol\u00edtica y econ\u00f3mica de Albanese contra Estados Unidos e Israel ya no ser\u00e1 tolerada\u00bb, public\u00f3 Rubio en X. \u00abSiempre apoyaremos a nuestros socios en su derecho a la defensa propia\u00bb.<\/p>\n<p>Albanese ha presionado a los funcionarios estadounidenses e israel\u00edes ante el Tribunal Penal Internacional (ICC), provocando indignaci\u00f3n de legisladores, diplom\u00e1ticos y defensores de los derechos humanos por igual.<\/p>\n<p><strong>Informe de la ONU dirigido a la reacci\u00f3n violenta de Israel Sparks, autora acusada de sobrepasar su mandato<\/strong><\/p>\n<p>En m\u00faltiples informes y comentarios p\u00fablicos desde su nombramiento de 2022, Albanese acus\u00f3 a Israel de apartheid y desestim\u00f3 la violencia de Hamas como \u00abno sorprendente\u00bb. Seg\u00fan su informe de julio de 2025 al Consejo de Derechos Humanos de la ONU, Albanese afirm\u00f3 que Estados Unidos puede ser \u00abresponsable del delito internacional de agresi\u00f3n\u00bb por los ataques del presidente Trump en tres sitios nucleares iran\u00edes.<\/p>\n<p>Albanese tambi\u00e9n ha apuntado a las compa\u00f1\u00edas estadounidenses que suministran tecnolog\u00edas de defensa a Israel, lo que sugiere que deber\u00edan enfrentar consecuencias legales para \u00abayudar e incitar\u00bb los supuestos delitos. En un puesto de 2022 ahora eliminado, ella cuestion\u00f3 si \u00abel lobby jud\u00edo\u00bb controlaba la pol\u00edtica exterior de los Estados Unidos, un comentario que luego se retract\u00f3 en medio de las cr\u00edticas de que defend\u00eda el antisemitismo.<\/p>\n<p>\u00abEl Departamento de Estado debe ser felicitado por finalmente tomar medidas contra Albanese, su antisemitismo virulento y violento y sus constantes ataques contra los Estados Unidos, las empresas estadounidenses y la existencia misma del Estado de Israel\u00bb, dijo Anne Bayefsky, presidenta de voces de los derechos humanos, en una declaraci\u00f3n exclusiva a Fox News Digital. <\/p>\n<p>\u00abAlbanese plantea una amenaza directa para el bienestar y la seguridad de los ciudadanos estadounidenses, sin mencionar su total desprecio por los fines y principios te\u00f3ricos de las Naciones Unidas, y como tal, Estados Unidos no est\u00e1 obligado a admitirla. La orden ejecutiva del presidente Trump requiere acciones sobre los actores internacionales que se inclinan en la bayo de los estadounidenses e israel\u00edes a los criminales internacionales en la bay de la baysky.<\/p>\n<p><strong>El experto en la ONU repite las afirmaciones de Israel &#8216;Genocidio&#8217; despu\u00e9s de que nos pidamos su remoci\u00f3n<\/strong> <\/p>\n<div class=\"image-ct inline\">\n<div class=\"m\"><picture><source media=\"(max-width: 767px)\" srcset=\"https:\/\/a57.foxnews.com\/static.foxnews.com\/foxnews.com\/content\/uploads\/2025\/04\/343\/192\/francesca-albanese-1.jpg?ve=1&amp;tl=1, https:\/\/a57.foxnews.com\/static.foxnews.com\/foxnews.com\/content\/uploads\/2025\/04\/686\/384\/francesca-albanese-1.jpg?ve=1&amp;tl=1 2x\" height=\"192\" width=\"343\"><source media=\"(min-width: 768px) and (max-width: 1023px)\" srcset=\"https:\/\/a57.foxnews.com\/static.foxnews.com\/foxnews.com\/content\/uploads\/2025\/04\/672\/378\/francesca-albanese-1.jpg?ve=1&amp;tl=1, https:\/\/a57.foxnews.com\/static.foxnews.com\/foxnews.com\/content\/uploads\/2025\/04\/1344\/756\/francesca-albanese-1.jpg?ve=1&amp;tl=1 2x\" height=\"378\" width=\"672\"><source media=\"(min-width: 1024px) and (max-width: 1279px)\" srcset=\"https:\/\/a57.foxnews.com\/static.foxnews.com\/foxnews.com\/content\/uploads\/2025\/04\/931\/523\/francesca-albanese-1.jpg?ve=1&amp;tl=1, https:\/\/a57.foxnews.com\/static.foxnews.com\/foxnews.com\/content\/uploads\/2025\/04\/1862\/1046\/francesca-albanese-1.jpg?ve=1&amp;tl=1 2x\" height=\"523\" width=\"931\"><source media=\"(min-width: 1280px)\" srcset=\"https:\/\/a57.foxnews.com\/static.foxnews.com\/foxnews.com\/content\/uploads\/2025\/04\/720\/405\/francesca-albanese-1.jpg?ve=1&amp;tl=1, https:\/\/a57.foxnews.com\/static.foxnews.com\/foxnews.com\/content\/uploads\/2025\/04\/1440\/810\/francesca-albanese-1.jpg?ve=1&amp;tl=1 2x\" height=\"405\" width=\"720\"><img loading=\"lazy\" decoding=\"async\" src=\"https:\/\/a57.foxnews.com\/static.foxnews.com\/foxnews.com\/content\/uploads\/2025\/04\/1200\/675\/francesca-albanese-1.jpg?ve=1&amp;tl=1\" alt=\"Francesca Albanese hablando\" width=\"1200\" height=\"675\"\/><\/source><\/source><\/source><\/source><\/picture><\/div>\n<div class=\"info\">\n<div class=\"caption\">\n<p><span>Relator especial sobre la situaci\u00f3n de los derechos humanos en el territorio palestino ocupado, Francesca Albanese, habla durante una conferencia de prensa en la sede europea de la ONU en Ginebra, Suiza, 11 de diciembre de 2024.<\/span> <span>(Reuters\/Pierre Albouy)<\/span><\/p>\n<\/div>\n<\/div>\n<\/div>\n<p>\u00abAgregue Navi Pillay y su Comisi\u00f3n de Investigaci\u00f3n de la ONU diab\u00f3lica. Hay una respuesta para aquellos que argumentan incorrectamente que Estados Unidos es impotente frente al Acuerdo de Anfitri\u00f3n de los Estados Unidos y Galtaci\u00f3n de la ONU junto con Albanese y sus socios de la ONU en el crimen\u00bb, concluy\u00f3 el comunicado.<\/p>\n<p>Los l\u00edderes israel\u00edes r\u00e1pidamente respaldaron la mudanza de Rubio. \u00abUn mensaje claro. \u00a1Tiempo para que la ONU preste atenci\u00f3n!\u00bb El ministro de Relaciones Exteriores, Gideon Sa&#8217;ar, public\u00f3 en respuesta.<\/p>\n<div class=\"image-ct inline\">\n<div class=\"m\"><picture><source media=\"(max-width: 767px)\" srcset=\"https:\/\/a57.foxnews.com\/static.foxnews.com\/foxnews.com\/content\/uploads\/2025\/07\/343\/192\/gettyimages-2222131426.jpg?ve=1&amp;tl=1, https:\/\/a57.foxnews.com\/static.foxnews.com\/foxnews.com\/content\/uploads\/2025\/07\/686\/384\/gettyimages-2222131426.jpg?ve=1&amp;tl=1 2x\" height=\"192\" width=\"343\"><source media=\"(min-width: 768px) and (max-width: 1023px)\" srcset=\"https:\/\/a57.foxnews.com\/static.foxnews.com\/foxnews.com\/content\/uploads\/2025\/07\/672\/378\/gettyimages-2222131426.jpg?ve=1&amp;tl=1, https:\/\/a57.foxnews.com\/static.foxnews.com\/foxnews.com\/content\/uploads\/2025\/07\/1344\/756\/gettyimages-2222131426.jpg?ve=1&amp;tl=1 2x\" height=\"378\" width=\"672\"><source media=\"(min-width: 1024px) and (max-width: 1279px)\" srcset=\"https:\/\/a57.foxnews.com\/static.foxnews.com\/foxnews.com\/content\/uploads\/2025\/07\/931\/523\/gettyimages-2222131426.jpg?ve=1&amp;tl=1, https:\/\/a57.foxnews.com\/static.foxnews.com\/foxnews.com\/content\/uploads\/2025\/07\/1862\/1046\/gettyimages-2222131426.jpg?ve=1&amp;tl=1 2x\" height=\"523\" width=\"931\"><source media=\"(min-width: 1280px)\" srcset=\"https:\/\/a57.foxnews.com\/static.foxnews.com\/foxnews.com\/content\/uploads\/2025\/07\/720\/405\/gettyimages-2222131426.jpg?ve=1&amp;tl=1, https:\/\/a57.foxnews.com\/static.foxnews.com\/foxnews.com\/content\/uploads\/2025\/07\/1440\/810\/gettyimages-2222131426.jpg?ve=1&amp;tl=1 2x\" height=\"405\" width=\"720\"><img loading=\"lazy\" decoding=\"async\" src=\"https:\/\/a57.foxnews.com\/static.foxnews.com\/foxnews.com\/content\/uploads\/2025\/07\/1200\/675\/gettyimages-2222131426.jpg?ve=1&amp;tl=1\" alt=\"Unator en los territorios palestinos, Francesca Albanese\" width=\"1200\" height=\"675\"\/><\/source><\/source><\/source><\/source><\/picture><\/div>\n<div class=\"info\">\n<div class=\"caption\">\n<p><span>El relativo de la ONU en los territorios palestinos, Francesca Albanese, habla durante la Gala de los Premios Publicaci\u00f3n 2025, en Caixeforum Madrid, el 25 de junio de 2025.<\/span> <span>(Matias Chiofalo\/Europa Press a trav\u00e9s de Getty Images)<\/span><\/p>\n<\/div>\n<\/div>\n<\/div>\n<p>El embajador de la ONU de Israel, Danny Danon, tambi\u00e9n intervino en el puesto de Jerusal\u00e9n: \u00abAlbanese socava constantemente la credibilidad de la ONU al promover narrativas falsas y peligrosas &#8230; no permaneceremos en silencio\u00bb.<\/p>\n<p>Hillel Neuer, Executive Director of UN Watch, weighed in with a statement to Fox News Digital, writing: \u00abThis is a bold and courageous move by Secretary Rubio. No UN official \u2014 in this case, a purported official, as her reappointment was illegal \u2014 has ever been sanctioned before in history. Then again, no UN official has ever been condemned for Holocaust distortion and antisemitism by France, Germany, Canada, and both Democratic and Republican US administraciones \u00ab.<\/p>\n<p>\u00abNunca m\u00e1s extendi\u00f3 su veneno en los campus estadounidenses o entrar\u00e1 en el pa\u00eds. Se sirve justicia. Los buenos triunfas sobre el mal\u00bb.<\/p>\n<p>Fox News Digital contact\u00f3 a la ONU para hacer comentarios sobre las sanciones contra Albanese, pero no recibi\u00f3 inmediatamente una respuesta. <\/p>\n<p><strong>Haga clic aqu\u00ed para obtener la aplicaci\u00f3n Fox News<\/strong><\/p>\n<p>El Departamento de Estado se refiri\u00f3 a Fox News Digital al Secretario Rubio el 9 X de julio cuando se le pidi\u00f3 comentarios.<\/p>\n<p> <!----> <\/div>\n\n","protected":false},"excerpt":{"rendered":"<p>NUEVO\u00a1Ahora puedes escuchar art\u00edculos de Fox News! Los guantes para ni\u00f1os de la era Biden est\u00e1n apagados. El mi\u00e9rcoles, el Secretario de Estado Marco Rubio anunci\u00f3 que Estados Unidos est\u00e1 imponiendo sanciones a Francesca Albanese, el controvertido relator especial de las Naciones Unidas (ONU) sobre los derechos palestinos. \u00abLa campa\u00f1a de guerra pol\u00edtica y econ\u00f3mica &hellip;<\/p>\n","protected":false},"author":1,"featured_media":35262,"comment_status":"open","ping_status":"open","sticky":false,"template":"","format":"standard","meta":{"fifu_image_url":"https:\/\/static.foxnews.com\/foxnews.com\/content\/uploads\/2025\/07\/rubio-albanese.jpg","fifu_image_alt":"","footnotes":""},"categories":[13],"tags":[],"class_list":["post-35260","post","type-post","status-publish","format-standard","has-post-thumbnail","","category-mundo"],"_links":{"self":[{"href":"https:\/\/noticiasveraces.com\/index.php?rest_route=\/wp\/v2\/posts\/35260","targetHints":{"allow":["GET"]}}],"collection":[{"href":"https:\/\/noticiasveraces.com\/index.php?rest_route=\/wp\/v2\/posts"}],"about":[{"href":"https:\/\/noticiasveraces.com\/index.php?rest_route=\/wp\/v2\/types\/post"}],"author":[{"embeddable":true,"href":"https:\/\/noticiasveraces.com\/index.php?rest_route=\/wp\/v2\/users\/1"}],"replies":[{"embeddable":true,"href":"https:\/\/noticiasveraces.com\/index.php?rest_route=%2Fwp%2Fv2%2Fcomments&post=35260"}],"version-history":[{"count":0,"href":"https:\/\/noticiasveraces.com\/index.php?rest_route=\/wp\/v2\/posts\/35260\/revisions"}],"wp:featuredmedia":[{"embeddable":true,"href":"https:\/\/noticiasveraces.com\/index.php?rest_route=\/wp\/v2\/media\/35262"}],"wp:attachment":[{"href":"https:\/\/noticiasveraces.com\/index.php?rest_route=%2Fwp%2Fv2%2Fmedia&parent=35260"}],"wp:term":[{"taxonomy":"category","embeddable":true,"href":"https:\/\/noticiasveraces.com\/index.php?rest_route=%2Fwp%2Fv2%2Fcategories&post=35260"},{"taxonomy":"post_tag","embeddable":true,"href":"https:\/\/noticiasveraces.com\/index.php?rest_route=%2Fwp%2Fv2%2Ftags&post=35260"}],"curies":[{"name":"wp","href":"https:\/\/api.w.org\/{rel}","templated":true}]}}